{"id":976,"date":"2016-02-20T09:46:50","date_gmt":"2016-02-20T09:46:50","guid":{"rendered":"http:\/\/nowa.swmikolaj.org\/?p=976"},"modified":"2020-04-09T10:44:07","modified_gmt":"2020-04-09T10:44:07","slug":"ogloszeniaduszpasterskie2016-02-21","status":"publish","type":"post","link":"https:\/\/swmikolaj.org\/index.php\/2016\/02\/20\/ogloszeniaduszpasterskie2016-02-21\/","title":{"rendered":"Og\u0142oszenia duszpasterskie \u2013 2016.02.21"},"content":{"rendered":"<p class=\"MsoListParagraphCxSpFirst\" style=\"margin: 0cm 0cm 0.0001pt 17.85pt; text-align: justify; text-indent: -17.85pt;\"><!-- [if !supportLists]-->1.\u00a0\u00a0\u00a0\u00a0\u00a0 Nabo\u017ce\u0144stwa pasyjne sprawowa\u0107 b\u0119dziemy w nast\u0119puj\u0105cym porz\u0105dku:<\/p>\n<p>a.\u00a0Nabo\u017ce\u0144stwa Drogi Krzy\u017cowej b\u0119d\u0105 w pi\u0105tki:<\/p>\n<p>&#8211; dla wszystkich wiernych o 8:30 i 17:45,<\/p>\n<p>&#8211; dla dzieci o 17:00,<\/p>\n<p>&#8211; dla m\u0142odzie\u017cy i wszystkich, kt\u00f3rzy nie zd\u0105\u017c\u0105 wcze\u015bniej o 19:30 w g\u00f3rnym ko\u015bciele<\/p>\n<p>b.\u00a0Nabo\u017ce\u0144stwo Gorzkich \u017bali w niedziel\u0119 o 17:30.<\/p>\n<p>c. Jutrznia, czyli poranna modlitwa Ko\u015bcio\u0142a, w dni powszednie o 5:30 w domu parafialnym.<\/p>\n<p>2.\u00a0\u00a0\u00a0\u00a0\u00a0 M\u0142odzie\u017c zapraszamy na Msz\u0119 \u015bw. o 10:30 w dolnym ko\u015bciele w przysz\u0142\u0105 niedziel\u0119, 28 lutego.<\/p>\n<p><!--more--><\/p>\n<p>3.\u00a0\u00a0\u00a0\u00a0\u00a0 Gdy\u0144ska Szko\u0142a Wiary zaprasza cz\u0142onk\u00f3w \u017bywego R\u00f3\u017ca\u0144ca i wszystkich, kt\u00f3rzy podj\u0119li formacje na podstawie ksi\u0105\u017cek \u201eSeminarium Odnowy Wiary\u201d i \u201eSzko\u0142a Modlitwy\u201d, na spotkanie dzisiaj o 15:45 w domu parafialnym.<\/p>\n<p>4.\u00a0\u00a0\u00a0\u00a0\u00a0 Parafialne rekolekcje wielkopostne odb\u0119d\u0105 si\u0119 w naszej w dniach od 13 do 16 marca i poprowadzi je ks. Bart\u0142omiej Przybylski, salezjanin. Szczeg\u00f3\u0142owy plan podamy w p\u00f3\u017aniejszym terminie.<\/p>\n<p>5.\u00a0\u00a0\u00a0\u00a0\u00a0 Zapraszamy na kolejn\u0105 nocn\u0105 adoracj\u0119 z soboty na niedziel\u0119, z 27 na 28 luty. Lista na t\u0119 adoracj\u0119 b\u0119dzie wy\u0142o\u017cona w przedsionku dolnego ko\u015bcio\u0142a. Rozpocz\u0119cie w sobot\u0119 o 21:30.<\/p>\n<p>6.\u00a0\u00a0\u00a0\u00a0\u00a0 Spotkanie Apostolatu Maryjnego, czyli Stowarzyszenia Cudownego Medalika odb\u0119dzie si\u0119 we wtorek, 23 lutego o 16:30 w bibliotece parafialnej.<\/p>\n<p>7.\u00a0\u00a0\u00a0\u00a0\u00a0 Czcicieli Mi\u0142osierdzia Bo\u017cego serdecznie zapraszamy na spotkanie w pi\u0105tek, 26 lutego o 15:30 w bibliotece parafialnej.<\/p>\n<p>8.\u00a0\u00a0\u00a0\u00a0\u00a0 Zapraszamy singli na Msz\u0119 w intencji o dobr\u0105 \u017con\u0119 i dobrego m\u0119\u017ca w niedziel\u0119 28 lutego na godzin\u0119 18:30. Po Mszy spotkanie w domu parafialnym z wieloletnimi animatorami spotka\u0144 ma\u0142\u017ce\u0144skich i kurs\u00f3w dla narzeczonych prowadzonych przez pa\u0144stwa Mari\u0119 i Janusza D\u0142ugo\u0144skich. Temat spotkania: \u201eCo jest najistotniejsze w rozeznawaniu wyboru osoby na wsp\u00f3\u0142ma\u0142\u017conka.\u201d<\/p>\n<p>9.\u00a0\u00a0\u00a0\u00a0\u00a0 Kurs pisania ikon rozpocznie si\u0119 w naszym domu parafialnym w marcu. Spotkanie organizacyjne b\u0119dzie 3 marca (czwartek) o 17:00 w sali nr 11, w domu parafialnym. Kurs poprowadzi Anna Kinowska, ikonopisarka. Szczeg\u00f3\u0142owe informacje i zapisy tel. 602-430-032, e-mail: bardzoprosze.ikony@gmail.com<\/p>\n<p>10.\u00a0 Po raz czwarty organizujemy D\u0142ugodystansow\u0105 Drog\u0119 Krzy\u017cow\u0105 z Chyloni do Wejherowa w sobot\u0119,\u00a0 19 marca. Rozpocz\u0119cie o 4 rano w dolnym ko\u015bciele. Zapisy w biurze parafialnym.<\/p>\n<p>11.\u00a0 Zapraszamy do wzi\u0119cia udzia\u0142u w Drodze Krzy\u017cowej na Kalwarii Wejherowskiej w pi\u0105tek, 26 lutego. Wyjazd autokarem spod ko\u015bcio\u0142a o godz. 14.00; przewidywany powr\u00f3t ok. 19.30. Koszt wyjazdu 15 z\u0142. Zapisy w biurze parafialnym.<\/p>\n<p>12.\u00a0 Ks. Tadeusz Balicki organizuje pielgrzymk\u0119 do \u0141agiewnik i Cz\u0119stochowy w terminie od 29 kwietnia do 1 maja. Koszt 300 z\u0142. Zapisy w biurze parafialnym.<\/p>\n<p>13.\u00a0 Rodzic\u00f3w dzieci pierwszokomunijnych informujemy, i\u017c od 29 lutego zak\u0142ad krawiecki szyj\u0105cy alby zostanie przeniesiony na ul. Chylo\u0144sk\u0105 67 (obok punktu pocztowego).<\/p>\n<p>14.\u00a0 Zach\u0119camy do podarowania 1% podatku na rzecz naszego Stow. \u015aw. Miko\u0142aja Biskupa. KRS 0000343609. W najbli\u017cszy czwartek w biurze parafialnym b\u0119dzie mo\u017cna uzyska\u0107 pomoc w wype\u0142nieniu deklaracji podatkowej.<\/p>\n<p>15.\u00a0 Prze\u017cywamy dzi\u015b Dzie\u0144 Modlitwy, Postu i Solidarno\u015bci z misjonarzami. Papie\u017c Franciszek przypomnia\u0142 nam, \u017ce: \u201eMisje to pasja, kt\u00f3r\u0105 \u017cywimy wobec Jezusa i wobec ludzi\u201d, stad dzisiejsza kwesta po Mszy \u015bw. przeznaczona jest na wsparcie pracy polski misjonarzy. Tylko w ubieg\u0142ym roku, dzi\u0119ki ofiarno\u015bci Polak\u00f3w mo\u017cna by\u0142o zrealizowa\u0107 220 projekt\u00f3w ewangelizacyjnych, medycznych, edukacyjnych i charytatywnych na misjach w najbiedniejszych krajach \u015bwiata.<\/p>\n<p align=\"center\">Spo\u015br\u00f3d parafian w minionych dniach zmarli:<\/p>\n<p align=\"center\">+ Barbara Janusiewicz, lat 76; + Teofil Chy\u0142a, lat 65;<\/p>\n<p align=\"center\">+ Stanis\u0142aw Las, lat 83; + Franciszek Sommer, lat 80; + J\u00f3zef Dratwi\u0144ski, lat 94;<\/p>\n","protected":false},"excerpt":{"rendered":"<p>1.\u00a0\u00a0\u00a0\u00a0\u00a0 Nabo\u017ce\u0144stwa pasyjne sprawowa\u0107 b\u0119dziemy w nast\u0119puj\u0105cym porz\u0105dku: a.\u00a0Nabo\u017ce\u0144stwa Drogi Krzy\u017cowej b\u0119d\u0105 w pi\u0105tki: &#8211; dla wszystkich wiernych o 8:30 i 17:45, &#8211; dla dzieci o 17:00, &#8211; dla m\u0142odzie\u017cy i wszystkich, kt\u00f3rzy nie zd\u0105\u017c\u0105 wcze\u015bniej o 19:30 w g\u00f3rnym ko\u015bciele b.\u00a0Nabo\u017ce\u0144stwo Gorzkich \u017bali w niedziel\u0119 o 17:30. c. Jutrznia, czyli poranna modlitwa Ko\u015bcio\u0142a, w [&hellip;]<\/p>\n","protected":false},"author":6,"featured_media":0,"comment_status":"closed","ping_status":"closed","sticky":false,"template":"","format":"standard","meta":{"footnotes":""},"categories":[8,12],"tags":[],"publishpress_future_action":{"enabled":false,"date":"1970-01-01 01:00:00","action":"","terms":[],"taxonomy":"","browser_timezone_offset":0},"_links":{"self":[{"href":"https:\/\/swmikolaj.org\/index.php\/wp-json\/wp\/v2\/posts\/976"}],"collection":[{"href":"https:\/\/swmikolaj.org\/index.php\/wp-json\/wp\/v2\/posts"}],"about":[{"href":"https:\/\/swmikolaj.org\/index.php\/wp-json\/wp\/v2\/types\/post"}],"author":[{"embeddable":true,"href":"https:\/\/swmikolaj.org\/index.php\/wp-json\/wp\/v2\/users\/6"}],"replies":[{"embeddable":true,"href":"https:\/\/swmikolaj.org\/index.php\/wp-json\/wp\/v2\/comments?post=976"}],"version-history":[{"count":1,"href":"https:\/\/swmikolaj.org\/index.php\/wp-json\/wp\/v2\/posts\/976\/revisions"}],"predecessor-version":[{"id":3103,"href":"https:\/\/swmikolaj.org\/index.php\/wp-json\/wp\/v2\/posts\/976\/revisions\/3103"}],"wp:attachment":[{"href":"https:\/\/swmikolaj.org\/index.php\/wp-json\/wp\/v2\/media?parent=976"}],"wp:term":[{"taxonomy":"category","embeddable":true,"href":"https:\/\/swmikolaj.org\/index.php\/wp-json\/wp\/v2\/categories?post=976"},{"taxonomy":"post_tag","embeddable":true,"href":"https:\/\/swmikolaj.org\/index.php\/wp-json\/wp\/v2\/tags?post=976"}],"curies":[{"name":"wp","href":"https:\/\/api.w.org\/{rel}","templated":true}]}}