{"id":9686,"date":"2022-04-01T11:17:16","date_gmt":"2022-04-01T10:17:16","guid":{"rendered":"https:\/\/swmikolaj.org\/?p=9686"},"modified":"2022-04-01T11:17:17","modified_gmt":"2022-04-01T10:17:17","slug":"intencje-mszy-swietych-28-03-03-04-2022","status":"publish","type":"post","link":"https:\/\/swmikolaj.org\/index.php\/2022\/04\/01\/intencje-mszy-swietych-28-03-03-04-2022\/","title":{"rendered":"INTENCJE MSZY \u015aWI\u0118TYCH 28\/03 &#8211; 03\/04\/2022"},"content":{"rendered":"<table width=\"647\">\n<tbody>\n<tr>\n<td colspan=\"2\" width=\"647\"><strong>28\/03\/2022 Poniedzia\u0142ek<\/strong><\/td>\n<\/tr>\n<tr>\n<td width=\"85\"><strong>08:00<\/strong><\/td>\n<td width=\"562\">1.\u00a0\u00a0\u00a0\u00a0\u00a0 Dzi\u0119kczynno-b\u0142agalna w 95 rocz. urodzin Bogumi\u0142y, podzi\u0119kowanie za opiek\u0119 Matki Bo\u017cej z pro\u015bb\u0105 o dalsze potrzebne \u0142aski dla Jubilatki, dzieci, wnuk\u00f3w i prawnuk\u00f3w<\/p>\n<p>2.\u00a0\u00a0\u00a0\u00a0\u00a0 + M\u0105\u017c J\u00f3zef \u017bygowski w 23 rocz. \u015bmierci oraz rodzice z obojga stron, dziadkowie, brat Jan i Siostra Krystyna<\/p>\n<p>3.\u00a0\u00a0\u00a0\u00a0\u00a0 + Krzysztof Kura\u015b &#8211; gregoria\u0144ska<\/td>\n<\/tr>\n<tr>\n<td width=\"85\"><strong>18:30<\/strong><\/td>\n<td width=\"562\">1.\u00a0\u00a0\u00a0\u00a0\u00a0 + Maria i Jan Zawada oraz Ludwika i Ignacy Piotrowscy<\/p>\n<p>2.\u00a0\u00a0\u00a0\u00a0\u00a0 + Zygmunt, Ryszard, Janina, Marian oraz zmarli z rodzin Neumiller, Wro\u0144skich i Marcjaniuk<\/p>\n<p>3.\u00a0\u00a0\u00a0\u00a0\u00a0 + Jaros\u0142aw Kijewski &#8211; gregoria\u0144ska<\/td>\n<\/tr>\n<tr>\n<td colspan=\"2\" width=\"647\"><strong>29\/03\/2022 Wtorek<\/strong><\/td>\n<\/tr>\n<tr>\n<td width=\"85\"><strong>08:00<\/strong><\/td>\n<td width=\"562\">1.\u00a0\u00a0\u00a0\u00a0\u00a0 + Rodzice Bernadeta i Stanis\u0142aw, Zofia i Tadeusz oraz zmarli z rodziny Krefta i Treder<\/p>\n<p>2.\u00a0\u00a0\u00a0\u00a0\u00a0 + Krzysztof Kura\u015b &#8211; gregoria\u0144ska<\/td>\n<\/tr>\n<tr>\n<td width=\"85\"><strong>13:00<\/strong><\/td>\n<td width=\"562\">Pogrzeb: \u015bp. Beata Szyszka, lat 52<\/td>\n<\/tr>\n<tr>\n<td width=\"85\"><strong>18:30<\/strong><\/td>\n<td width=\"562\">1.\u00a0\u00a0\u00a0\u00a0\u00a0 Dzi\u0119kczynno-b\u0142agalna w intencji Iwony i Magdaleny z pro\u015bb\u0105 o potrzebne \u0142aski i dary Ducha \u015awi\u0119tego<\/p>\n<p>2.\u00a0\u00a0\u00a0\u00a0\u00a0 + Miros\u0142aw Jankowski<\/p>\n<p>3.\u00a0\u00a0\u00a0\u00a0\u00a0 + Jaros\u0142aw Kijewski &#8211; gregoria\u0144ska<\/td>\n<\/tr>\n<tr>\n<td colspan=\"2\" width=\"647\"><strong>30\/03\/2022 \u015aroda<\/strong><\/td>\n<\/tr>\n<tr>\n<td width=\"85\"><strong>08:00<\/strong><\/td>\n<td width=\"562\">1.\u00a0\u00a0\u00a0\u00a0\u00a0 + Monika i Kleofas<\/p>\n<p>2.\u00a0\u00a0\u00a0\u00a0\u00a0 + Karol Jask\u00f3lke w 11 rocz. \u015bmierci oraz Eugeniusz i Jerzy Szyma\u0144scy, 1 rocz. \u015bmierci Wanda Szyma\u0144ska<\/p>\n<p>3.\u00a0\u00a0\u00a0\u00a0\u00a0 + Edwin Kas &#8211; intencja od s\u0105siad\u00f3w z Chylo\u0144skiej 84\/86<\/td>\n<\/tr>\n<tr>\n<td width=\"85\"><strong>11:00<\/strong><\/td>\n<td width=\"562\">Pogrzeb: \u015bp. Marcin Nierzwicki, lat 41<\/td>\n<\/tr>\n<tr>\n<td width=\"85\"><strong>18:30<\/strong><\/td>\n<td width=\"562\">1.\u00a0\u00a0\u00a0\u00a0\u00a0 + Ludwika Repe\u0107, Irena Bisior i Joanna Zaremba oraz zmarli z r\u00f3\u017c r\u00f3\u017ca\u0144cowych rodzic\u00f3w modl\u0105cych si\u0119 za dzieci<\/p>\n<p>2.\u00a0\u00a0\u00a0\u00a0\u00a0 + Jaros\u0142aw Kijewski \u2013 gregoria\u0144ska<\/p>\n<p>3.\u00a0\u00a0\u00a0\u00a0\u00a0 + Krzysztof Kura\u015b &#8211; gregoria\u0144ska<\/td>\n<\/tr>\n<tr>\n<td colspan=\"2\" width=\"647\"><strong>31\/03\/2022 Czwartek<\/strong><\/td>\n<\/tr>\n<tr>\n<td width=\"85\"><strong>08:00<\/strong><\/td>\n<td width=\"562\">1.\u00a0\u00a0\u00a0\u00a0\u00a0 Dzi\u0119kczynno-b\u0142agalna w 70 rocz. urodzin Andrzeja z pro\u015bb\u0105 o Bo\u017ce b\u0142ogos\u0142awie\u0144stwo i opiek\u0119 Matki Bo\u017cej dla Jubilata i ca\u0142ej rodziny<\/p>\n<p>2.\u00a0\u00a0\u00a0\u00a0\u00a0 B\u0142agalna o wszelkie potrzebne \u0142aski, dar zdrowia i opiek\u0119 Matki Naj\u015bwi\u0119tszej dla Jolanty<\/p>\n<p>3.\u00a0\u00a0\u00a0\u00a0\u00a0 + Danuta<\/p>\n<p>4.\u00a0\u00a0\u00a0\u00a0\u00a0 + Jaros\u0142aw Kijewski &#8211; gregoria\u0144ska<\/td>\n<\/tr>\n<tr>\n<td width=\"85\"><strong>18:30<\/strong><\/td>\n<td width=\"562\">1.\u00a0\u00a0\u00a0\u00a0\u00a0 + Zbigniew Ciosa\u0144ski, Zbigniew Zygmuntowski, Tadeusz Sobczyk, Bo\u017cena Nierzwicka, Jadwiga Kazubowska, Irena Szel\u0105g, Zdzis\u0142aw Kornasz, Marek Kozakiewicz, Monika Wierzy\u0144ska, Jadwiga Konkol, Janina Dembek, Janina Szewczyk,\u00a0 Stanis\u0142aw Lalik, Jadwiga Gorze\u0144ska, J\u00f3zef Bazaczek, Halina Zi\u00f3\u0142kowska, Henryka W\u00f3jcik, Maria Stankiewicz, Piotr Jachimowicz<\/p>\n<p>2.\u00a0\u00a0\u00a0\u00a0\u00a0 + Krzysztof Kura\u015b &#8211; gregoria\u0144ska<\/td>\n<\/tr>\n<tr>\n<td colspan=\"2\" width=\"647\"><strong>01\/04\/2022 Pi\u0105tek<\/strong><\/td>\n<\/tr>\n<tr>\n<td width=\"85\"><strong>08:00<\/strong><\/td>\n<td width=\"562\">1.\u00a0\u00a0\u00a0\u00a0\u00a0 Dzi\u0119kczynno-b\u0142agalna z pro\u015bb\u0105 o Bo\u017ce b\u0142ogos\u0142awie\u0144stwo, dar zdrowia i opiek\u0119 Matki Bo\u017cej dla Marioli<\/p>\n<p>2.\u00a0\u00a0\u00a0\u00a0\u00a0 + Leszek Michalczewski i W\u0142adys\u0142aw Michalczewski oraz zmarli z rodziny<\/p>\n<p>3.\u00a0\u00a0\u00a0\u00a0\u00a0 + Krzysztof Kura\u015b &#8211; gregoria\u0144ska<\/td>\n<\/tr>\n<tr>\n<td width=\"85\"><strong>10:00<\/strong><\/td>\n<td width=\"562\">Pogrzeb: \u015bp. Antoni K\u0119delski, lat 73<\/td>\n<\/tr>\n<tr>\n<td width=\"85\"><strong>12:30<\/strong><\/td>\n<td width=\"562\">Pogrzeb: \u015bp. Henryk Wysocki, lat 84<\/td>\n<\/tr>\n<tr>\n<td width=\"85\"><strong>18:30<\/strong><\/td>\n<td width=\"562\">1.\u00a0\u00a0\u00a0\u00a0\u00a0 + Franciszka i Julian Brzoskowscy, Wanda, Kosmalska, Iwona, Gra\u017cyna, Ignacy Skrzypczy\u0144scy<\/p>\n<p>2.\u00a0\u00a0\u00a0\u00a0\u00a0 + M\u0105\u017c Ryszard, rodzice, bracia, bratanek, bratowe<\/p>\n<p>3.\u00a0\u00a0\u00a0\u00a0\u00a0 + Jaros\u0142aw Kijewski &#8211; gregoria\u0144ska<\/td>\n<\/tr>\n<tr>\n<td colspan=\"2\" width=\"647\"><strong>02\/04\/2022 Sobota<\/strong><\/td>\n<\/tr>\n<tr>\n<td width=\"85\"><strong>08:00<\/strong><\/td>\n<td width=\"562\">1.\u00a0\u00a0\u00a0\u00a0\u00a0 Dzi\u0119kczynno-b\u0142agalna w intencji III R\u00f3\u017cy \u017bywego R\u00f3\u017ca\u0144ca z pro\u015bb\u0105 o zdrowie, Bo\u017ce b\u0142ogos\u0142awie\u0144stwo i opiek\u0119 Matki Bo\u017cej dla cz\u0142onki\u0144 i ich rodzin oraz o \u017cycie wieczne dla zmar\u0142ych<\/p>\n<p>2.\u00a0\u00a0\u00a0\u00a0\u00a0 + Krystyna<\/p>\n<p>3.\u00a0\u00a0\u00a0\u00a0\u00a0 B\u0142agalna o szcz\u0119\u015bliwy por\u00f3d i wszelkie potrzebne \u0142aski i opiek\u0119 Matki Bo\u017cej dla wnuczki Moniki Sadkowskiej oraz dla rodziny Dmowskich i Sadkowskich<\/p>\n<p>4.\u00a0\u00a0\u00a0\u00a0\u00a0 + Ewa W\u00f3jcicka w 3 rocz. \u015bmierci<\/p>\n<p>5.\u00a0\u00a0\u00a0\u00a0\u00a0 + Jaros\u0142aw Kijewski &#8211; gregoria\u0144ska<\/td>\n<\/tr>\n<tr>\n<td width=\"85\"><strong>09:00<\/strong><\/td>\n<td width=\"562\">Pogrzeb: \u015bp. W\u0142adys\u0142aw Beker, lat 86<\/td>\n<\/tr>\n<tr>\n<td width=\"85\"><strong>13:00<\/strong><\/td>\n<td width=\"562\">Pogrzeb: \u015bp. Maria Nojman, lat 86<\/td>\n<\/tr>\n<tr>\n<td width=\"85\"><strong>18:30<\/strong><\/td>\n<td width=\"562\">+ Brat Czes\u0142aw w 1 rocz. \u015bmierci oraz rodzice i rodze\u0144stwo<\/td>\n<\/tr>\n<tr>\n<td colspan=\"2\" width=\"647\"><strong>03\/04\/2022<\/strong><\/p>\n<p><strong>V Niedziela Wielkiego Postu<\/strong><\/td>\n<\/tr>\n<tr>\n<td width=\"85\"><strong>08:00<\/strong><\/td>\n<td width=\"562\">1.\u00a0\u00a0\u00a0\u00a0\u00a0 + Tata Boles\u0142aw Koz\u0142owski w 27 rocz. \u015bmierci, mama Lucyna i brat J\u00f3zef oraz dziadkowie z obojga stron<\/p>\n<p>2.\u00a0\u00a0\u00a0\u00a0\u00a0 + Marianna i J\u00f3zef Rajscy<\/td>\n<\/tr>\n<tr>\n<td width=\"85\"><strong>10:00<\/strong><\/td>\n<td width=\"562\">W intencji parafii<\/td>\n<\/tr>\n<tr>\n<td width=\"85\"><strong>11:30<\/strong><\/td>\n<td width=\"562\">+ Stefania w 23 rocz. \u015bmierci oraz Kazimierz Machnikowscy<\/td>\n<\/tr>\n<tr>\n<td width=\"85\"><strong>13:00<\/strong><\/td>\n<td width=\"562\">1.\u00a0\u00a0\u00a0\u00a0\u00a0 Dzi\u0119kczynno-b\u0142agalna w 50 rocz. \u015blubu Jana i Barbary Ros\u0142onowskich z pro\u015bb\u0105 o Bo\u017ce b\u0142ogos\u0142awie\u0144stwo dla Jubilat\u00f3w i ca\u0142ej rodziny<\/p>\n<p>2.\u00a0\u00a0\u00a0\u00a0\u00a0 + Jaros\u0142aw Kijewski &#8211; gregoria\u0144ska<\/td>\n<\/tr>\n<tr>\n<td width=\"85\"><strong>18:30<\/strong><\/td>\n<td width=\"562\">+ Ryszard Mazurek oraz Franciszek Kulas<\/td>\n<\/tr>\n<tr>\n<td width=\"85\"><strong>17:00DK<\/strong><\/td>\n<td width=\"562\">+ Krystyna Soboczy\u0144ska w 2 rocz. \u015bmierci i Ludwik Soboczy\u0144ski<\/td>\n<\/tr>\n<\/tbody>\n<\/table>\n","protected":false},"excerpt":{"rendered":"<p>28\/03\/2022 Poniedzia\u0142ek 08:00 1.\u00a0\u00a0\u00a0\u00a0\u00a0 Dzi\u0119kczynno-b\u0142agalna w 95 rocz. urodzin Bogumi\u0142y, podzi\u0119kowanie za opiek\u0119 Matki Bo\u017cej z pro\u015bb\u0105 o dalsze potrzebne \u0142aski dla Jubilatki, dzieci, wnuk\u00f3w i prawnuk\u00f3w 2.\u00a0\u00a0\u00a0\u00a0\u00a0 + M\u0105\u017c J\u00f3zef \u017bygowski w 23 rocz. \u015bmierci oraz rodzice z obojga stron, dziadkowie, brat Jan i Siostra Krystyna 3.\u00a0\u00a0\u00a0\u00a0\u00a0 + Krzysztof Kura\u015b &#8211; gregoria\u0144ska 18:30 1.\u00a0\u00a0\u00a0\u00a0\u00a0 [&hellip;]<\/p>\n","protected":false},"author":6,"featured_media":0,"comment_status":"closed","ping_status":"closed","sticky":false,"template":"","format":"standard","meta":{"footnotes":""},"categories":[10],"tags":[],"publishpress_future_action":{"enabled":false,"date":"1970-01-01 01:00:00","action":"","terms":[],"taxonomy":"","browser_timezone_offset":0},"_links":{"self":[{"href":"https:\/\/swmikolaj.org\/index.php\/wp-json\/wp\/v2\/posts\/9686"}],"collection":[{"href":"https:\/\/swmikolaj.org\/index.php\/wp-json\/wp\/v2\/posts"}],"about":[{"href":"https:\/\/swmikolaj.org\/index.php\/wp-json\/wp\/v2\/types\/post"}],"author":[{"embeddable":true,"href":"https:\/\/swmikolaj.org\/index.php\/wp-json\/wp\/v2\/users\/6"}],"replies":[{"embeddable":true,"href":"https:\/\/swmikolaj.org\/index.php\/wp-json\/wp\/v2\/comments?post=9686"}],"version-history":[{"count":1,"href":"https:\/\/swmikolaj.org\/index.php\/wp-json\/wp\/v2\/posts\/9686\/revisions"}],"predecessor-version":[{"id":9687,"href":"https:\/\/swmikolaj.org\/index.php\/wp-json\/wp\/v2\/posts\/9686\/revisions\/9687"}],"wp:attachment":[{"href":"https:\/\/swmikolaj.org\/index.php\/wp-json\/wp\/v2\/media?parent=9686"}],"wp:term":[{"taxonomy":"category","embeddable":true,"href":"https:\/\/swmikolaj.org\/index.php\/wp-json\/wp\/v2\/categories?post=9686"},{"taxonomy":"post_tag","embeddable":true,"href":"https:\/\/swmikolaj.org\/index.php\/wp-json\/wp\/v2\/tags?post=9686"}],"curies":[{"name":"wp","href":"https:\/\/api.w.org\/{rel}","templated":true}]}}