{"id":9387,"date":"2022-02-11T14:37:03","date_gmt":"2022-02-11T13:37:03","guid":{"rendered":"https:\/\/swmikolaj.org\/?p=9387"},"modified":"2022-02-11T14:37:05","modified_gmt":"2022-02-11T13:37:05","slug":"ogloszenia-duszpasterskie-i-biuletyn-parafialny-13-02-2022r","status":"publish","type":"post","link":"https:\/\/swmikolaj.org\/index.php\/2022\/02\/11\/ogloszenia-duszpasterskie-i-biuletyn-parafialny-13-02-2022r\/","title":{"rendered":"Og\u0142oszenia Duszpasterskie i Biuletyn Parafialny, 13.02.2022r."},"content":{"rendered":"<p style=\"text-align: justify;\"><span style=\"font-size: 18pt;\"><strong>1.<\/strong> <\/span>Nowenna do Mi\u0142osierdzia Bo\u017cego, przed rocznic\u0105 objawie\u0144 dotycz\u0105cych obrazu Jezusa Mi\u0142osiernego, rozpoczyna si\u0119 dzisiaj. Na wsp\u00f3ln\u0105 modlitw\u0119 zapraszamy w dni powszednie o godz. 15:00 w dolnym ko\u015bciele, a w niedziel\u0119 o 9:30 przed sum\u0105 parafialn\u0105. Msza \u015awi\u0119ta na zako\u0144czenie Nowenny w intencji Czcicieli Mi\u0142osierdzia odb\u0119dzie si\u0119 we wtorek, 22 lutego o 8:00.<br \/><span style=\"font-size: 18pt;\"><strong>2.<\/strong> <\/span>Wszystkich chorych i cierpi\u0105cych zapraszamy na Msz\u0119 \u015bwi\u0119t\u0105 w intencji uproszenia zdrowia duszy i cia\u0142a w niedziel\u0119, 20 lutego o 18:30.<\/p>\n\n\n<!--more-->\n\n\n<p style=\"text-align: justify;\"><span style=\"font-size: 18pt;\"><strong>3.<\/strong><\/span> W zwi\u0105zku z feriami zimowymi, przez trzy kolejne niedziele: 13, 20 i 27 lutego nie b\u0119dziemy sprawowa\u0107 Mszy \u015awi\u0119tej o 17:00 w dolnym ko\u015bciele. M\u0142odzie\u017c i doros\u0142ych zapraszamy na Msze \u015bwi\u0119t\u0105 do dolnego ko\u015bcio\u0142a w niedziel\u0119, 6 marca.<br \/><span style=\"font-size: 18pt;\"><strong>4.<\/strong> <\/span>W terminie ferii zimowych jest kilka wolnych intencji mszalnych. Ch\u0119tnych zapraszamy do biura parafialnego.<br \/><span style=\"font-size: 18pt;\"><strong>5.<\/strong> <\/span>Spotkanie dla m\u0119\u017cczyzn z Ko\u015bcielnej S\u0142u\u017cby Semper Fidelis odb\u0119dzie si\u0119 w poniedzia\u0142ek o godz. 17:00 w domu parafialnym.<br \/><span style=\"font-size: 18pt;\"><strong>6.<\/strong><\/span> Szko\u0142a Ewangelizacji Magnificat zaprasza na modlitw\u0119 uwielbienia we wtorek o 19:30 w g\u00f3rnym ko\u015bciele.<br \/><span style=\"font-size: 18pt;\"><strong>7.<\/strong><\/span> Koncert Gdy\u0144skiej Orkiestry Symfonicznej odb\u0119dzie si\u0119 w najbli\u017csz\u0105 sobot\u0119, 19 lutego o 19:30 w ko\u015bciele. Wst\u0119p wolny.<br \/><span style=\"font-size: 18pt;\"><strong>8.<\/strong> <\/span>W naszej parafii odb\u0119dzie si\u0119 ewangelizacja. W najbli\u017cszy pi\u0105tek, 18 lutego przyjedzie oko\u0142o 25 os\u00f3b. B\u0119d\u0105 w parach wys\u0142ani, by g\u0142osi\u0107 Ewangeli\u0119 na terenie naszej parafii. Zach\u0119camy, by wzi\u0105\u0107 par\u0119 ewangelizator\u00f3w na nocleg z pi\u0105tku na sobot\u0119. Ewangelizatorzy b\u0119d\u0105 mieli za\u015bwiadczenie od proboszcza parafii. B\u0119dzie ich mo\u017cna spotka\u0107 m.in. na wieczornej Mszy \u015bwi\u0119tej w pi\u0105tek, 18 lutego.<br \/><span style=\"font-size: 18pt;\"><strong>9.<\/strong> <\/span>Rozpoczynamy przygotowania muzyczne do Triduum Paschalnego. Zapraszamy r\u00f3wnie\u017c nowe osoby na pr\u00f3by Diakonii Muzycznej \u015aw. Miko\u0142aja do sali nr 5 w domu parafialnym. Harmonogram pr\u00f3b:<br \/>\u2022 13 lutego, godz. 16:30<br \/>\u2022 19 lutego, godz. 17:00<br \/>\u2022 27 lutego, godz. 17:00<br \/>\u2022 5 marca, godz. 17:00<br \/>\u2022 13 marca, godz. 16:30 + \u015bpiewanie podczas Mszy \u015bwi\u0119tej o 18:30<br \/>\u2022 19 marca, godz. 17:00<br \/>\u2022 27 marca, 16:30 + \u015bpiewanie podczas mszy \u015bwi\u0119tej o 18:30,<br \/>\u2022 2 kwietnia, godz. 17:00 <br \/>\u2022 9 lub 10 kwietnia pr\u00f3ba po\u0142\u0105czona z orkiestr\u0105<br \/><span style=\"font-size: 18pt;\"><strong>10.<\/strong> <\/span>Zapraszamy do korzystania z oferty foodtruck\u2019a Sp\u00f3\u0142dzielni Socjalnej Dobre Miejsce, kt\u00f3ry b\u0119dzie sta\u0107 przy plebanii. W niedziel\u0119 od 10:30 do 14:30 b\u0119dzie mo\u017cna kupi\u0107 przepyszne s\u0142odko\u015bci, a od poniedzia\u0142ku do soboty zapiekanki. <br \/><span style=\"font-size: 18pt;\"><strong>11.<\/strong><\/span> Koszty \u017cycia bardzo rosn\u0105, co dotyczy r\u00f3wnie\u017c \u017cycia naszej parafii. Rachunki jakie otrzymujemy za ogrzewanie i elektryczno\u015b\u0107 s\u0105 bardzo wysokie (np. ogrzewanie plebanii, starej plebanii i domu parafialnego za stycze\u0144 kosztowa\u0142o 11 tys. z\u0142.). Dzi\u0119kujemy wszystkim, kt\u00f3rzy wspieraj\u0105 codzienne utrzymanie \u017cycia parafialnego. Dzi\u0119ki setkom ludzi mo\u017cemy u\u017cywa\u0107 i korzysta\u0107 z domu parafialnego, sal w starej plebanii, z ko\u015bcio\u0142a g\u00f3rnego i dolnego. Na razie niczego nie musieli\u015bmy ograniczy\u0107, co wi\u0119cej mo\u017cemy prowadzi\u0107 aktywne duszpasterstwo. W najbli\u017cszych dw\u00f3ch tygodniach planujemy powa\u017cny remont du\u017cej sali nr 2, gdzie odbywaj\u0105 si\u0119 zaj\u0119cia \u015bwietlicy socjoterapeutycznej. \u201eB\u00f3g zap\u0142a\u0107\u201d za odpowiedzialne tworzenie tej parafii.<\/p>\n<p style=\"text-align: center;\">W minionych dniach zmarli:<br \/>Zenon Lisewski, lat 71; Adam Harabas, lat 67; Stefan Sob\u00f3l, lat 82.<\/p>\n\n\n<div class=\"wp-block-file\"><a href=\"https:\/\/swmikolaj.org\/wp-content\/uploads\/2022\/02\/Biuletyn-Parafialny-2022-02-13.pdf\">Biuletyn-Parafialny-2022-02-13<\/a><a href=\"https:\/\/swmikolaj.org\/wp-content\/uploads\/2022\/02\/Biuletyn-Parafialny-2022-02-13.pdf\" class=\"wp-block-file__button\" download>Pobierz<\/a><\/div>\n","protected":false},"excerpt":{"rendered":"<p>1. Nowenna do Mi\u0142osierdzia Bo\u017cego, przed rocznic\u0105 objawie\u0144 dotycz\u0105cych obrazu Jezusa Mi\u0142osiernego, rozpoczyna si\u0119 dzisiaj. Na wsp\u00f3ln\u0105 modlitw\u0119 zapraszamy w dni powszednie o godz. 15:00 w dolnym ko\u015bciele, a w niedziel\u0119 o 9:30 przed sum\u0105 parafialn\u0105. Msza \u015awi\u0119ta na zako\u0144czenie Nowenny w intencji Czcicieli Mi\u0142osierdzia odb\u0119dzie si\u0119 we wtorek, 22 lutego o 8:00.2. Wszystkich chorych [&hellip;]<\/p>\n","protected":false},"author":6,"featured_media":0,"comment_status":"closed","ping_status":"closed","sticky":false,"template":"","format":"standard","meta":{"footnotes":""},"categories":[8,12],"tags":[],"publishpress_future_action":{"enabled":false,"date":"1970-01-01 01:00:00","action":"","terms":[],"taxonomy":"","browser_timezone_offset":0},"_links":{"self":[{"href":"https:\/\/swmikolaj.org\/index.php\/wp-json\/wp\/v2\/posts\/9387"}],"collection":[{"href":"https:\/\/swmikolaj.org\/index.php\/wp-json\/wp\/v2\/posts"}],"about":[{"href":"https:\/\/swmikolaj.org\/index.php\/wp-json\/wp\/v2\/types\/post"}],"author":[{"embeddable":true,"href":"https:\/\/swmikolaj.org\/index.php\/wp-json\/wp\/v2\/users\/6"}],"replies":[{"embeddable":true,"href":"https:\/\/swmikolaj.org\/index.php\/wp-json\/wp\/v2\/comments?post=9387"}],"version-history":[{"count":1,"href":"https:\/\/swmikolaj.org\/index.php\/wp-json\/wp\/v2\/posts\/9387\/revisions"}],"predecessor-version":[{"id":9389,"href":"https:\/\/swmikolaj.org\/index.php\/wp-json\/wp\/v2\/posts\/9387\/revisions\/9389"}],"wp:attachment":[{"href":"https:\/\/swmikolaj.org\/index.php\/wp-json\/wp\/v2\/media?parent=9387"}],"wp:term":[{"taxonomy":"category","embeddable":true,"href":"https:\/\/swmikolaj.org\/index.php\/wp-json\/wp\/v2\/categories?post=9387"},{"taxonomy":"post_tag","embeddable":true,"href":"https:\/\/swmikolaj.org\/index.php\/wp-json\/wp\/v2\/tags?post=9387"}],"curies":[{"name":"wp","href":"https:\/\/api.w.org\/{rel}","templated":true}]}}