{"id":9354,"date":"2022-02-04T15:33:58","date_gmt":"2022-02-04T14:33:58","guid":{"rendered":"https:\/\/swmikolaj.org\/?p=9354"},"modified":"2022-02-04T15:34:01","modified_gmt":"2022-02-04T14:34:01","slug":"intencje-mszy-swietych-07-13-02-2022","status":"publish","type":"post","link":"https:\/\/swmikolaj.org\/index.php\/2022\/02\/04\/intencje-mszy-swietych-07-13-02-2022\/","title":{"rendered":"INTENCJE MSZY \u015aWI\u0118TYCH 07 &#8211; 13\/02\/2022"},"content":{"rendered":"<table width=\"647\">\n<tbody>\n<tr>\n<td colspan=\"2\" width=\"647\"><strong>07\/02\/2022 Poniedzia\u0142ek<\/strong><\/td>\n<\/tr>\n<tr>\n<td width=\"85\"><strong>08:00<\/strong><\/td>\n<td width=\"562\">1.\u00a0\u00a0\u00a0\u00a0\u00a0 + Melania i Jan Kobierowscy<\/p>\n<p>2.\u00a0\u00a0\u00a0\u00a0\u00a0 + Marian Pichit w 1 rocz. \u015bmierci oraz Wanda i rodzice z obojga stron<\/p>\n<p>3.\u00a0\u00a0\u00a0\u00a0\u00a0 + Ciocia Maria Leszczy\u0144ska<\/td>\n<\/tr>\n<tr>\n<td width=\"85\"><strong>18:30<\/strong><\/td>\n<td width=\"562\">1.\u00a0\u00a0\u00a0\u00a0\u00a0 + Jan Siewert + gregoria\u0144ska<\/p>\n<p>2.\u00a0\u00a0\u00a0\u00a0\u00a0 + Teofila (ona), Wanda, Jadwiga, Cecylia i Henryk<\/p>\n<p>3.\u00a0\u00a0\u00a0\u00a0\u00a0 + Jerzy i Zofia \u017bydak oraz Tadeusz i Andrzej \u017bydak, dziadkowie i rodze\u0144stwo z obojga stron<\/td>\n<\/tr>\n<tr>\n<td colspan=\"2\" width=\"647\"><strong>08\/02\/2022 Wtorek<\/strong><\/td>\n<\/tr>\n<tr>\n<td width=\"85\"><strong>08:00<\/strong><\/td>\n<td width=\"562\">1.\u00a0\u00a0\u00a0\u00a0\u00a0 + Jan Siewert + gregoria\u0144ska<\/p>\n<p>2.\u00a0\u00a0\u00a0\u00a0\u00a0 + Henryka \u0141ukawska<\/p>\n<p>3.\u00a0\u00a0\u00a0\u00a0\u00a0 + Syn Piotr Zielski w 12 rocz. \u015bmierci oraz m\u0105\u017c Julian<\/td>\n<\/tr>\n<tr>\n<td width=\"85\"><strong>12:00<\/strong><\/td>\n<td width=\"562\">Pogrzeb: \u015bp. Zenon Lisewski<\/td>\n<\/tr>\n<tr>\n<td width=\"85\"><strong>18:30<\/strong><\/td>\n<td width=\"562\">1.\u00a0\u00a0\u00a0\u00a0\u00a0 + J\u00f3zefa w rocz. \u015bmierci oraz zmarli z rodziny Stefaniak<\/p>\n<p>2.\u00a0\u00a0\u00a0\u00a0\u00a0 + Zygmunt, Gertruda, Sebastian, Zdzis\u0142aw, Ewa i Teresa<\/td>\n<\/tr>\n<tr>\n<td colspan=\"2\" width=\"647\"><strong>09\/02\/2022 \u015aroda<\/strong><\/td>\n<\/tr>\n<tr>\n<td width=\"85\"><strong>08:00<\/strong><\/td>\n<td width=\"562\">1.\u00a0\u00a0\u00a0\u00a0\u00a0 + Jan Siewert + gregoria\u0144ska<\/p>\n<p>2.\u00a0\u00a0\u00a0\u00a0\u00a0 + M\u0105\u017c Leonard Bara\u0144ski<\/p>\n<p>3.\u00a0\u00a0\u00a0\u00a0\u00a0 + Franciszka Pob\u0142ocka<\/td>\n<\/tr>\n<tr>\n<td width=\"85\"><strong>11:00<\/strong><\/td>\n<td width=\"562\">Pogrzeb: \u015bp. Andrzej W\u00f3jcik<\/td>\n<\/tr>\n<tr>\n<td width=\"85\"><strong>18:30<\/strong><\/td>\n<td width=\"562\">1.\u00a0\u00a0\u00a0\u00a0\u00a0 + Jan Wi\u015bniewski w 7 rocz. \u015bmierci oraz rodzice z obojga stron bracia i siostry oraz Leokadia, Antonina, Jan, Henryka, Lena, Bogumi\u0142a, Janusz i Roman<\/p>\n<p>2.\u00a0\u00a0\u00a0\u00a0\u00a0 + Urszula i Henryk Grochowscy<\/p>\n<p>3.\u00a0\u00a0\u00a0\u00a0\u00a0 + Henryk Pi\u0105tek<\/td>\n<\/tr>\n<tr>\n<td colspan=\"2\" width=\"647\"><strong>10\/02\/2022 Czwartek<\/strong><\/td>\n<\/tr>\n<tr>\n<td width=\"85\"><strong>08:00<\/strong><\/td>\n<td width=\"562\">1.\u00a0\u00a0\u00a0\u00a0\u00a0 + Rodzice z obojga stron, rodze\u0144stwo Krystyna, W\u0142adys\u0142aw, szwagrowie Edmund i Wies\u0142aw oraz Beata, Gerard i Bogumi\u0142a<\/p>\n<p>2.\u00a0\u00a0\u00a0\u00a0\u00a0 + Jan i Wanda Blok, Wawrzyniec i Teresa Podlasiak, Boles\u0142aw i Helena Patoka oraz Regina, Henryk i Piotr Grandziccy, szwagier Stefan<\/p>\n<p>3.\u00a0\u00a0\u00a0\u00a0\u00a0 + Henryka \u0141ukawska<\/p>\n<p>4.\u00a0\u00a0\u00a0\u00a0\u00a0 + Stefan, ks. Franciszek i Stanis\u0142aw w rocz. \u015bmierci<\/td>\n<\/tr>\n<tr>\n<td width=\"85\"><strong>18:30<\/strong><\/td>\n<td width=\"562\">1.\u00a0\u00a0\u00a0\u00a0\u00a0 + Jan Siewert + gregoria\u0144ska<\/p>\n<p>2.\u00a0\u00a0\u00a0\u00a0\u00a0 + Jerzy Miotke w 4 rocz. \u015bmierci oraz rodzice z obojga stron i zmarli z rodzin Miotke i Stolarskich<\/td>\n<\/tr>\n<tr>\n<td colspan=\"2\" width=\"647\"><strong>11\/02\/2022 Pi\u0105tek<\/strong><\/td>\n<\/tr>\n<tr>\n<td width=\"85\"><strong>08:00<\/strong><\/td>\n<td width=\"562\">1.\u00a0\u00a0\u00a0\u00a0\u00a0 + Jan Siewert + gregoria\u0144ska<\/p>\n<p>2.\u00a0\u00a0\u00a0\u00a0\u00a0 + Tadeusz w 14 rocz. \u015bmierci, rodzice i dziadkowie z obojga stron, Daniel i Patryk<\/p>\n<p>3.\u00a0\u00a0\u00a0\u00a0\u00a0 + Janusz Janicki w 2 rocz. \u015bmierci oraz rodzice z obojga stron i rodze\u0144stwo<\/td>\n<\/tr>\n<tr>\n<td width=\"85\"><strong>18:30<\/strong><\/td>\n<td width=\"562\">1.\u00a0\u00a0\u00a0\u00a0\u00a0 + Zmarli z rodzin: Pachur, Plit, Witczak i Fangrat oraz El\u017cbieta, W\u0142adys\u0142aw, Tadeusz i Tomasz<\/p>\n<p>2.\u00a0\u00a0\u00a0\u00a0\u00a0 + Julian w 20 rocz. \u015bmierci, brat Andrzej oraz rodzice Jadwiga i Romuald Marmurowicz<\/p>\n<p>3.\u00a0\u00a0\u00a0\u00a0\u00a0 + Kazimiera i Jan Kilichowscy oraz zmarli z rodzin Cerowskich i Holz<\/td>\n<\/tr>\n<tr>\n<td colspan=\"2\" width=\"647\"><strong>12\/02\/2022 Sobota<\/strong><\/td>\n<\/tr>\n<tr>\n<td width=\"85\"><strong>08:00<\/strong><\/td>\n<td width=\"562\">1. Dzi\u0119kczynno-b\u0142agalna R\u00f3\u017c R\u00f3\u017ca\u0144cowych Rodzic\u00f3w, z pro\u015bb\u0105 za dzieci i rodzic\u00f3w oraz o \u017cycie wieczne dla zmar\u0142ych<\/p>\n<p>2. Dzi\u0119kczynno-b\u0142agalna z pro\u015bb\u0105 o Bo\u017ce b\u0142ogos\u0142awie\u0144stwo i opiek\u0119 Matki Bo\u017cej\u00a0 dla Joanny<\/p>\n<p>3. + Czes\u0142aw Wolniak oraz zmarli z rodziny z obojga stron<\/p>\n<p>4. + Jan Siewert + gregoria\u0144ska<\/p>\n<p>5. + Irena Formi\u0144ska<\/td>\n<\/tr>\n<tr>\n<td width=\"85\"><strong>18:30<\/strong><\/td>\n<td width=\"562\">+ Jadwiga Trejnis w 11 rocz. \u015bmierci oraz Helena \u017bedzik, Wanda, Romuald i Leon<\/td>\n<\/tr>\n<tr>\n<td colspan=\"2\" width=\"647\"><strong>13\/02\/2022 <\/strong><\/p>\n<p><strong>VI Niedziela Zwyk\u0142a<\/strong><\/td>\n<\/tr>\n<tr>\n<td width=\"85\"><strong>08:00<\/strong><\/td>\n<td width=\"562\">1.\u00a0\u00a0\u00a0\u00a0\u00a0 + Jan Siewert + gregoria\u0144ska<\/p>\n<p>2.\u00a0\u00a0\u00a0\u00a0\u00a0 + Rodzice Jan i Janina, rodze\u0144stwo: Zbigniew, Leszek, Eugeniusz, Krystyna Gorowscy<\/td>\n<\/tr>\n<tr>\n<td width=\"85\"><strong>10:00<\/strong><\/td>\n<td width=\"562\">W intencji parafii<\/td>\n<\/tr>\n<tr>\n<td width=\"85\"><strong>11:30<\/strong><\/td>\n<td width=\"562\">+ Dziadkowie Szczeblewscy i Lis oraz zmarli z rodzin z obojga stron<\/td>\n<\/tr>\n<tr>\n<td width=\"85\"><strong>13:00<\/strong><\/td>\n<td width=\"562\">W intencji nowoochrzczonych<\/td>\n<\/tr>\n<tr>\n<td width=\"85\"><strong>18:30<\/strong><\/td>\n<td width=\"562\">+ Maria, Klemens oraz ich rodzice i zmarli z rodzin Miotk i Semmerling<\/td>\n<\/tr>\n<\/tbody>\n<\/table>\n","protected":false},"excerpt":{"rendered":"<p>07\/02\/2022 Poniedzia\u0142ek 08:00 1.\u00a0\u00a0\u00a0\u00a0\u00a0 + Melania i Jan Kobierowscy 2.\u00a0\u00a0\u00a0\u00a0\u00a0 + Marian Pichit w 1 rocz. \u015bmierci oraz Wanda i rodzice z obojga stron 3.\u00a0\u00a0\u00a0\u00a0\u00a0 + Ciocia Maria Leszczy\u0144ska 18:30 1.\u00a0\u00a0\u00a0\u00a0\u00a0 + Jan Siewert + gregoria\u0144ska 2.\u00a0\u00a0\u00a0\u00a0\u00a0 + Teofila (ona), Wanda, Jadwiga, Cecylia i Henryk 3.\u00a0\u00a0\u00a0\u00a0\u00a0 + Jerzy i Zofia \u017bydak oraz Tadeusz i Andrzej [&hellip;]<\/p>\n","protected":false},"author":6,"featured_media":0,"comment_status":"closed","ping_status":"closed","sticky":false,"template":"","format":"standard","meta":{"footnotes":""},"categories":[10],"tags":[],"publishpress_future_action":{"enabled":false,"date":"1970-01-01 01:00:00","action":"","terms":[],"taxonomy":"","browser_timezone_offset":0},"_links":{"self":[{"href":"https:\/\/swmikolaj.org\/index.php\/wp-json\/wp\/v2\/posts\/9354"}],"collection":[{"href":"https:\/\/swmikolaj.org\/index.php\/wp-json\/wp\/v2\/posts"}],"about":[{"href":"https:\/\/swmikolaj.org\/index.php\/wp-json\/wp\/v2\/types\/post"}],"author":[{"embeddable":true,"href":"https:\/\/swmikolaj.org\/index.php\/wp-json\/wp\/v2\/users\/6"}],"replies":[{"embeddable":true,"href":"https:\/\/swmikolaj.org\/index.php\/wp-json\/wp\/v2\/comments?post=9354"}],"version-history":[{"count":1,"href":"https:\/\/swmikolaj.org\/index.php\/wp-json\/wp\/v2\/posts\/9354\/revisions"}],"predecessor-version":[{"id":9355,"href":"https:\/\/swmikolaj.org\/index.php\/wp-json\/wp\/v2\/posts\/9354\/revisions\/9355"}],"wp:attachment":[{"href":"https:\/\/swmikolaj.org\/index.php\/wp-json\/wp\/v2\/media?parent=9354"}],"wp:term":[{"taxonomy":"category","embeddable":true,"href":"https:\/\/swmikolaj.org\/index.php\/wp-json\/wp\/v2\/categories?post=9354"},{"taxonomy":"post_tag","embeddable":true,"href":"https:\/\/swmikolaj.org\/index.php\/wp-json\/wp\/v2\/tags?post=9354"}],"curies":[{"name":"wp","href":"https:\/\/api.w.org\/{rel}","templated":true}]}}