{"id":9346,"date":"2022-02-01T15:45:07","date_gmt":"2022-02-01T14:45:07","guid":{"rendered":"https:\/\/swmikolaj.org\/?p=9346"},"modified":"2022-02-01T15:45:08","modified_gmt":"2022-02-01T14:45:08","slug":"intencje-mszy-swietych-31-1-06-02-2022","status":"publish","type":"post","link":"https:\/\/swmikolaj.org\/index.php\/2022\/02\/01\/intencje-mszy-swietych-31-1-06-02-2022\/","title":{"rendered":"INTENCJE MSZY \u015aWI\u0118TYCH 31\/1 &#8211; 06\/02\/2022"},"content":{"rendered":"<table width=\"647\">\n<tbody>\n<tr>\n<td colspan=\"2\" width=\"647\"><strong>31\/01\/2022 Poniedzia\u0142ek<\/strong><\/td>\n<\/tr>\n<tr>\n<td width=\"85\"><strong>08:00<\/strong><\/td>\n<td width=\"562\">1.\u00a0\u00a0\u00a0\u00a0\u00a0 + Rodzice z obojga stron oraz rodze\u0144stwo<\/p>\n<p>2.\u00a0\u00a0\u00a0\u00a0\u00a0 + Tadeusz Nakonieczny &#8211; gregoria\u0144ska<\/p>\n<p>3.\u00a0\u00a0\u00a0\u00a0\u00a0 + Rodzice: Robert Hinca w 20 rocz. \u015bmierci oraz Franciszka Hinca<\/td>\n<\/tr>\n<tr>\n<td width=\"85\"><strong>18:30<\/strong><\/td>\n<td width=\"562\">1.\u00a0\u00a0\u00a0\u00a0\u00a0 + Bo\u017cena Ochma\u0144ska<\/p>\n<p>2.\u00a0\u00a0\u00a0\u00a0\u00a0 + Jan D\u0105browski, rodzice z obojga stron, syn Jerzy, siostra<\/p>\n<p>3.\u00a0\u00a0\u00a0\u00a0\u00a0 + M\u0105\u017c Ludwik Stefanowski w 15 rocz. \u015bmierci, rodzice z obojga stron, bracia Adolf i W\u0142odzimierz, bratowa Zofia oraz zmarli z rodzin \u015aliwi\u0144skich i Mazur\u00f3w<\/td>\n<\/tr>\n<tr>\n<td colspan=\"2\" width=\"647\"><strong>01\/02\/2022 Wtorek<\/strong><\/td>\n<\/tr>\n<tr>\n<td width=\"85\"><strong>08:00<\/strong><\/td>\n<td width=\"562\">1.\u00a0\u00a0\u00a0\u00a0\u00a0 Dzi\u0119kczynno-b\u0142agalna z pro\u015bb\u0105 o Bo\u017ce b\u0142ogos\u0142awie\u0144stwo i dar zdrowia dla Janka z okazji urodzin, a tak\u017ce dla Ali, Hani i Ma\u0107ka<\/p>\n<p>2.\u00a0\u00a0\u00a0\u00a0\u00a0 + Jan Siewert + gregoria\u0144ska<\/p>\n<p>3.\u00a0\u00a0\u00a0\u00a0\u00a0 + Tadeusz Nakonieczny &#8211; gregoria\u0144ska<\/td>\n<\/tr>\n<tr>\n<td width=\"85\"><strong>18:30<\/strong><\/td>\n<td width=\"562\">1.\u00a0\u00a0\u00a0\u00a0\u00a0 Dzi\u0119kczynno-b\u0142agalna w intencji Kordiana Kulaszewicza z okazji urodzin z pro\u015bb\u0105 o Bo\u017ce b\u0142ogos\u0142awie\u0144stwo dla ca\u0142ej rodziny<\/p>\n<p>2.\u00a0\u00a0\u00a0\u00a0\u00a0 + M\u0105\u017c Edmund oraz rodzice i rodze\u0144stwo z obojga stron<\/td>\n<\/tr>\n<tr>\n<td width=\"85\"><strong>19:30<\/strong><\/td>\n<td width=\"562\">Szko\u0142a Ewangelizacji Magnificat<\/td>\n<\/tr>\n<tr>\n<td colspan=\"2\" width=\"647\"><strong>02\/02\/2022 \u015aroda<\/strong><\/td>\n<\/tr>\n<tr>\n<td width=\"85\"><strong>08:00<\/strong><\/td>\n<td width=\"562\">1.\u00a0\u00a0\u00a0\u00a0\u00a0 Dzi\u0119kczynno-b\u0142agalna w 30 rocz. urodzin Ani z pro\u015bb\u0105 o Bo\u017ce b\u0142ogos\u0142awie\u0144stwo i opiek\u0119 Matki Bo\u017cej<\/p>\n<p>2.\u00a0\u00a0\u00a0\u00a0\u00a0 + Jan Siewert + gregoria\u0144ska<\/p>\n<p>3.\u00a0\u00a0\u00a0\u00a0\u00a0 + Tadeusz Nakonieczny &#8211; gregoria\u0144ska<\/td>\n<\/tr>\n<tr>\n<td width=\"85\"><strong>18:30<\/strong><\/td>\n<td width=\"562\">1.\u00a0\u00a0\u00a0\u00a0\u00a0 + Stanis\u0142aw, Ryszard oraz zmarli z rodzin Leszczy\u0144skich i Prolejko<\/p>\n<p>2.\u00a0\u00a0\u00a0\u00a0\u00a0 + Felicjan Chudy w 9 rocz. \u015bmierci oraz rodzice i rodze\u0144stwo z obojga stron<\/p>\n<p>3.\u00a0\u00a0\u00a0\u00a0\u00a0 + Marek R\u00f3\u017ca\u0144ski w 29 rocz. \u015bmierci oraz rodzice z obojga stron<\/td>\n<\/tr>\n<tr>\n<td colspan=\"2\" width=\"647\"><strong>03\/02\/2022 Czwartek<\/strong><\/td>\n<\/tr>\n<tr>\n<td width=\"85\"><strong>08:00<\/strong><\/td>\n<td width=\"562\">1.\u00a0\u00a0\u00a0\u00a0\u00a0 + \u017bona Czes\u0142awa Szyma\u0144ska, rodzice z obojga stron Anna i Franciszek \u017balikowscy oraz Helena i Jan Szyma\u0144scy<\/p>\n<p>2.\u00a0\u00a0\u00a0\u00a0\u00a0 + Jan Siewert + gregoria\u0144ska<\/p>\n<p>3.\u00a0\u00a0\u00a0\u00a0\u00a0 + Tadeusz Nakonieczny &#8211; gregoria\u0144ska<\/p>\n<p>4.\u00a0\u00a0\u00a0\u00a0\u00a0 + Zmarli z rodzin \u017belewskich, Pob\u0142ockich, Szmit i Lewandowskich<\/td>\n<\/tr>\n<tr>\n<td width=\"85\"><strong>18:30<\/strong><\/td>\n<td width=\"562\">1.\u00a0\u00a0\u00a0\u00a0\u00a0 + Janusz w 1 rocz. \u015bmierci &#8211; intencja od przyjaci\u00f3\u0142<\/p>\n<p>2.\u00a0\u00a0\u00a0\u00a0\u00a0 + Rodzice Stanis\u0142aw i Krystyna oraz Maria i Wis\u0142aw oraz zmarli z rodziny<\/td>\n<\/tr>\n<tr>\n<td colspan=\"2\" width=\"647\"><strong>04\/02\/2022 Pi\u0105tek<\/strong><\/td>\n<\/tr>\n<tr>\n<td width=\"85\"><strong>08:00<\/strong><\/td>\n<td width=\"562\">1.\u00a0\u00a0\u00a0\u00a0\u00a0 + Feliks Capa\u0142a w 39 rocz. \u015bmierci oraz zmarli z rodziny Capa\u0142a<\/p>\n<p>2.\u00a0\u00a0\u00a0\u00a0\u00a0 + Tadeusz Nakonieczny &#8211; gregoria\u0144ska<\/p>\n<p>3.\u00a0\u00a0\u00a0\u00a0\u00a0 + Henryka \u0141ukawska<\/td>\n<\/tr>\n<tr>\n<td width=\"85\"><strong>09:30<\/strong><\/td>\n<td width=\"562\">Pogrzeb: \u015bp. Stefania Elwart, lat 84<\/td>\n<\/tr>\n<tr>\n<td width=\"85\"><strong>11:00<\/strong><\/td>\n<td width=\"562\">Pogrzeb: \u015bp. Stanis\u0142aw Ma\u0142kowski, lat 66<\/td>\n<\/tr>\n<tr>\n<td width=\"85\"><strong>18:30<\/strong><\/td>\n<td width=\"562\">1.\u00a0\u00a0\u00a0\u00a0\u00a0 + Jan Siewert + gregoria\u0144ska<\/p>\n<p>2.\u00a0\u00a0\u00a0\u00a0\u00a0 + Stanis\u0142aw Ukleja, Maksymilian i Eufemia, Franciszek i Bronis\u0142awa<\/p>\n<p>3.\u00a0\u00a0\u00a0\u00a0\u00a0 + Zmarli z rodzin Czapskich, Grenda, J\u0119druszewskich, Mizgier i Korczyc<\/td>\n<\/tr>\n<tr>\n<td colspan=\"2\" width=\"647\"><strong>05\/02\/2022 Sobota<\/strong><\/td>\n<\/tr>\n<tr>\n<td width=\"85\"><strong>08:00<\/strong><\/td>\n<td width=\"562\">1.\u00a0\u00a0\u00a0\u00a0\u00a0 Dzi\u0119kczynno-b\u0142agalna w intencji I R\u00f3\u017cy \u017bywego R\u00f3\u017ca\u0144ca z pro\u015bb\u0105 o zdrowie, Bo\u017ce b\u0142ogos\u0142awie\u0144stwo i opiek\u0119 Matki Bo\u017cej dla cz\u0142onki\u0144 i ich rodzin oraz o \u017cycie wieczne dla zmar\u0142ych<\/p>\n<p>2.\u00a0\u00a0\u00a0\u00a0\u00a0 + Jan Siewert + gregoria\u0144ska<\/p>\n<p>3.\u00a0\u00a0\u00a0\u00a0\u00a0 + Eugeniusz Szymocha w dniu urodzin<\/p>\n<p>4.\u00a0\u00a0\u00a0\u00a0\u00a0 + Tadeusz Nakonieczny &#8211; gregoria\u0144ska<\/p>\n<p>5.\u00a0\u00a0\u00a0\u00a0\u00a0 + Henryka \u0141ukawska &#8211; intencja od Tadeusz Musia\u0142 z rodzin\u0105<\/td>\n<\/tr>\n<tr>\n<td width=\"85\"><strong>18:30<\/strong><\/td>\n<td width=\"562\">+ Rodzice El\u017cbieta i Jan oraz Czes\u0142awa i Wiktor<\/td>\n<\/tr>\n<tr>\n<td colspan=\"2\" width=\"647\"><strong>06\/02\/2022 <\/strong><\/p>\n<p><strong>V Niedziela Zwyk\u0142a<\/strong><\/td>\n<\/tr>\n<tr>\n<td width=\"85\"><strong>08:00<\/strong><\/td>\n<td width=\"562\">1.\u00a0\u00a0\u00a0\u00a0\u00a0 Dzi\u0119kczynno-b\u0142agalna w 93 rocz. urodzin Heleny z pro\u015bb\u0105 o Bo\u017ce b\u0142ogos\u0142awie\u0144stwo i opiek\u0119 Matki Bo\u017cej dla Jubilatki i ca\u0142ej rodziny<\/p>\n<p>2.\u00a0\u00a0\u00a0\u00a0\u00a0 W intencji Marcina o potrzebne \u0142aski i dar zdrowia<\/p>\n<p>3.\u00a0\u00a0\u00a0\u00a0\u00a0 + Zofia, Feliks, Henryk, Dawid, Anna, Bazyli, \u0141ucja, Edward, Bronis\u0142aw, Ludwika, W\u0142adys\u0142awa, Jerzy i zmarli z rodziny Kortas i Kancyr<\/td>\n<\/tr>\n<tr>\n<td width=\"85\"><strong>10:00<\/strong><\/td>\n<td width=\"562\">W intencji parafii<\/td>\n<\/tr>\n<tr>\n<td width=\"85\"><strong>11:30<\/strong><\/td>\n<td width=\"562\">+ Rodzice El\u017cbieta i Piotr, Jan i Marta<\/td>\n<\/tr>\n<tr>\n<td width=\"85\"><strong>13:00<\/strong><\/td>\n<td width=\"562\">+ Jan Siewert + gregoria\u0144ska<\/td>\n<\/tr>\n<tr>\n<td width=\"85\"><strong>18:30<\/strong><\/td>\n<td width=\"562\">+ Jadwiga Olszak w dniu urodzin i 2 rocz. \u015bmierci oraz J\u00f3zef<\/td>\n<\/tr>\n<tr>\n<td width=\"85\"><strong>17:00DK<\/strong><\/td>\n<td width=\"562\">+ Danuta Antczak w 4 rocz. \u015bmierci, Hildegarda Rosinke<br \/>\nw 6 rocz. \u015bmierci, Barbara Rosinke w 6 rocz. \u015bmierci oraz zmarli z rodziny<\/td>\n<\/tr>\n<\/tbody>\n<\/table>\n","protected":false},"excerpt":{"rendered":"<p>31\/01\/2022 Poniedzia\u0142ek 08:00 1.\u00a0\u00a0\u00a0\u00a0\u00a0 + Rodzice z obojga stron oraz rodze\u0144stwo 2.\u00a0\u00a0\u00a0\u00a0\u00a0 + Tadeusz Nakonieczny &#8211; gregoria\u0144ska 3.\u00a0\u00a0\u00a0\u00a0\u00a0 + Rodzice: Robert Hinca w 20 rocz. \u015bmierci oraz Franciszka Hinca 18:30 1.\u00a0\u00a0\u00a0\u00a0\u00a0 + Bo\u017cena Ochma\u0144ska 2.\u00a0\u00a0\u00a0\u00a0\u00a0 + Jan D\u0105browski, rodzice z obojga stron, syn Jerzy, siostra 3.\u00a0\u00a0\u00a0\u00a0\u00a0 + M\u0105\u017c Ludwik Stefanowski w 15 rocz. \u015bmierci, rodzice [&hellip;]<\/p>\n","protected":false},"author":6,"featured_media":0,"comment_status":"closed","ping_status":"closed","sticky":false,"template":"","format":"standard","meta":{"footnotes":""},"categories":[10],"tags":[],"publishpress_future_action":{"enabled":false,"date":"1970-01-01 01:00:00","action":"","terms":[],"taxonomy":"","browser_timezone_offset":0},"_links":{"self":[{"href":"https:\/\/swmikolaj.org\/index.php\/wp-json\/wp\/v2\/posts\/9346"}],"collection":[{"href":"https:\/\/swmikolaj.org\/index.php\/wp-json\/wp\/v2\/posts"}],"about":[{"href":"https:\/\/swmikolaj.org\/index.php\/wp-json\/wp\/v2\/types\/post"}],"author":[{"embeddable":true,"href":"https:\/\/swmikolaj.org\/index.php\/wp-json\/wp\/v2\/users\/6"}],"replies":[{"embeddable":true,"href":"https:\/\/swmikolaj.org\/index.php\/wp-json\/wp\/v2\/comments?post=9346"}],"version-history":[{"count":1,"href":"https:\/\/swmikolaj.org\/index.php\/wp-json\/wp\/v2\/posts\/9346\/revisions"}],"predecessor-version":[{"id":9347,"href":"https:\/\/swmikolaj.org\/index.php\/wp-json\/wp\/v2\/posts\/9346\/revisions\/9347"}],"wp:attachment":[{"href":"https:\/\/swmikolaj.org\/index.php\/wp-json\/wp\/v2\/media?parent=9346"}],"wp:term":[{"taxonomy":"category","embeddable":true,"href":"https:\/\/swmikolaj.org\/index.php\/wp-json\/wp\/v2\/categories?post=9346"},{"taxonomy":"post_tag","embeddable":true,"href":"https:\/\/swmikolaj.org\/index.php\/wp-json\/wp\/v2\/tags?post=9346"}],"curies":[{"name":"wp","href":"https:\/\/api.w.org\/{rel}","templated":true}]}}