{"id":9337,"date":"2022-01-28T12:46:55","date_gmt":"2022-01-28T11:46:55","guid":{"rendered":"https:\/\/swmikolaj.org\/?p=9337"},"modified":"2022-01-28T12:48:26","modified_gmt":"2022-01-28T11:48:26","slug":"ogloszenia-duszpasterskie-i-biuletyn-parafialny-30-01-2022r","status":"publish","type":"post","link":"https:\/\/swmikolaj.org\/index.php\/2022\/01\/28\/ogloszenia-duszpasterskie-i-biuletyn-parafialny-30-01-2022r\/","title":{"rendered":"Og\u0142oszenia Duszpasterskie i Biuletyn Parafialny, 30.01.2022r."},"content":{"rendered":"<p style=\"text-align: justify;\"><span style=\"font-size: 18pt;\"><strong>1.<\/strong> <\/span>\u015awi\u0119to Ofiarowania Pa\u0144skiego, popularnie nazywane \u015awi\u0119tem Matki Bo\u017cej Gromnicznej, obchodzi\u0107 b\u0119dziemy w \u015brod\u0119, 2 lutego. Tego dnia Msze \u015awi\u0119te o: 8:00 i 18:30. Jest to r\u00f3wnie\u017c \u015bwi\u0119to os\u00f3b konsekrowanych i tego dnia ofiary z tacy przeznaczone b\u0119d\u0105 na klasztory kontemplacyjne w naszej archidiecezji.<\/p>\n\n\n<!--more-->\n\n\n<p style=\"text-align: justify;\"><span style=\"font-size: 18pt;\"><strong>2.<\/strong> <\/span>Z zwi\u0105zku z zagro\u017ceniami zwi\u0105zanymi z pandemi\u0105 zawieszamy do odwo\u0142ania spotkania Klubu Seniora. Prosimy te\u017c o zakrywanie ust i nosa podczas Liturgii w ko\u015bciele. <br \/><span style=\"font-size: 18pt;\"><strong>3.<\/strong> <\/span>W pierwszy czwartek zapraszamy do ca\u0142odziennej adoracji w intencji powo\u0142anych do kap\u0142a\u0144stwa.<br \/><span style=\"font-size: 18pt;\"><strong>4.<\/strong><\/span> W pierwszy pi\u0105tek zapraszamy na Eucharystie o: 8:00 i 18:30.<br \/><span style=\"font-size: 18pt;\"><strong>5.<\/strong> <\/span>Spowied\u017a w pierwszy pi\u0105tek b\u0119dzie od 7:30 do 8:15 i od 17:45 do 18:45<br \/><span style=\"font-size: 18pt;\"><strong>6.<\/strong> <\/span>Spotkanie cz\u0142onk\u00f3w \u017bywego R\u00f3\u017ca\u0144ca w sobot\u0119, 5 lutego o 8:00.<br \/><span style=\"font-size: 18pt;\"><strong>7.<\/strong><\/span> Zapraszamy na spotkania grupy modlitwy kontemplacyjnej w ka\u017cdy czwartek o 19:00 w sali nr 6 w domu parafialnym.<br \/><span style=\"font-size: 18pt;\"><strong>8.<\/strong> <\/span>Spotkania Kr\u0119gu Biblijnego odbywaj\u0105 si\u0119 w czwartki o 19:30 w sali nr 5, w domu parafialnym.<br \/><span style=\"font-size: 18pt;\"><strong>9.<\/strong> <\/span>Szko\u0142a Ewangelizacji Magnificat zaprasza na Eucharysti\u0119 we wtorek, 1 lutego o 19:30 w g\u00f3rnym ko\u015bciele.<br \/><span style=\"font-size: 18pt;\"><strong>10.<\/strong> <\/span>W zakrystii mo\u017cna naby\u0107 \u015bwiece, mi\u0119dzy innymi gromnice, zrobione przez siostry betlejemitki z Grabowca.<br \/><span style=\"font-size: 18pt;\"><strong>11.<\/strong> <\/span>Sp\u00f3\u0142dzielnia Socjalna Dobre Miejsce, kt\u00f3ra dzia\u0142a w naszej plebanii organizuje posi\u0142ki cateringowe grup powy\u017cej 9 os\u00f3b. Istnieje mo\u017cliwo\u015b\u0107 dowozu zam\u00f3wienia do domu. Mo\u017cna je zamawia\u0107 pod nr tel. 506231537.<br \/><span style=\"font-size: 18pt;\"><strong>12.<\/strong><\/span> Zapraszamy do podarowania 1% podatku na rzecz naszego Stowarzyszenia \u015aw. Miko\u0142aja Biskupa (nr KRS 0000343609).<br \/><span style=\"font-size: 18pt;\"><strong>13.<\/strong> <\/span>Serdecznie dzi\u0119kujemy wszystkim, kt\u00f3rzy wzi\u0119li udzia\u0142 w spotkaniach kol\u0119dowych czy to w domach, czy te\u017c w ko\u015bciele. \u201eB\u00f3g zap\u0142a\u0107\u201d za ofiary z\u0142o\u017cone przy tej okazji na funkcjonowanie parafii. Przeznaczone one b\u0119d\u0105 na op\u0142acenie styczniowych rachunk\u00f3w za ogrzewanie ko\u015bcio\u0142a i domu parafialnego.<\/p>\n<p style=\"text-align: center;\">W minionych dniach zmarli:<br \/>Maria Leszczy\u0144ska, lat 98; Irena Orchowska, lat 91; <br \/>Zofia Kujach, lat 98; Stefania Klechowicz, lat 78<\/p>\n\n\n<div class=\"wp-block-file\"><a href=\"https:\/\/swmikolaj.org\/wp-content\/uploads\/2022\/01\/Biuletyn-Parafialny-2022-01-30.pdf\">Biuletyn-Parafialny-2022-01-30<\/a><a href=\"https:\/\/swmikolaj.org\/wp-content\/uploads\/2022\/01\/Biuletyn-Parafialny-2022-01-30.pdf\" class=\"wp-block-file__button\" download>Pobierz<\/a><\/div>\n","protected":false},"excerpt":{"rendered":"<p>1. \u015awi\u0119to Ofiarowania Pa\u0144skiego, popularnie nazywane \u015awi\u0119tem Matki Bo\u017cej Gromnicznej, obchodzi\u0107 b\u0119dziemy w \u015brod\u0119, 2 lutego. Tego dnia Msze \u015awi\u0119te o: 8:00 i 18:30. Jest to r\u00f3wnie\u017c \u015bwi\u0119to os\u00f3b konsekrowanych i tego dnia ofiary z tacy przeznaczone b\u0119d\u0105 na klasztory kontemplacyjne w naszej archidiecezji.<\/p>\n","protected":false},"author":6,"featured_media":0,"comment_status":"closed","ping_status":"closed","sticky":false,"template":"","format":"standard","meta":{"footnotes":""},"categories":[8,12],"tags":[],"publishpress_future_action":{"enabled":false,"date":"1970-01-01 01:00:00","action":"","terms":[],"taxonomy":"","browser_timezone_offset":0},"_links":{"self":[{"href":"https:\/\/swmikolaj.org\/index.php\/wp-json\/wp\/v2\/posts\/9337"}],"collection":[{"href":"https:\/\/swmikolaj.org\/index.php\/wp-json\/wp\/v2\/posts"}],"about":[{"href":"https:\/\/swmikolaj.org\/index.php\/wp-json\/wp\/v2\/types\/post"}],"author":[{"embeddable":true,"href":"https:\/\/swmikolaj.org\/index.php\/wp-json\/wp\/v2\/users\/6"}],"replies":[{"embeddable":true,"href":"https:\/\/swmikolaj.org\/index.php\/wp-json\/wp\/v2\/comments?post=9337"}],"version-history":[{"count":2,"href":"https:\/\/swmikolaj.org\/index.php\/wp-json\/wp\/v2\/posts\/9337\/revisions"}],"predecessor-version":[{"id":9340,"href":"https:\/\/swmikolaj.org\/index.php\/wp-json\/wp\/v2\/posts\/9337\/revisions\/9340"}],"wp:attachment":[{"href":"https:\/\/swmikolaj.org\/index.php\/wp-json\/wp\/v2\/media?parent=9337"}],"wp:term":[{"taxonomy":"category","embeddable":true,"href":"https:\/\/swmikolaj.org\/index.php\/wp-json\/wp\/v2\/categories?post=9337"},{"taxonomy":"post_tag","embeddable":true,"href":"https:\/\/swmikolaj.org\/index.php\/wp-json\/wp\/v2\/tags?post=9337"}],"curies":[{"name":"wp","href":"https:\/\/api.w.org\/{rel}","templated":true}]}}