{"id":9259,"date":"2022-01-12T12:26:03","date_gmt":"2022-01-12T11:26:03","guid":{"rendered":"https:\/\/swmikolaj.org\/?p=9259"},"modified":"2022-01-12T12:26:04","modified_gmt":"2022-01-12T11:26:04","slug":"intencje-mszy-swietych-10-16-01-2022","status":"publish","type":"post","link":"https:\/\/swmikolaj.org\/index.php\/2022\/01\/12\/intencje-mszy-swietych-10-16-01-2022\/","title":{"rendered":"INTENCJE MSZY \u015aWI\u0118TYCH 10 &#8211; 16\/01\/2022"},"content":{"rendered":"<table width=\"647\">\n<tbody>\n<tr>\n<td colspan=\"2\" width=\"647\"><strong>10\/01\/2022 Poniedzia\u0142ek<\/strong><\/td>\n<\/tr>\n<tr>\n<td width=\"85\"><strong>08:00<\/strong><\/td>\n<td width=\"562\">1.\u00a0\u00a0\u00a0\u00a0\u00a0 B\u0142agalna o zdrowie i Bo\u017ce b\u0142ogos\u0142awie\u0144stwo i dar potomstwa dla Jacka i Natalii<\/p>\n<p>2.\u00a0\u00a0\u00a0\u00a0\u00a0 + Maria Franczak \u2013 gregoria\u0144ska<\/p>\n<p>3.\u00a0\u00a0\u00a0\u00a0\u00a0 + Tadeusz Nakonieczny &#8211; gregoria\u0144ska<\/td>\n<\/tr>\n<tr>\n<td width=\"85\"><strong>10:30<\/strong><\/td>\n<td width=\"562\">Pogrzeb: \u015bp. Henryk Grzechnik, lat 92<\/td>\n<\/tr>\n<tr>\n<td width=\"85\"><strong>12:00<\/strong><\/td>\n<td width=\"562\">Pogrzeb: \u015bp. Teresa Stasiaczek, lat 88<\/td>\n<\/tr>\n<tr>\n<td width=\"85\"><strong>18:30<\/strong><\/td>\n<td width=\"562\">1.\u00a0\u00a0\u00a0\u00a0\u00a0 W intencji mieszka\u0144c\u00f3w ul. Morskiej<\/p>\n<p>2.\u00a0\u00a0\u00a0\u00a0\u00a0 + Halina K\u0142\u00f3dkowska w 9 rocz. \u015bmierci<\/td>\n<\/tr>\n<tr>\n<td colspan=\"2\" width=\"647\"><strong>11\/01\/2022 Wtorek<\/strong><\/td>\n<\/tr>\n<tr>\n<td width=\"85\"><strong>08:00<\/strong><\/td>\n<td width=\"562\">1.\u00a0\u00a0\u00a0\u00a0\u00a0 + Maria Franczak \u2013 gregoria\u0144ska<\/p>\n<p>2.\u00a0\u00a0\u00a0\u00a0\u00a0 + Tadeusz Nakonieczny &#8211; gregoria\u0144ska<\/td>\n<\/tr>\n<tr>\n<td width=\"85\"><strong>10:30<\/strong><\/td>\n<td width=\"562\">Pogrzeb: \u015bp. Jan Rodziewicz, lat 79<\/td>\n<\/tr>\n<tr>\n<td width=\"85\"><strong>12:00<\/strong><\/td>\n<td width=\"562\">Pogrzeb: \u015bp. Henryka \u0141ukowska, lat 84<\/td>\n<\/tr>\n<tr>\n<td width=\"85\"><strong>13:30<\/strong><\/td>\n<td width=\"562\">Pogrzeb: \u015bp. Stanis\u0142aw Grochowski, lat 83<\/td>\n<\/tr>\n<tr>\n<td width=\"85\"><strong>18:30<\/strong><\/td>\n<td width=\"562\">+ Bo\u017cena Ochma\u0144ska<\/td>\n<\/tr>\n<tr>\n<td width=\"85\"><strong>19:30<\/strong><\/td>\n<td width=\"562\">Szko\u0142a Ewangelizacji Magnificat<\/td>\n<\/tr>\n<tr>\n<td colspan=\"2\" width=\"647\"><strong>12\/01\/2022 \u015aroda<\/strong><\/td>\n<\/tr>\n<tr>\n<td width=\"85\"><strong>08:00<\/strong><\/td>\n<td width=\"562\">1.\u00a0\u00a0\u00a0\u00a0\u00a0 Dzi\u0119kczynno-b\u0142agalna z pro\u015bb\u0105 o Bo\u017ce b\u0142ogos\u0142awie\u0144stwo, zdrowie duszy i cia\u0142a, dary Ducha \u015bw. i opiek\u0119 Matki Naj\u015bwi\u0119tsze dla Krystyna\u00a0 z okazji 80 urodzin oraz ca\u0142ej rodziny.<\/p>\n<p>2.\u00a0\u00a0\u00a0\u00a0\u00a0 + Maria Franczak &#8211; gregoria\u0144ska<\/p>\n<p>3.\u00a0\u00a0\u00a0\u00a0\u00a0 + Czes\u0142aw Wolniak oraz zmarli z rodziny z obojga stron<\/p>\n<p>4.\u00a0\u00a0\u00a0\u00a0\u00a0 + M\u0105\u017c Leonard Bara\u0144ski<\/p>\n<p>5.\u00a0\u00a0\u00a0\u00a0\u00a0 + Tadeusz Nakonieczny &#8211; gregoria\u0144ska<\/td>\n<\/tr>\n<tr>\n<td width=\"85\"><strong>09:00<\/strong><\/td>\n<td width=\"562\">Pogrzeb: \u015bp. Jan Kendzierski, lat 83<\/td>\n<\/tr>\n<tr>\n<td width=\"85\"><strong>10:30<\/strong><\/td>\n<td width=\"562\">Pogrzeb: \u015bp. Janina Gru\u017alewska, lat 76<\/td>\n<\/tr>\n<tr>\n<td width=\"85\"><strong>12:00<\/strong><\/td>\n<td width=\"562\">Pogrzeb: \u015bp. Irena Kowalska, lat 89<\/td>\n<\/tr>\n<tr>\n<td width=\"85\"><strong>18:30<\/strong><\/td>\n<td width=\"562\">W intencji Bogu wiadomej<\/td>\n<\/tr>\n<tr>\n<td colspan=\"2\" width=\"647\"><strong>13\/01\/2022 Czwartek<\/strong><\/td>\n<\/tr>\n<tr>\n<td width=\"85\"><strong>08:00<\/strong><\/td>\n<td width=\"562\">1.\u00a0\u00a0\u00a0\u00a0\u00a0 + Marian Siwiak w 75 rocz. urodzin oraz zmarli z rodziny<\/p>\n<p>2.\u00a0\u00a0\u00a0\u00a0\u00a0 + Maria Franczak \u2013 gregoria\u0144ska<\/p>\n<p>3.\u00a0\u00a0\u00a0\u00a0\u00a0 + Tadeusz Nakonieczny &#8211; gregoria\u0144ska<\/td>\n<\/tr>\n<tr>\n<td width=\"85\"><strong>12:30<\/strong><\/td>\n<td width=\"562\">Pogrzeb: \u015bp. W\u0142adys\u0142aw Grabowski, lat 71<\/td>\n<\/tr>\n<tr>\n<td width=\"85\"><strong>18:30<\/strong><\/td>\n<td width=\"562\">1.\u00a0\u00a0\u00a0\u00a0\u00a0 W intencji mieszka\u0144c\u00f3w ul. Swarzewskiej<\/p>\n<p>2.\u00a0\u00a0\u00a0\u00a0\u00a0 + Jerzy w 4 rocz. \u015bmierci oraz rodzice i rodze\u0144stwo z obojga stron<\/td>\n<\/tr>\n<tr>\n<td colspan=\"2\" width=\"647\"><strong>14\/01\/2022 Pi\u0105tek<\/strong><\/td>\n<\/tr>\n<tr>\n<td width=\"85\"><strong>08:00<\/strong><\/td>\n<td width=\"562\">1.\u00a0\u00a0\u00a0\u00a0\u00a0 + Maria Franczak &#8211; gregoria\u0144ska<\/p>\n<p>2.\u00a0\u00a0\u00a0\u00a0\u00a0 + Rodzice Helena i Alfons, Stanis\u0142aw Irena, Anastazja, Alojzy, J\u00f3zef, Marianna, Zygmunt i El\u017cbieta<\/p>\n<p>3.\u00a0\u00a0\u00a0\u00a0\u00a0 + Tadeusz Nakonieczny \u2013 gregoria\u0144ska<\/p>\n<p>4.\u00a0\u00a0\u00a0\u00a0\u00a0 + Aleksander Kozaczuk<\/td>\n<\/tr>\n<tr>\n<td width=\"85\"><strong>18:30<\/strong><\/td>\n<td width=\"562\">1.\u00a0\u00a0\u00a0\u00a0\u00a0 W intencji mieszka\u0144c\u00f3w ul. Wejherowskiej<\/p>\n<p>2.\u00a0\u00a0\u00a0\u00a0\u00a0 + Jan W\u0119grzynowski oraz zmarli z rodziny<\/td>\n<\/tr>\n<tr>\n<td colspan=\"2\" width=\"647\"><strong>15\/01\/2022 Sobota<\/strong><\/td>\n<\/tr>\n<tr>\n<td width=\"85\"><strong>08:00<\/strong><\/td>\n<td width=\"562\">1.\u00a0\u00a0\u00a0\u00a0\u00a0 + Maria Franczak &#8211; gregoria\u0144ska<\/p>\n<p>2.\u00a0\u00a0\u00a0\u00a0\u00a0 + Tadeusz Nakonieczny &#8211; gregoria\u0144ska<\/p>\n<p>3.\u00a0\u00a0\u00a0\u00a0\u00a0 + Ginter Szmidt w 8 rocz. \u015bmierci oraz Maria Szmidt i rodzice z obojga stron<\/p>\n<p>4.\u00a0\u00a0\u00a0\u00a0\u00a0 + Grzegorz Banaszak &#8211; intencja o d s\u0105siad\u00f3w z Zamenhofa 4<\/p>\n<p>5.\u00a0\u00a0\u00a0\u00a0\u00a0 + Franciszka Janicka<\/td>\n<\/tr>\n<tr>\n<td width=\"85\"><strong>08:45<\/strong><\/td>\n<td width=\"562\">Pogrzeb: \u015bp. Helena Pawelczyk, lat 88<\/td>\n<\/tr>\n<tr>\n<td width=\"85\"><strong>13:00<\/strong><\/td>\n<td width=\"562\">Pogrzeb: \u015bp. Robert Or\u0142owski, lat 46<\/td>\n<\/tr>\n<tr>\n<td width=\"85\"><strong>18:30<\/strong><\/td>\n<td width=\"562\">+ Jan Pie\u0144kowski w 1 rocz. \u015bmierci<\/td>\n<\/tr>\n<tr>\n<td colspan=\"2\" width=\"647\"><strong>16\/01\/2022<\/strong><\/p>\n<p><strong>II Niedziela Zwyk\u0142a<\/strong><\/td>\n<\/tr>\n<tr>\n<td width=\"85\"><strong>08:00<\/strong><\/td>\n<td width=\"562\">1.\u00a0\u00a0\u00a0\u00a0\u00a0 Dzi\u0119kczynno-b\u0142agalna w intencji Doroty i jej dzieci Magdy, Macieja i Pauliny z pro\u015bb\u0105 o dary\u00a0 Ducha \u015awi\u0119tego<\/p>\n<p>2.\u00a0\u00a0\u00a0\u00a0\u00a0 + Maria Franczak \u2013 gregoria\u0144ska<\/p>\n<p>3.\u00a0\u00a0\u00a0\u00a0\u00a0 + Tadeusz Nakonieczny &#8211; gregoria\u0144ska<\/td>\n<\/tr>\n<tr>\n<td width=\"85\"><strong>10:00<\/strong><\/td>\n<td width=\"562\">W intencji parafii<\/td>\n<\/tr>\n<tr>\n<td width=\"85\"><strong>11:30<\/strong><\/td>\n<td width=\"562\">+ C\u00f3rka Danuta Bukowska w 2 rocz. \u015bmierci oraz zmarli z rodziny<\/td>\n<\/tr>\n<tr>\n<td width=\"85\"><strong>13:00<\/strong><\/td>\n<td width=\"562\">1.\u00a0\u00a0\u00a0\u00a0\u00a0 + Rodzice Walenty i Helena, rodze\u0144stwo i zmarli z rodziny<\/p>\n<p>2.\u00a0\u00a0\u00a0\u00a0\u00a0 + Natalia, Helena, Tytus, zmarli z rodziny Ciesielskich<\/td>\n<\/tr>\n<tr>\n<td width=\"85\"><strong>18:30<\/strong><\/td>\n<td width=\"562\">W intencji o uzdrowienie duszy i cia\u0142a<\/td>\n<\/tr>\n<tr>\n<td width=\"85\"><strong>17:00DK<\/strong><\/td>\n<td width=\"562\">+ Kazimierz Mossakowski w 4 rocz. \u015bmierci oraz rodzice w obojga stron<\/td>\n<\/tr>\n<\/tbody>\n<\/table>\n","protected":false},"excerpt":{"rendered":"<p>10\/01\/2022 Poniedzia\u0142ek 08:00 1.\u00a0\u00a0\u00a0\u00a0\u00a0 B\u0142agalna o zdrowie i Bo\u017ce b\u0142ogos\u0142awie\u0144stwo i dar potomstwa dla Jacka i Natalii 2.\u00a0\u00a0\u00a0\u00a0\u00a0 + Maria Franczak \u2013 gregoria\u0144ska 3.\u00a0\u00a0\u00a0\u00a0\u00a0 + Tadeusz Nakonieczny &#8211; gregoria\u0144ska 10:30 Pogrzeb: \u015bp. Henryk Grzechnik, lat 92 12:00 Pogrzeb: \u015bp. Teresa Stasiaczek, lat 88 18:30 1.\u00a0\u00a0\u00a0\u00a0\u00a0 W intencji mieszka\u0144c\u00f3w ul. Morskiej 2.\u00a0\u00a0\u00a0\u00a0\u00a0 + Halina K\u0142\u00f3dkowska w [&hellip;]<\/p>\n","protected":false},"author":6,"featured_media":0,"comment_status":"closed","ping_status":"closed","sticky":false,"template":"","format":"standard","meta":{"footnotes":""},"categories":[10],"tags":[],"publishpress_future_action":{"enabled":false,"date":"1970-01-01 01:00:00","action":"","terms":[],"taxonomy":"","browser_timezone_offset":0},"_links":{"self":[{"href":"https:\/\/swmikolaj.org\/index.php\/wp-json\/wp\/v2\/posts\/9259"}],"collection":[{"href":"https:\/\/swmikolaj.org\/index.php\/wp-json\/wp\/v2\/posts"}],"about":[{"href":"https:\/\/swmikolaj.org\/index.php\/wp-json\/wp\/v2\/types\/post"}],"author":[{"embeddable":true,"href":"https:\/\/swmikolaj.org\/index.php\/wp-json\/wp\/v2\/users\/6"}],"replies":[{"embeddable":true,"href":"https:\/\/swmikolaj.org\/index.php\/wp-json\/wp\/v2\/comments?post=9259"}],"version-history":[{"count":1,"href":"https:\/\/swmikolaj.org\/index.php\/wp-json\/wp\/v2\/posts\/9259\/revisions"}],"predecessor-version":[{"id":9260,"href":"https:\/\/swmikolaj.org\/index.php\/wp-json\/wp\/v2\/posts\/9259\/revisions\/9260"}],"wp:attachment":[{"href":"https:\/\/swmikolaj.org\/index.php\/wp-json\/wp\/v2\/media?parent=9259"}],"wp:term":[{"taxonomy":"category","embeddable":true,"href":"https:\/\/swmikolaj.org\/index.php\/wp-json\/wp\/v2\/categories?post=9259"},{"taxonomy":"post_tag","embeddable":true,"href":"https:\/\/swmikolaj.org\/index.php\/wp-json\/wp\/v2\/tags?post=9259"}],"curies":[{"name":"wp","href":"https:\/\/api.w.org\/{rel}","templated":true}]}}