{"id":9074,"date":"2021-12-20T16:22:43","date_gmt":"2021-12-20T15:22:43","guid":{"rendered":"https:\/\/swmikolaj.org\/?p=9074"},"modified":"2021-12-23T18:16:37","modified_gmt":"2021-12-23T17:16:37","slug":"intencje-mszy-swietych-20-26-12-2021","status":"publish","type":"post","link":"https:\/\/swmikolaj.org\/index.php\/2021\/12\/20\/intencje-mszy-swietych-20-26-12-2021\/","title":{"rendered":"INTENCJE MSZY \u015aWI\u0118TYCH 20 &#8211; 26\/12\/2021"},"content":{"rendered":"<table width=\"647\">\n<tbody>\n<tr>\n<td colspan=\"2\" width=\"647\"><strong>20\/12\/2021 Poniedzia\u0142ek<\/strong><\/td>\n<\/tr>\n<tr>\n<td width=\"85\"><strong>06:45<\/strong><\/td>\n<td width=\"562\">+ Edmund Przytarski, rodzice i te\u015bciowie<\/td>\n<\/tr>\n<tr>\n<td width=\"85\"><strong>08:00<\/strong><\/td>\n<td width=\"562\">1.\u00a0\u00a0\u00a0\u00a0\u00a0 + Monika, Kleofas i Julian<\/p>\n<p>2.\u00a0\u00a0\u00a0\u00a0\u00a0 + M\u0105\u017c Hieronim Go\u0142acki w rocz. \u015bmierci oraz rodzice z obojga stron<\/td>\n<\/tr>\n<tr>\n<td width=\"85\"><strong>12:00<\/strong><\/td>\n<td width=\"562\">Pogrzeb: \u015bp. Urszula Dodak, lat 88<\/td>\n<\/tr>\n<tr>\n<td width=\"85\"><strong>18:30<\/strong><\/td>\n<td width=\"562\">1.\u00a0\u00a0\u00a0\u00a0\u00a0 Dzi\u0119kczynna za lekarzy i personel Oddzia\u0142u Chirurgii Onkologicznej Szpitala PCK w Red\u0142owie z podzi\u0119kowaniem za przeprowadzone operacje, z pro\u015bb\u0105 o Bo\u017ce b\u0142ogos\u0142awie\u0144stwo i opiek\u0119 Matki Bo\u017cej dla nich<\/p>\n<p>2.\u00a0\u00a0\u00a0\u00a0\u00a0 + Bronis\u0142aw Krzebietke w 5 rocz. \u015bmierci, Pawe\u0142 Bulczak, J\u00f3zef, Erna i Franciszek Lademan, Maria, Jadwiga i Franciszek Nied\u017awiedzcy<\/p>\n<p>3.\u00a0\u00a0\u00a0\u00a0\u00a0 + Jadwiga Maszota w 1 rocz. \u015bmierci<\/td>\n<\/tr>\n<tr>\n<td colspan=\"2\" width=\"647\"><strong>21\/12\/2021 Wtorek<\/strong><\/td>\n<\/tr>\n<tr>\n<td width=\"85\"><strong>06:45<\/strong><\/td>\n<td width=\"562\">+ Zmarli z rodziny Holcher i P\u0142ockich<\/td>\n<\/tr>\n<tr>\n<td width=\"85\"><strong>08:00<\/strong><\/td>\n<td width=\"562\">1.\u00a0\u00a0\u00a0\u00a0\u00a0 Dzi\u0119kczynno-b\u0142agalna z pro\u015bb\u0105 o Bo\u017ce b\u0142ogos\u0142awie\u0144stwo dla Martynki w dniu 7 urodzin<\/p>\n<p>2.\u00a0\u00a0\u00a0\u00a0\u00a0 + Zbigniew Grondziel w 4 rocz. \u015bmierci<\/td>\n<\/tr>\n<tr>\n<td width=\"85\"><strong>18:30<\/strong><\/td>\n<td width=\"562\">1.\u00a0\u00a0\u00a0\u00a0\u00a0 +\u00a0 Siostra Mariola, rodzice i dziadkowie oraz zmarli z rodziny<\/p>\n<p>2.\u00a0\u00a0\u00a0\u00a0\u00a0 + Jerzy Guczek oraz rodzice z obojga stron<\/td>\n<\/tr>\n<tr>\n<td colspan=\"2\" width=\"647\"><strong>22\/12\/2021 \u015aroda<\/strong><\/td>\n<\/tr>\n<tr>\n<td width=\"85\"><strong>06:45<\/strong><\/td>\n<td width=\"562\">+ Alicja Rzekiecka &#8211; intencja od przyjaci\u00f3\u0142<\/td>\n<\/tr>\n<tr>\n<td width=\"85\"><strong>08:00<\/strong><\/td>\n<td width=\"562\">1.\u00a0\u00a0\u00a0\u00a0\u00a0 + Wanda Czaplewska oraz Waldemar<\/p>\n<p>2.\u00a0\u00a0\u00a0\u00a0\u00a0 + Wies\u0142aw Fijo\u0142ek<\/td>\n<\/tr>\n<tr>\n<td width=\"85\"><strong>10:00<\/strong><\/td>\n<td width=\"562\">Pogrzeb: \u015bp. Grzegorz Banaszak, lat 61<\/td>\n<\/tr>\n<tr>\n<td width=\"85\"><strong>11:30<\/strong><\/td>\n<td width=\"562\">Pogrzeb: \u015bp. Stefania Szulc, lat 91<\/td>\n<\/tr>\n<tr>\n<td width=\"85\"><strong>10:00<\/strong><\/td>\n<td width=\"562\">Pogrzeb: \u015bp. Andrzej Dawidowski, lat 68<\/td>\n<\/tr>\n<tr>\n<td width=\"85\"><strong>18:30<\/strong><\/td>\n<td width=\"562\">1.\u00a0\u00a0\u00a0\u00a0\u00a0 + M\u0105\u017c Gerard Dejk w 8 rocz. \u015bmierci oraz Jan Wanda i Brygida<\/p>\n<p>2.\u00a0\u00a0\u00a0\u00a0\u00a0 + Helena i Stefan Wittbrodt<\/p>\n<p>3.\u00a0\u00a0\u00a0\u00a0\u00a0 + Rodzice Danuta i Kazimierz Hresiukowicz<\/td>\n<\/tr>\n<tr>\n<td colspan=\"2\" width=\"647\"><strong>23\/12\/2021 Czwartek<\/strong><\/td>\n<\/tr>\n<tr>\n<td width=\"85\"><strong>06:45<\/strong><\/td>\n<td width=\"562\">+ Kazimierz w 10 rocz. \u015bmierci oraz c\u00f3rki Jolanta, El\u017cbieta Teresa, wnuk Krzysztof siostry Leokadia i Klara, siostrze\u0144cy Jaros\u0142aw i Roman rodzice z obojga stron<\/td>\n<\/tr>\n<tr>\n<td width=\"85\"><strong>08:00<\/strong><\/td>\n<td width=\"562\">1.\u00a0\u00a0\u00a0\u00a0\u00a0 Dzi\u0119kczynno-b\u0142agalna z pro\u015bb\u0105 o dar zdrowia i Bo\u017ce b\u0142ogos\u0142awie\u0144stwo dla dzieci i wnuk\u00f3w<\/p>\n<p>2.\u00a0\u00a0\u00a0\u00a0\u00a0 + Syn Miros\u0142aw Priebe w 38 rocz. \u015bmierci oraz m\u0105\u017c Alfons, syn Piotr, Jan Hinc, rodzice z obojga stron, zmarli z rodziny Wr\u00f3bel<\/p>\n<p>3.\u00a0\u00a0\u00a0\u00a0\u00a0 + M\u0105\u017c Kazimierz w 13 rocz. \u015bmierci oraz jego rodzice i rodze\u0144stwo, syn Jacek<\/td>\n<\/tr>\n<tr>\n<td width=\"85\"><strong>09:00<\/strong><\/td>\n<td width=\"562\">Pogrzeb: \u015bp. Wac\u0142aw Mering, lat 73<\/td>\n<\/tr>\n<tr>\n<td width=\"85\"><strong>13:30<\/strong><\/td>\n<td width=\"562\">Pogrzeb: \u015bp. Teresa Grabus, lat 78<\/td>\n<\/tr>\n<tr>\n<td width=\"85\"><strong>18:30<\/strong><\/td>\n<td width=\"562\">1.\u00a0\u00a0\u00a0\u00a0\u00a0 + Bronis\u0142aw Kila z okazji urodzin oraz Bernadeta Kila<\/p>\n<p>2.\u00a0\u00a0\u00a0\u00a0\u00a0 + Tata Miros\u0142aw Jankowski<\/td>\n<\/tr>\n<tr>\n<td colspan=\"2\" width=\"647\"><strong>24\/12\/2021 Pi\u0105tek<\/strong><\/td>\n<\/tr>\n<tr>\n<td width=\"85\"><strong>06:45<\/strong><\/td>\n<td width=\"562\">Dzi\u0119kczynna za otrzymane \u0142aski z pro\u015bb\u0105 o dalsze Bo\u017ce b\u0142ogos\u0142awie\u0144stwo dla rodziny Gajd\u00f3w<\/td>\n<\/tr>\n<tr>\n<td width=\"85\"><strong>08:00<\/strong><\/td>\n<td width=\"562\">1.\u00a0\u00a0\u00a0\u00a0\u00a0 + Wincenty, Teofila (ona), Agnieszka, Janina, Henryk, Bronis\u0142aw i Ryszard Adamiukowie<\/p>\n<p>2.\u00a0\u00a0\u00a0\u00a0\u00a0 + Zdzis\u0142aw Kornosz oraz rodzice Zofia i W\u0142adys\u0142aw Kornosz<\/td>\n<\/tr>\n<tr>\n<td width=\"85\"><strong>16:00<\/strong><\/td>\n<td width=\"562\">Dzi\u0119kczynno-b\u0142agalna z pro\u015bb\u0105 o wszelkie potrzebne \u0142aski dla m\u0119\u017ca Adama<\/td>\n<\/tr>\n<tr>\n<td width=\"85\"><strong>22:00<\/strong><\/td>\n<td width=\"562\">1.\u00a0\u00a0\u00a0\u00a0\u00a0 W intencji ks. Adama z okazji imienin \u2013 intencja od Czcicieli Mi\u0142osierdzia Bo\u017cego<\/p>\n<p>2.\u00a0\u00a0\u00a0\u00a0\u00a0 + Rodzice Konrad i Gertruda, brat Zbigniew, te\u015bciowie Janina i Romuald, syn Bogdan<\/td>\n<\/tr>\n<tr>\n<td width=\"85\"><strong>24:00<\/strong><\/td>\n<td width=\"562\">1.\u00a0\u00a0\u00a0\u00a0\u00a0 Dzi\u0119kczynno-b\u0142agalna z pro\u015bb\u0105 o Bo\u017ce b\u0142ogos\u0142awie\u0144stwo, dary Ducha \u015awi\u0119tego i opiek\u0119 Matki Bo\u017cej dla ca\u0142ej rodziny<\/p>\n<p>2.\u00a0\u00a0\u00a0\u00a0\u00a0 + Irena Nowicka w 3 rocz. \u015bmierci<\/td>\n<\/tr>\n<tr>\n<td colspan=\"2\" width=\"647\"><strong>25\/12\/2021 Sobota<\/strong><\/p>\n<p><strong>Uroczysto\u015b\u0107 Narodzenia Pa\u0144skiego<\/strong><\/td>\n<\/tr>\n<tr>\n<td width=\"85\"><strong>08:00<\/strong><\/td>\n<td width=\"562\">+ Bronis\u0142awa Leszczy\u0144ska w 17 rocz. \u015bmierci<\/td>\n<\/tr>\n<tr>\n<td width=\"85\"><strong>10:00<\/strong><\/td>\n<td width=\"562\">1.\u00a0\u00a0\u00a0\u00a0\u00a0 Dzi\u0119kczynno-b\u0142agalna w 60 rocz. \u015blubu El\u017cbiety i Stanis\u0142awa z pro\u015bb\u0105 o dar zdrowia, Bo\u017ce b\u0142ogos\u0142awie\u0144stwo i opiek\u0119 Matki Bo\u017cej na dalsze lata<\/p>\n<p>2.\u00a0\u00a0\u00a0\u00a0\u00a0 + Henryk Wilk w 4 rocz. \u015bmierci<\/td>\n<\/tr>\n<tr>\n<td width=\"85\"><strong>11:30<\/strong><\/td>\n<td width=\"562\">+ Piotr \u017burawski w 2 rocz. \u015bmierci oraz Pawe\u0142 \u017burawski<\/td>\n<\/tr>\n<tr>\n<td width=\"85\"><strong>13:00<\/strong><\/td>\n<td width=\"562\">W intencji nowoochrzczonych<\/td>\n<\/tr>\n<tr>\n<td width=\"85\"><strong>18:30<\/strong><\/td>\n<td width=\"562\">1.\u00a0\u00a0\u00a0\u00a0\u00a0 + Oliwia Meller &#8211; intencja od s\u0105siad\u00f3w z Zamenhofa 4<\/p>\n<p>2.\u00a0\u00a0\u00a0\u00a0\u00a0 + Adam, Wies\u0142awa, Anna, Felicja, Krystyna, Leon, Janina<\/td>\n<\/tr>\n<tr>\n<td colspan=\"2\" width=\"647\"><strong>26\/12\/2021 Niedziela <\/strong><\/p>\n<p><strong>\u015awi\u0119to \u015awi\u0119tej Rodziny: Jezusa, Maryi i J\u00f3zefa<\/strong><\/td>\n<\/tr>\n<tr>\n<td width=\"85\"><strong>08:00<\/strong><\/td>\n<td width=\"562\">1.\u00a0\u00a0\u00a0\u00a0\u00a0 + Antoni Leszczy\u0144ski w 1 rocz. \u015bmierci<\/p>\n<p>2.\u00a0\u00a0\u00a0\u00a0\u00a0 + Janusz Gaicki<\/td>\n<\/tr>\n<tr>\n<td width=\"85\"><strong>10:00<\/strong><\/td>\n<td width=\"562\">W intencji Jubilat\u00f3w<\/td>\n<\/tr>\n<tr>\n<td width=\"85\"><strong>11:30<\/strong><\/td>\n<td width=\"562\">+ Rodzice i dziadkowie z obojga stron<\/td>\n<\/tr>\n<tr>\n<td width=\"85\"><strong>13:00<\/strong><\/td>\n<td width=\"562\">1.\u00a0\u00a0\u00a0\u00a0\u00a0 Dzi\u0119kczynno-b\u0142agalna w 30 rocz. \u015blubu Iwona i Jacek Korytowscy<\/p>\n<p>2.\u00a0\u00a0\u00a0\u00a0\u00a0 + Rodzice El\u017cbieta i Julian Brzezi\u0144scy oraz rodze\u0144stwo Jan, Irena, Zygmunt, Julian, Arnold, Jerzy, W\u0142adys\u0142aw i bratowa Maria<\/td>\n<\/tr>\n<tr>\n<td width=\"85\"><strong>18:30<\/strong><\/td>\n<td width=\"562\">+ Hildegarda Lewa\u0144czyk w dniu urodzin oraz Jan<\/td>\n<\/tr>\n<\/tbody>\n<\/table>\n","protected":false},"excerpt":{"rendered":"<p>20\/12\/2021 Poniedzia\u0142ek 06:45 + Edmund Przytarski, rodzice i te\u015bciowie 08:00 1.\u00a0\u00a0\u00a0\u00a0\u00a0 + Monika, Kleofas i Julian 2.\u00a0\u00a0\u00a0\u00a0\u00a0 + M\u0105\u017c Hieronim Go\u0142acki w rocz. \u015bmierci oraz rodzice z obojga stron 12:00 Pogrzeb: \u015bp. Urszula Dodak, lat 88 18:30 1.\u00a0\u00a0\u00a0\u00a0\u00a0 Dzi\u0119kczynna za lekarzy i personel Oddzia\u0142u Chirurgii Onkologicznej Szpitala PCK w Red\u0142owie z podzi\u0119kowaniem za przeprowadzone operacje, [&hellip;]<\/p>\n","protected":false},"author":6,"featured_media":0,"comment_status":"closed","ping_status":"closed","sticky":false,"template":"","format":"standard","meta":{"footnotes":""},"categories":[10],"tags":[],"publishpress_future_action":{"enabled":false,"date":"1970-01-01 01:00:00","action":"","terms":[],"taxonomy":"","browser_timezone_offset":0},"_links":{"self":[{"href":"https:\/\/swmikolaj.org\/index.php\/wp-json\/wp\/v2\/posts\/9074"}],"collection":[{"href":"https:\/\/swmikolaj.org\/index.php\/wp-json\/wp\/v2\/posts"}],"about":[{"href":"https:\/\/swmikolaj.org\/index.php\/wp-json\/wp\/v2\/types\/post"}],"author":[{"embeddable":true,"href":"https:\/\/swmikolaj.org\/index.php\/wp-json\/wp\/v2\/users\/6"}],"replies":[{"embeddable":true,"href":"https:\/\/swmikolaj.org\/index.php\/wp-json\/wp\/v2\/comments?post=9074"}],"version-history":[{"count":3,"href":"https:\/\/swmikolaj.org\/index.php\/wp-json\/wp\/v2\/posts\/9074\/revisions"}],"predecessor-version":[{"id":9097,"href":"https:\/\/swmikolaj.org\/index.php\/wp-json\/wp\/v2\/posts\/9074\/revisions\/9097"}],"wp:attachment":[{"href":"https:\/\/swmikolaj.org\/index.php\/wp-json\/wp\/v2\/media?parent=9074"}],"wp:term":[{"taxonomy":"category","embeddable":true,"href":"https:\/\/swmikolaj.org\/index.php\/wp-json\/wp\/v2\/categories?post=9074"},{"taxonomy":"post_tag","embeddable":true,"href":"https:\/\/swmikolaj.org\/index.php\/wp-json\/wp\/v2\/tags?post=9074"}],"curies":[{"name":"wp","href":"https:\/\/api.w.org\/{rel}","templated":true}]}}