{"id":901,"date":"2017-02-24T15:55:33","date_gmt":"2017-02-24T15:55:33","guid":{"rendered":"http:\/\/nowa.swmikolaj.org\/?p=901"},"modified":"2020-04-09T10:44:03","modified_gmt":"2020-04-09T10:44:03","slug":"ogloszeniaduszpasterskie26-02-2017r","status":"publish","type":"post","link":"https:\/\/swmikolaj.org\/index.php\/2017\/02\/24\/ogloszeniaduszpasterskie26-02-2017r\/","title":{"rendered":"Og\u0142oszenia Duszpasterskie, 26.02.2017 r."},"content":{"rendered":"<p><span style=\"font-size: 12pt;\"><strong>1.<\/strong>\u00a0\u00a0 <\/span><span style=\"font-size: 12pt;\">Ju\u017c za kilka dni rozpoczniemy Wielki Post, czas przygotowania do Paschy. W \u015arod\u0119 Popielcow\u0105 Msze \u015bw. sprawowa\u0107 b\u0119dziemy o: 7:00, 8:00, 9:00, 17:00 z udzia\u0142em dzieci, 18:30 i 19:30. \u015aroda to dzie\u0144 pokutny i Ko\u015bci\u00f3\u0142 wzywa nas do wstrzemi\u0119\u017aliwo\u015bci od pokarm\u00f3w mi\u0119snych i postu.<\/span><\/p>\n<p><span style=\"font-size: 12pt;\"><!-- [if !supportLists]--><strong>2.<\/strong>\u00a0W \u015arod\u0119 Popielcow\u0105 po Mszach \u015awi\u0119tych rozdawa\u0107 b\u0119dziemy skarbonki na ja\u0142mu\u017cn\u0119 wielkopostn\u0105. Zach\u0119camy, by skarbonk\u0119 wzi\u0119\u0142a osoba doros\u0142a z ka\u017cdej rodziny. Skarbonki z zaoszcz\u0119dzonymi pieni\u0119dzmi prosimy o przyniesienie w Wielk\u0105 Sobot\u0119 przy okazji \u015bwi\u0119cenia pokarm\u00f3w. Ofiary przeznaczone b\u0119d\u0105 w ca\u0142o\u015bci na wakacje letnie dla dzieci z najubo\u017cszych rodzin naszej parafii.<\/span><\/p>\n<p><!--more--><\/p>\n<p><strong><span style=\"font-size: 12pt; background-color: transparent;\">3.<\/span><\/strong><span style=\"font-size: 12pt; background-color: transparent;\">Nabo\u017ce\u0144stwa pasyjne sprawowa\u0107 b\u0119dziemy w nast\u0119puj\u0105cym porz\u0105dku:<\/span><\/p>\n<p style=\"padding-left: 30px;\"><span style=\"font-size: 12pt;\"><strong>a.<\/strong> Nabo\u017ce\u0144stwa Drogi Krzy\u017cowej b\u0119d\u0105 w pi\u0105tki:<\/span><\/p>\n<p style=\"padding-left: 60px;\"><span style=\"font-size: 12pt;\">&#8211; dla wszystkich wiernych o 8:30 i 17:45,<\/span><\/p>\n<p style=\"padding-left: 60px;\"><span style=\"font-size: 12pt;\">&#8211; dla dzieci o 17:00,<\/span><\/p>\n<p style=\"padding-left: 60px;\"><span style=\"font-size: 12pt;\">&#8211; dla m\u0142odzie\u017cy i wszystkich, kt\u00f3rzy nie zd\u0105\u017c\u0105 wcze\u015bniej o 19:30 w dolnym ko\u015bciele.<\/span><\/p>\n<p style=\"padding-left: 30px;\"><span style=\"font-size: 12pt;\"><strong>b.<\/strong> Nabo\u017ce\u0144stwo Gorzkich \u017bali odb\u0119dzie si\u0119 w niedziel\u0119 o 17:00. W tym roku kazania pasyjne g\u0142osi\u0107 b\u0119dzie ks. \u0141ukasz Osi\u0144ski.<\/span><\/p>\n<p><span style=\"font-size: 12pt;\"><!-- [if !supportLists]--><strong>4.<\/strong>\u00a0Od najbli\u017cszego czwartku zapraszamy na jutrzni\u0119, czyli porann\u0105 modlitw\u0119 Ko\u015bcio\u0142a, w dni powszednie o 5:30 do domu parafialnego. Modlitw\u0119 poprowadz\u0105 wsp\u00f3lnoty neokatechumenalne. Zapraszamy wszystkich ch\u0119tnych.<\/span><\/p>\n<p><span style=\"font-size: 12pt;\"><!-- [if !supportLists]--><strong>5.<\/strong>\u00a0W pierwszy pi\u0105tek okazja do spowiedzi od 7:30 do 8:15 i od 16:00 do 18:30. Dzieci zapraszamy do spowiedzi \u015bwi\u0119tej w pi\u0105tek od 16:00. <\/span><\/p>\n<p><span style=\"font-size: 12pt;\"><!-- [if !supportLists]--><strong>6.<\/strong>\u00a0Nabo\u017ce\u0144stwo Drogi Krzy\u017cowej z obrz\u0119dem Komunii \u015bw. z udzia\u0142em dzieci w pierwszy pi\u0105tek miesi\u0105ca o 17:00.\u00a0<\/span><\/p>\n<p><span style=\"font-size: 12pt;\"><!-- [if !supportLists]--><strong>7.<\/strong> Spotkanie dla \u017bywego R\u00f3\u017ca\u0144ca w sobot\u0119 o godz. 8:00.<\/span><\/p>\n<p><span style=\"font-size: 12pt;\"><strong>8.<\/strong>\u00a0Ksi\u0119\u017ca odwiedz\u0105 chorych z pos\u0142ug\u0105 sakramentaln\u0105: ks. Zbigniew w sobot\u0119, 4 marca; ks. Jan wed\u0142ug sta\u0142ego porz\u0105dku; ks. Proboszcz w \u015brod\u0119, 15 marca.<\/span><\/p>\n<p><span style=\"font-size: 12pt;\"><strong>9.<\/strong>\u00a0Diakonia Muzyczna \u015aw. Miko\u0142aja przygotowuje muzyk\u0119 na Triduum Paschalne. Najbli\u017csza pr\u00f3ba odb\u0119dzie si\u0119 w sobot\u0119 o 16:45 w domu parafialnym. Zapraszamy wszystkie osoby lubi\u0105ce \u015bpiewa\u0107 i gra\u0107.<\/span><\/p>\n<p><span style=\"font-size: 12pt;\"><!-- [if !supportLists]--><strong>10.<\/strong>\u00a0Wszystkich zainteresowanych tematem tworzenia ikon zapraszamy na wyk\u0142ad w czwartek, 2 marca na godz. 19:15 do sali nr 11 w domu parafialnym. Mo\u017cna b\u0119dzie te\u017c do\u0142\u0105czy\u0107 do trwaj\u0105cych warsztat\u00f3w i samemu napisa\u0107 ikon\u0119. <\/span><\/p>\n<p><span style=\"font-size: 12pt;\"><!-- [if !supportLists]--><strong>11.<\/strong>\u00a0Maturzyst\u00f3w zapraszamy na pielgrzymk\u0119 autokarow\u0105 na Jasn\u0105 G\u00f3r\u0119 w sobot\u0119, 11 marca. Szczeg\u00f3\u0142owe informacje i zapisy u ks. Jana.<\/span><\/p>\n<p><span style=\"font-size: 12pt;\"><!-- [if !supportLists]--><strong>12.<\/strong>\u00a0Spotkanie Parafialnej Rady Duszpasterskiej zosta\u0142o przeniesione na 12 marca, na godz. 16:00.<\/span><\/p>\n<p><span style=\"font-size: 12pt;\"><!-- [if !supportLists]--><strong>13.<\/strong>\u00a0Zapraszamy na Wiecz\u00f3r Modlitwy za kap\u0142an\u00f3w przygotowany i prowadzony przez grup\u0119 ksi\u0119\u017cy naszej archidiecezji. Rozpocz\u0119cie w dzisiaj, w niedziel\u0119, 26 lutego o godz. 20:00 w g\u00f3rnym ko\u015bciele.\u00a0<\/span><\/p>\n<p><span style=\"font-size: 12pt;\"><!-- [if !supportLists]--><strong>14.<\/strong>\u00a0Zach\u0119camy do podarowania 1% podatku na rzecz naszego Stow. \u015aw. Miko\u0142aja Biskupa. Tym, kt\u00f3rzy b\u0119d\u0105 to chcieli uczyni\u0107 s\u0142u\u017cymy pomoc\u0105 w wype\u0142nianiu deklaracji PIT w ka\u017cdy czwartek w biurze parafialnym. <\/span><\/p>\n<p><span style=\"font-size: 12pt;\"><!-- [if !supportLists]--><strong>15.<\/strong>\u00a0Serdecznie dzi\u0119kujemy za ofiary z\u0142o\u017cone na dzisiejsz\u0105 kolekt\u0119 przeznaczon\u0105 na renowacj\u0119 \u0142awek. Tydzie\u0144 temu taca przeznaczona na ten cel wynios\u0142a 9500 z\u0142 <\/span><\/p>\n<p><span style=\"font-size: 12pt;\"><!-- [if !supportLists]--><strong>16.<\/strong>\u00a0Kwesta na wyjazd m\u0142odzie\u017cy z Chyloni na \u015awiatowe Dni M\u0142odych w Panamie odb\u0119dzie si\u0119 dzisiaj po ka\u017cdej Mszy \u015awi\u0119tej. <\/span><\/p>\n<p><span style=\"font-size: 12pt;\"><!-- [if !supportLists]--><strong>17.<\/strong>\u00a0Dyrektor SP 29 zaprasza rodzic\u00f3w wraz z dzie\u0107mi na Dzie\u0144 Otwarty w poniedzia\u0142ek, 27 lutego od godz. 17:00 do 19:00.<\/span><\/p>\n<p align=\"center\"><span style=\"font-size: 12pt;\">W minionych dniach zmarli:<\/span><\/p>\n<p align=\"center\"><span style=\"font-size: 12pt;\">+ Wanda Landowska, lat 81; + Edmund Rohde, lat 87; <\/span><\/p>\n<p style=\"text-align: center;\"><span style=\"font-size: 12pt;\">+ Henryk Jaks, lat 84; + Roman Drawert, lat 72.\u00a0<\/span><\/p>\n","protected":false},"excerpt":{"rendered":"<p>1.\u00a0\u00a0 Ju\u017c za kilka dni rozpoczniemy Wielki Post, czas przygotowania do Paschy. W \u015arod\u0119 Popielcow\u0105 Msze \u015bw. sprawowa\u0107 b\u0119dziemy o: 7:00, 8:00, 9:00, 17:00 z udzia\u0142em dzieci, 18:30 i 19:30. \u015aroda to dzie\u0144 pokutny i Ko\u015bci\u00f3\u0142 wzywa nas do wstrzemi\u0119\u017aliwo\u015bci od pokarm\u00f3w mi\u0119snych i postu. 2.\u00a0W \u015arod\u0119 Popielcow\u0105 po Mszach \u015awi\u0119tych rozdawa\u0107 b\u0119dziemy skarbonki na [&hellip;]<\/p>\n","protected":false},"author":6,"featured_media":0,"comment_status":"closed","ping_status":"closed","sticky":false,"template":"","format":"standard","meta":{"footnotes":""},"categories":[8,12],"tags":[],"publishpress_future_action":{"enabled":false,"date":"1970-01-01 01:00:00","action":"","terms":[],"taxonomy":"","browser_timezone_offset":0},"_links":{"self":[{"href":"https:\/\/swmikolaj.org\/index.php\/wp-json\/wp\/v2\/posts\/901"}],"collection":[{"href":"https:\/\/swmikolaj.org\/index.php\/wp-json\/wp\/v2\/posts"}],"about":[{"href":"https:\/\/swmikolaj.org\/index.php\/wp-json\/wp\/v2\/types\/post"}],"author":[{"embeddable":true,"href":"https:\/\/swmikolaj.org\/index.php\/wp-json\/wp\/v2\/users\/6"}],"replies":[{"embeddable":true,"href":"https:\/\/swmikolaj.org\/index.php\/wp-json\/wp\/v2\/comments?post=901"}],"version-history":[{"count":1,"href":"https:\/\/swmikolaj.org\/index.php\/wp-json\/wp\/v2\/posts\/901\/revisions"}],"predecessor-version":[{"id":2950,"href":"https:\/\/swmikolaj.org\/index.php\/wp-json\/wp\/v2\/posts\/901\/revisions\/2950"}],"wp:attachment":[{"href":"https:\/\/swmikolaj.org\/index.php\/wp-json\/wp\/v2\/media?parent=901"}],"wp:term":[{"taxonomy":"category","embeddable":true,"href":"https:\/\/swmikolaj.org\/index.php\/wp-json\/wp\/v2\/categories?post=901"},{"taxonomy":"post_tag","embeddable":true,"href":"https:\/\/swmikolaj.org\/index.php\/wp-json\/wp\/v2\/tags?post=901"}],"curies":[{"name":"wp","href":"https:\/\/api.w.org\/{rel}","templated":true}]}}