{"id":8981,"date":"2021-12-02T18:07:06","date_gmt":"2021-12-02T17:07:06","guid":{"rendered":"https:\/\/swmikolaj.org\/?p=8981"},"modified":"2021-12-02T18:07:07","modified_gmt":"2021-12-02T17:07:07","slug":"intencje-mszy-swietych-29-11-05-12-2021","status":"publish","type":"post","link":"https:\/\/swmikolaj.org\/index.php\/2021\/12\/02\/intencje-mszy-swietych-29-11-05-12-2021\/","title":{"rendered":"INTENCJE MSZY \u015aWI\u0118TYCH 29\/11 &#8211; 05\/12\/2021"},"content":{"rendered":"<table width=\"647\">\n<tbody>\n<tr>\n<td colspan=\"2\" width=\"647\"><strong>29\/11\/2021 Poniedzia\u0142ek<\/strong><\/td>\n<\/tr>\n<tr>\n<td width=\"85\"><strong>06:45<\/strong><\/td>\n<td width=\"562\">+ Zmarli klienci sklepu przy Harcerskiej 11<\/td>\n<\/tr>\n<tr>\n<td width=\"85\"><strong>08:00<\/strong><\/td>\n<td width=\"562\">1.\u00a0\u00a0\u00a0\u00a0\u00a0 + Zofia R\u00f3\u017cek &#8211; intencja od kole\u017canek<\/p>\n<p>2.\u00a0\u00a0\u00a0\u00a0\u00a0 + Tadeusz R\u00f3\u017ca\u0144ski<\/td>\n<\/tr>\n<tr>\n<td width=\"85\"><strong>18:30<\/strong><\/td>\n<td width=\"562\">1.\u00a0\u00a0\u00a0\u00a0\u00a0 + Stanis\u0142aw Kurzy\u0144ski &#8211; gregoria\u0144ska<\/p>\n<p>2.\u00a0\u00a0\u00a0\u00a0\u00a0 + Romuald Dakowicz w 20 rocz. \u015bmierci oraz rodzice z obojga stron<\/p>\n<p>3.\u00a0\u00a0\u00a0\u00a0\u00a0 + Krystyna Kali\u0144ska<\/td>\n<\/tr>\n<tr>\n<td colspan=\"2\" width=\"647\"><strong>30\/11\/2021 Wtorek<\/strong><\/td>\n<\/tr>\n<tr>\n<td width=\"85\"><strong>06:45<\/strong><\/td>\n<td width=\"562\">+ Joanna Jankowska<\/td>\n<\/tr>\n<tr>\n<td width=\"85\"><strong>08:00<\/strong><\/td>\n<td width=\"562\">1.\u00a0\u00a0\u00a0\u00a0\u00a0 W intencji ks. Andrzeja\u00a0 z okazji imienin \u2013 intencja od R\u00f3\u017c \u017bywego R\u00f3\u017ca\u0144ca<\/p>\n<p>2.\u00a0\u00a0\u00a0\u00a0\u00a0 + Stanis\u0142aw Kurzy\u0144ski &#8211; gregoria\u0144ska<\/td>\n<\/tr>\n<tr>\n<td width=\"85\"><strong>18:30<\/strong><\/td>\n<td width=\"562\">1.\u00a0\u00a0\u00a0\u00a0\u00a0 + Andrzej Lis<\/p>\n<p>2.\u00a0\u00a0\u00a0\u00a0\u00a0 + Franciszek Kopacz<\/td>\n<\/tr>\n<tr>\n<td colspan=\"2\" width=\"647\"><strong>01\/12\/2021 \u015aroda<\/strong><\/td>\n<\/tr>\n<tr>\n<td width=\"85\"><strong>06:45<\/strong><\/td>\n<td width=\"562\">+ Matylda i Brunon M\u0142y\u0144scy<\/td>\n<\/tr>\n<tr>\n<td width=\"85\"><strong>08:00<\/strong><\/td>\n<td width=\"562\">1.\u00a0\u00a0\u00a0\u00a0\u00a0 + Klara w rocz. \u015bmierci, Franciszka, W\u0142adys\u0142aw, dziadkowie z obojga stron, El\u017cbieta, Gertruda, Marianna, Gra\u017cyna, dusze w czy\u015b\u0107cu<\/p>\n<p>2.\u00a0\u00a0\u00a0\u00a0\u00a0 + Alicja Rzekiecka &#8211; intencja od przyjaci\u00f3\u0142<\/td>\n<\/tr>\n<tr>\n<td width=\"85\"><strong>18:30<\/strong><\/td>\n<td width=\"562\">1.\u00a0\u00a0\u00a0\u00a0\u00a0 + Stanis\u0142aw Kurzy\u0144ski &#8211; gregoria\u0144ska<\/p>\n<p>2.\u00a0\u00a0\u00a0\u00a0\u00a0 + M\u0105\u017c Tadeusz Miko\u0142ajewski w 8 rocz. \u015bmierci, syn Marek oraz Wiktoria i Franciszek, Marianna, Czes\u0142awa i Anastazy<\/p>\n<p>3.\u00a0\u00a0\u00a0\u00a0\u00a0 + Pelagia, Sylwester i Narcyz Semmerling<\/td>\n<\/tr>\n<tr>\n<td colspan=\"2\" width=\"647\"><strong>02\/12\/2021 Czwartek<\/strong><\/td>\n<\/tr>\n<tr>\n<td width=\"85\"><strong>06:45<\/strong><\/td>\n<td width=\"562\">+ Danuta Kopczy\u0144ska<\/td>\n<\/tr>\n<tr>\n<td width=\"85\"><strong>08:00<\/strong><\/td>\n<td width=\"562\">1.\u00a0\u00a0\u00a0\u00a0\u00a0 W intencji Matyldy, Juliana i Krzysztofa o uwolnienie od z\u0142a<\/p>\n<p>2.\u00a0\u00a0\u00a0\u00a0\u00a0 + Stanis\u0142aw Kurzy\u0144ski \u2013 gregoria\u0144ska<\/p>\n<p>3.\u00a0\u00a0\u00a0\u00a0\u00a0 + Tadeusz Popek oraz rodzice Antonina i Piotr Pieczykolas<\/td>\n<\/tr>\n<tr>\n<td width=\"85\"><strong>18:30<\/strong><\/td>\n<td width=\"562\">1.\u00a0\u00a0\u00a0\u00a0\u00a0 + \u017bona El\u017cbieta Mamet-Ossowska w 13 rocz. \u015bmierci, brat Ryszard, synowa Renata oraz rodzice Jadwiga, Stanis\u0142aw, Wanda i Franciszek<\/p>\n<p>2.\u00a0\u00a0\u00a0\u00a0\u00a0 + Anna w 24 rocz. \u015bmierci oraz zmarli z rodziny<\/td>\n<\/tr>\n<tr>\n<td colspan=\"2\" width=\"647\"><strong>03\/12\/2021 Pi\u0105tek<\/strong><\/td>\n<\/tr>\n<tr>\n<td width=\"85\"><strong>06:45<\/strong><\/td>\n<td width=\"562\">Dzi\u0119kczynna za otrzymane \u0142aski dla rodziny z pro\u015bb\u0105 o dalsz\u0105 opiek\u0119<\/td>\n<\/tr>\n<tr>\n<td width=\"85\"><strong>08:00<\/strong><\/td>\n<td width=\"562\">1.\u00a0\u00a0\u00a0\u00a0\u00a0 B\u0142agalna o dar zdrowia, ulg\u0119 w cierpieniu i wszelkie potrzebne \u0142aski dla Urszuli<\/p>\n<p>2.\u00a0\u00a0\u00a0\u00a0\u00a0 + Jerzy Dominikowski w 30 dni po \u015bmierci<\/td>\n<\/tr>\n<tr>\n<td width=\"85\"><strong>10:00<\/strong><\/td>\n<td width=\"562\">Pogrzeb: \u015bp. Edmund Rosinke, lat 89<\/td>\n<\/tr>\n<tr>\n<td width=\"85\"><strong>18:30<\/strong><\/td>\n<td width=\"562\">1.\u00a0\u00a0\u00a0\u00a0\u00a0 + Stanis\u0142aw Kurzy\u0144ski \u2013 gregoria\u0144ska<\/p>\n<p>2.\u00a0\u00a0\u00a0\u00a0\u00a0 + Mama Jadwiga w 12 rocz. \u015bmierci<\/p>\n<p>3.\u00a0\u00a0\u00a0\u00a0\u00a0 + Anna Betlejewska i c\u00f3rka Maria<\/td>\n<\/tr>\n<tr>\n<td colspan=\"2\" width=\"647\"><strong>04\/12\/2021 Sobota<\/strong><\/td>\n<\/tr>\n<tr>\n<td width=\"85\"><strong>08:00<\/strong><\/td>\n<td width=\"562\">1.\u00a0\u00a0\u00a0\u00a0\u00a0 Dzi\u0119kczynno-b\u0142agalna w intencji XIII R\u00f3\u017cy \u017bywego R\u00f3\u017ca\u0144ca z pro\u015bb\u0105 o zdrowie, Bo\u017ce b\u0142ogos\u0142awie\u0144stwo i opiek\u0119 Matki Bo\u017cej dla cz\u0142onki\u0144 i ich rodzin oraz o \u017cycie wieczne dla zmar\u0142ych<\/p>\n<p>2.\u00a0\u00a0\u00a0\u00a0\u00a0 + Jaros\u0142aw Kijewski<\/p>\n<p>3.\u00a0\u00a0\u00a0\u00a0\u00a0 + Stanis\u0142aw Kurzy\u0144ski \u2013 gregoria\u0144ska<\/p>\n<p>4.\u00a0\u00a0\u00a0\u00a0\u00a0 + Zygmunt Gotowicki w 1 rocz. \u015bmierci<\/p>\n<p>5.\u00a0\u00a0\u00a0\u00a0\u00a0 + Teresa Cecot oraz Zdzis\u0142aw i zmarli z rodziny<\/td>\n<\/tr>\n<tr>\n<td width=\"85\"><strong>18:30<\/strong><\/td>\n<td width=\"562\">+ Marta Marsza\u0142ek w 19 rocz. \u015bmierci oraz W\u0142adys\u0142aw Marsza\u0142ek<\/td>\n<\/tr>\n<tr>\n<td width=\"85\"><strong>19:30DK<\/strong><\/td>\n<td width=\"562\">+ M\u0105\u017c Antoni Dodak w 11 rocz. \u015bmierci oraz rodzice i rodze\u0144stwo z obojga stron<\/td>\n<\/tr>\n<tr>\n<td colspan=\"2\" width=\"647\"><strong>05\/12\/2021 <\/strong><\/p>\n<p><strong>II Niedziela Adwentu<\/strong><\/td>\n<\/tr>\n<tr>\n<td width=\"85\"><strong>08:00<\/strong><\/td>\n<td width=\"562\">+ Tadeusz Kleina oraz rodzice z obojga stron<\/td>\n<\/tr>\n<tr>\n<td width=\"85\"><strong>10:00<\/strong><\/td>\n<td width=\"562\">1.\u00a0\u00a0\u00a0\u00a0\u00a0 W intencji parafii<\/p>\n<p>2.\u00a0\u00a0\u00a0\u00a0\u00a0 + M\u0105\u017c Wac\u0142aw Rdze\u0144 w 50 rocz. \u015bmierci<\/td>\n<\/tr>\n<tr>\n<td width=\"85\"><strong>11:30<\/strong><\/td>\n<td width=\"562\">1.\u00a0\u00a0\u00a0\u00a0\u00a0 Dzi\u0119kczynna za \u017cycie Tymoteusza w dniu pierwszych urodzin z pro\u015bb\u0105 o dalsze \u0142aski i za Kazimier\u0119 i J\u00f3zefa w pierwsza rocznice \u015bmierci z pro\u015bb\u0105 o Niebo<\/p>\n<p>2.\u00a0\u00a0\u00a0\u00a0\u00a0 + M\u0105\u017c Stanis\u0142aw w 31 rocz. \u015bmierci oraz zmarli z rodzin Szatkowskich i Klamann<\/td>\n<\/tr>\n<tr>\n<td width=\"85\"><strong>13:00<\/strong><\/td>\n<td width=\"562\">1.\u00a0\u00a0\u00a0\u00a0\u00a0 + Teresa Zerka w 1 rocz. \u015bmierci<\/p>\n<p>2.\u00a0\u00a0\u00a0\u00a0\u00a0 + Krystyna Gombiowska w 3 rocz. \u015bmierci<\/td>\n<\/tr>\n<tr>\n<td width=\"85\"><strong>18:30<\/strong><\/td>\n<td width=\"562\">+ M\u0105\u017c Krzysztof Dziedzic w 22 rocz. \u015bmierci oraz rodzice, rodze\u0144stwo i bliscy z obojga stron<\/td>\n<\/tr>\n<tr>\n<td width=\"85\"><strong>17:00DK<\/strong><\/td>\n<td width=\"562\">+ Stanis\u0142aw Kurzy\u0144ski &#8211; gregoria\u0144ska<\/td>\n<\/tr>\n<\/tbody>\n<\/table>\n","protected":false},"excerpt":{"rendered":"<p>29\/11\/2021 Poniedzia\u0142ek 06:45 + Zmarli klienci sklepu przy Harcerskiej 11 08:00 1.\u00a0\u00a0\u00a0\u00a0\u00a0 + Zofia R\u00f3\u017cek &#8211; intencja od kole\u017canek 2.\u00a0\u00a0\u00a0\u00a0\u00a0 + Tadeusz R\u00f3\u017ca\u0144ski 18:30 1.\u00a0\u00a0\u00a0\u00a0\u00a0 + Stanis\u0142aw Kurzy\u0144ski &#8211; gregoria\u0144ska 2.\u00a0\u00a0\u00a0\u00a0\u00a0 + Romuald Dakowicz w 20 rocz. \u015bmierci oraz rodzice z obojga stron 3.\u00a0\u00a0\u00a0\u00a0\u00a0 + Krystyna Kali\u0144ska 30\/11\/2021 Wtorek 06:45 + Joanna Jankowska 08:00 1.\u00a0\u00a0\u00a0\u00a0\u00a0 [&hellip;]<\/p>\n","protected":false},"author":6,"featured_media":0,"comment_status":"closed","ping_status":"closed","sticky":false,"template":"","format":"standard","meta":{"footnotes":""},"categories":[10],"tags":[],"publishpress_future_action":{"enabled":false,"date":"1970-01-01 01:00:00","action":"","terms":[],"taxonomy":"","browser_timezone_offset":0},"_links":{"self":[{"href":"https:\/\/swmikolaj.org\/index.php\/wp-json\/wp\/v2\/posts\/8981"}],"collection":[{"href":"https:\/\/swmikolaj.org\/index.php\/wp-json\/wp\/v2\/posts"}],"about":[{"href":"https:\/\/swmikolaj.org\/index.php\/wp-json\/wp\/v2\/types\/post"}],"author":[{"embeddable":true,"href":"https:\/\/swmikolaj.org\/index.php\/wp-json\/wp\/v2\/users\/6"}],"replies":[{"embeddable":true,"href":"https:\/\/swmikolaj.org\/index.php\/wp-json\/wp\/v2\/comments?post=8981"}],"version-history":[{"count":1,"href":"https:\/\/swmikolaj.org\/index.php\/wp-json\/wp\/v2\/posts\/8981\/revisions"}],"predecessor-version":[{"id":8982,"href":"https:\/\/swmikolaj.org\/index.php\/wp-json\/wp\/v2\/posts\/8981\/revisions\/8982"}],"wp:attachment":[{"href":"https:\/\/swmikolaj.org\/index.php\/wp-json\/wp\/v2\/media?parent=8981"}],"wp:term":[{"taxonomy":"category","embeddable":true,"href":"https:\/\/swmikolaj.org\/index.php\/wp-json\/wp\/v2\/categories?post=8981"},{"taxonomy":"post_tag","embeddable":true,"href":"https:\/\/swmikolaj.org\/index.php\/wp-json\/wp\/v2\/tags?post=8981"}],"curies":[{"name":"wp","href":"https:\/\/api.w.org\/{rel}","templated":true}]}}