{"id":8787,"date":"2021-11-05T13:48:45","date_gmt":"2021-11-05T12:48:45","guid":{"rendered":"https:\/\/swmikolaj.org\/?p=8787"},"modified":"2021-11-07T17:01:22","modified_gmt":"2021-11-07T16:01:22","slug":"ogloszenia-duszpasterskie-i-biuletyn-parafialny-07-11-2021r","status":"publish","type":"post","link":"https:\/\/swmikolaj.org\/index.php\/2021\/11\/05\/ogloszenia-duszpasterskie-i-biuletyn-parafialny-07-11-2021r\/","title":{"rendered":"Og\u0142oszenia Duszpasterskie i Biuletyn Parafialny, 07.11.2021r."},"content":{"rendered":"<p style=\"text-align: justify;\"><span style=\"font-size: 18pt;\"><strong>1.<\/strong> <\/span>11 listopada obchodzi\u0107 b\u0119dziemy \u015bwi\u0119to narodowe. Zapraszamy na Msze \u015bwi\u0119te tego dnia o 8:00 i 18:30, podczas kt\u00f3rych modli\u0107 si\u0119 b\u0119dziemy za nasz\u0105 ojczyzn\u0119. Uroczysto\u015bci pod pomnikiem ukazuj\u0105cym Serce Jezusa i upami\u0119tniaj\u0105cym poleg\u0142ych mieszka\u0144c\u00f3w Chyloni w latach 1914-1920, przy ul. Dzia\u0142dowskiej, odb\u0119dzie si\u0119 o godz. 9:00 z udzia\u0142em prezydenta miasta.<\/p>\n\n\n<!--more-->\n\n\n<p style=\"text-align: justify;\"><span style=\"font-size: 18pt;\"><strong>2.<\/strong> <\/span>Adoracja Naj\u015bwi\u0119tszego Sakramentu odbywa si\u0119 od poniedzia\u0142ku do soboty, od 8:40 do 18:15 w dolnym ko\u015bciele. Zapraszamy szczeg\u00f3lnie w godzinach od 11 do 14 i od 16:00 do 17:30, gdy przychodzi najmniej os\u00f3b.<br \/><span style=\"font-size: 18pt;\"><strong>3.<\/strong> <\/span>Pierwsze spotkanie Parafialnej Rady Duszpasterskiej odb\u0119dzie si\u0119 14 listopada o 16:00 w sali nr 5 domu parafialnego.<br \/><span style=\"font-size: 18pt;\"><strong>4.<\/strong> <\/span>W zwi\u0105zku ze \u015awi\u0119tem Niepodleg\u0142o\u015bci biuro parafialne w najbli\u017cszym tygodniu b\u0119dzie czynne: w poniedzia\u0142ek i wtorek w sta\u0142ych godzinach oraz w \u015brod\u0119 od 9:30 do 12:30. W czwartek i pi\u0105tek biuro b\u0119dzie zamkni\u0119te.<br \/><span style=\"font-size: 18pt;\"><strong>5.<\/strong> <\/span>Walne zgromadzenie cz\u0142onk\u00f3w Stowarzyszenia \u015aw. Miko\u0142aja Biskupa odb\u0119dzie si\u0119 w poniedzia\u0142ek, 8 listopada o godz. 19:15 w sali nr 2.<br \/><span style=\"font-size: 18pt;\"><strong>6.<\/strong> <\/span>Spotkanie Czcicieli Mi\u0142osierdzia Bo\u017cego odb\u0119dzie si\u0119 we wtorek, 9 listopada o 15:30 w domu parafialnym, sala nr 8.<br \/><span style=\"font-size: 18pt;\"><strong>7.<\/strong> <\/span>Szko\u0142a Ewangelizacji Magnificat zaprasza na Eucharysti\u0119 we wtorek o 19:30 w g\u00f3rnym ko\u015bciele.<br \/><span style=\"font-size: 18pt;\"><strong>8.<\/strong> <\/span>Klub Seniora zaprasza na spotkania w domu parafialnym:<br \/><span style=\"font-size: 18pt;\"><strong>a.<\/strong><\/span> 10 listopada o godz. 9:00 z udzia\u0142em ks. proboszcza Jacka: Czy dusza si\u0119 starzeje?<br \/><span style=\"font-size: 18pt;\"><strong>b.<\/strong> <\/span>17 listopada o godz. 9:00 z udzia\u0142em dra Jana Hlebowicza: &#8222;W kleszczach totalitaryzm\u00f3w. Sytuacja duchowie\u0144stwa katolickiego na Pomorzu Gda\u0144skim w latach 1939-1956&#8221;.<br \/><span style=\"font-size: 18pt;\"><strong>c.<\/strong><\/span> 24 listopada, wyj\u015bcie do kina.<br \/><span style=\"font-size: 18pt;\"><strong>9.<\/strong> <\/span>M\u0142odzie\u017c z Klubu Alternative bardzo dzi\u0119kuje za wsparcie podczas zbi\u00f3rki, kt\u00f3ra mia\u0142a miejsce tydzie\u0144 temu. Uzbierano 2180 z\u0142, doch\u00f3d zostanie przekazany na leczenie Wojtka, kt\u00f3ry uleg\u0142 ci\u0119\u017ckiemu wypadkowi oraz na remont miejsca w kt\u00f3rym si\u0119 spotykaj\u0105.<br \/><span style=\"font-size: 18pt;\"><strong>10.<\/strong> <\/span>Dzisiaj po Mszy \u015bwi\u0119tej kwesta na dzia\u0142alno\u015b\u0107 parafialnego Caritas i na Zup\u0119 Chylo\u0144sk\u0105. W najbli\u017csz\u0105 sobot\u0119 organizujemy wyjazd dla uczestnik\u00f3w \u201eZupy\u201d do Gietrzwa\u0142du, st\u0105d cz\u0119\u015b\u0107 kwesty b\u0119dzie przeznaczona na op\u0142acenie autokaru i posi\u0142ku.<\/p>\n<p style=\"text-align: center;\">W minionych dniach zmar\u0142:<br \/>Roman Osicki, lat 73<\/p>\n\n\n<div class=\"wp-block-file\"><a href=\"https:\/\/swmikolaj.org\/wp-content\/uploads\/2021\/11\/Biuletyn-Parafilany-2021-11-07.pdf\">Biuletyn-Parafilany-2021-11-07<\/a><a href=\"https:\/\/swmikolaj.org\/wp-content\/uploads\/2021\/11\/Biuletyn-Parafilany-2021-11-07.pdf\" class=\"wp-block-file__button\" download>Pobierz<\/a><\/div>\n","protected":false},"excerpt":{"rendered":"<p>1. 11 listopada obchodzi\u0107 b\u0119dziemy \u015bwi\u0119to narodowe. Zapraszamy na Msze \u015bwi\u0119te tego dnia o 8:00 i 18:30, podczas kt\u00f3rych modli\u0107 si\u0119 b\u0119dziemy za nasz\u0105 ojczyzn\u0119. Uroczysto\u015bci pod pomnikiem ukazuj\u0105cym Serce Jezusa i upami\u0119tniaj\u0105cym poleg\u0142ych mieszka\u0144c\u00f3w Chyloni w latach 1914-1920, przy ul. Dzia\u0142dowskiej, odb\u0119dzie si\u0119 o godz. 9:00 z udzia\u0142em prezydenta miasta.<\/p>\n","protected":false},"author":6,"featured_media":0,"comment_status":"closed","ping_status":"closed","sticky":false,"template":"","format":"standard","meta":{"footnotes":""},"categories":[8,12],"tags":[],"publishpress_future_action":{"enabled":false,"date":"1970-01-01 01:00:00","action":"","terms":[],"taxonomy":"","browser_timezone_offset":0},"_links":{"self":[{"href":"https:\/\/swmikolaj.org\/index.php\/wp-json\/wp\/v2\/posts\/8787"}],"collection":[{"href":"https:\/\/swmikolaj.org\/index.php\/wp-json\/wp\/v2\/posts"}],"about":[{"href":"https:\/\/swmikolaj.org\/index.php\/wp-json\/wp\/v2\/types\/post"}],"author":[{"embeddable":true,"href":"https:\/\/swmikolaj.org\/index.php\/wp-json\/wp\/v2\/users\/6"}],"replies":[{"embeddable":true,"href":"https:\/\/swmikolaj.org\/index.php\/wp-json\/wp\/v2\/comments?post=8787"}],"version-history":[{"count":2,"href":"https:\/\/swmikolaj.org\/index.php\/wp-json\/wp\/v2\/posts\/8787\/revisions"}],"predecessor-version":[{"id":8800,"href":"https:\/\/swmikolaj.org\/index.php\/wp-json\/wp\/v2\/posts\/8787\/revisions\/8800"}],"wp:attachment":[{"href":"https:\/\/swmikolaj.org\/index.php\/wp-json\/wp\/v2\/media?parent=8787"}],"wp:term":[{"taxonomy":"category","embeddable":true,"href":"https:\/\/swmikolaj.org\/index.php\/wp-json\/wp\/v2\/categories?post=8787"},{"taxonomy":"post_tag","embeddable":true,"href":"https:\/\/swmikolaj.org\/index.php\/wp-json\/wp\/v2\/tags?post=8787"}],"curies":[{"name":"wp","href":"https:\/\/api.w.org\/{rel}","templated":true}]}}