{"id":8493,"date":"2021-09-24T11:45:29","date_gmt":"2021-09-24T10:45:29","guid":{"rendered":"https:\/\/swmikolaj.org\/?p=8493"},"modified":"2021-09-24T11:45:30","modified_gmt":"2021-09-24T10:45:30","slug":"ogloszenia-duszpasterskie-i-biuletyn-parafialny-26-09-2021r","status":"publish","type":"post","link":"https:\/\/swmikolaj.org\/index.php\/2021\/09\/24\/ogloszenia-duszpasterskie-i-biuletyn-parafialny-26-09-2021r\/","title":{"rendered":"Og\u0142oszenia Duszpasterskie i  Biuletyn Parafialny, 26.09.2021r."},"content":{"rendered":"<p style=\"text-align: justify;\"><span style=\"font-size: 18pt;\"><strong>1.<\/strong><\/span> Prze\u017cywaj\u0105cych kryzys ma\u0142\u017ce\u0144ski zapraszamy na spotkanie Wsp\u00f3lnoty Trudnych Ma\u0142\u017ce\u0144stw Sychar w poniedzia\u0142ek, 27 wrze\u015bnia. W planie Msza \u015bwi\u0119ta o 18:30, nast\u0119pnie dalsza cz\u0119\u015b\u0107 spotkania w starej plebanii. Mo\u017cna przyj\u015b\u0107 w parze, mo\u017cna te\u017c w pojedynk\u0119.<br \/><span style=\"font-size: 18pt;\"><strong>2.<\/strong> <\/span>Nabo\u017ce\u0144stwa r\u00f3\u017ca\u0144cowe b\u0119dziemy sprawowa\u0107 w pa\u017adzierniku codziennie o 17:45, a dzieci zapraszamy w pi\u0105tki na 17:00.<\/p>\n\n\n<!--more-->\n\n\n<p style=\"text-align: justify;\"><span style=\"font-size: 18pt;\"><strong>3.<\/strong> <\/span>Dzieci ze szko\u0142y podstawowej zapraszamy w najbli\u017cszy pi\u0105tek, 1 pa\u017adziernika na pierwsze nabo\u017ce\u0144stwo r\u00f3\u017ca\u0144cowe po\u0142\u0105czone z udzieleniem Komunii \u015bwi\u0119tej o 17:00. Spowied\u017a \u201epierwszopi\u0105tkowa\u201d dla dzieci od 16:30 do 17:00. <br \/><span style=\"font-size: 18pt;\"><strong>4.<\/strong> <\/span>W pierwszy pi\u0105tek miesi\u0105ca zapraszamy na Msze \u015bwi\u0119te o 8:00 lub 18:30. Okazja do spowiedzi b\u0119dzie tego dnia od 7:30 do 8:15 i od 17:45 do 18:45.<br \/><span style=\"font-size: 18pt;\"><strong>5.<\/strong><\/span> M\u0142odzie\u017c zapraszamy na nabo\u017ce\u0144stwo pokutne ze Spowiedzi\u0105 \u015bwi\u0119t\u0105 w pi\u0105tek, 2 pa\u017adziernika o 19:15 w g\u00f3rnym ko\u015bciele. <br \/><span style=\"font-size: 18pt;\"><strong>6.<\/strong> <\/span>Spotkanie dla cz\u0142onk\u00f3w \u017bywego R\u00f3\u017ca\u0144ca odb\u0119dzie si\u0119 w sobot\u0119, 2 pa\u017adziernika o 8:00.<br \/><span style=\"font-size: 18pt;\"><strong>7.<\/strong> <\/span>Rodzic\u00f3w i uczni\u00f3w klas 8 Szko\u0142y Podstawowej oraz klas 1 szk\u00f3\u0142 ponadpodstawowych zapraszamy na spotkanie rozpoczynaj\u0105ce formacj\u0119 m\u0142odzie\u017cy do Bierzmowania, kt\u00f3re odb\u0119dzie si\u0119 7 pa\u017adziernika o godz. 19:00 w dolnym ko\u015bciele.<br \/><span style=\"font-size: 18pt;\"><strong>8.<\/strong> <\/span>Wolontariusze z hospicjum gdy\u0144skiego rozprowadzaj\u0105 dzisiaj kalendarze na 2022 rok. Zach\u0119camy do wsparcia dzia\u0142alno\u015bci hospicjum.<\/p>\n\n\n<div class=\"wp-block-file\"><a href=\"https:\/\/swmikolaj.org\/wp-content\/uploads\/2021\/09\/Biuletyn-Parafialny-2021-09-26.pdf\">Biuletyn-Parafialny-2021-09-26<\/a><a href=\"https:\/\/swmikolaj.org\/wp-content\/uploads\/2021\/09\/Biuletyn-Parafialny-2021-09-26.pdf\" class=\"wp-block-file__button\" download>Pobierz<\/a><\/div>\n","protected":false},"excerpt":{"rendered":"<p>1. Prze\u017cywaj\u0105cych kryzys ma\u0142\u017ce\u0144ski zapraszamy na spotkanie Wsp\u00f3lnoty Trudnych Ma\u0142\u017ce\u0144stw Sychar w poniedzia\u0142ek, 27 wrze\u015bnia. W planie Msza \u015bwi\u0119ta o 18:30, nast\u0119pnie dalsza cz\u0119\u015b\u0107 spotkania w starej plebanii. Mo\u017cna przyj\u015b\u0107 w parze, mo\u017cna te\u017c w pojedynk\u0119.2. Nabo\u017ce\u0144stwa r\u00f3\u017ca\u0144cowe b\u0119dziemy sprawowa\u0107 w pa\u017adzierniku codziennie o 17:45, a dzieci zapraszamy w pi\u0105tki na 17:00.<\/p>\n","protected":false},"author":6,"featured_media":0,"comment_status":"closed","ping_status":"closed","sticky":false,"template":"","format":"standard","meta":{"footnotes":""},"categories":[8,12],"tags":[],"publishpress_future_action":{"enabled":false,"date":"1970-01-01 01:00:00","action":"","terms":[],"taxonomy":"","browser_timezone_offset":0},"_links":{"self":[{"href":"https:\/\/swmikolaj.org\/index.php\/wp-json\/wp\/v2\/posts\/8493"}],"collection":[{"href":"https:\/\/swmikolaj.org\/index.php\/wp-json\/wp\/v2\/posts"}],"about":[{"href":"https:\/\/swmikolaj.org\/index.php\/wp-json\/wp\/v2\/types\/post"}],"author":[{"embeddable":true,"href":"https:\/\/swmikolaj.org\/index.php\/wp-json\/wp\/v2\/users\/6"}],"replies":[{"embeddable":true,"href":"https:\/\/swmikolaj.org\/index.php\/wp-json\/wp\/v2\/comments?post=8493"}],"version-history":[{"count":1,"href":"https:\/\/swmikolaj.org\/index.php\/wp-json\/wp\/v2\/posts\/8493\/revisions"}],"predecessor-version":[{"id":8495,"href":"https:\/\/swmikolaj.org\/index.php\/wp-json\/wp\/v2\/posts\/8493\/revisions\/8495"}],"wp:attachment":[{"href":"https:\/\/swmikolaj.org\/index.php\/wp-json\/wp\/v2\/media?parent=8493"}],"wp:term":[{"taxonomy":"category","embeddable":true,"href":"https:\/\/swmikolaj.org\/index.php\/wp-json\/wp\/v2\/categories?post=8493"},{"taxonomy":"post_tag","embeddable":true,"href":"https:\/\/swmikolaj.org\/index.php\/wp-json\/wp\/v2\/tags?post=8493"}],"curies":[{"name":"wp","href":"https:\/\/api.w.org\/{rel}","templated":true}]}}