{"id":8334,"date":"2021-09-03T15:17:04","date_gmt":"2021-09-03T14:17:04","guid":{"rendered":"https:\/\/swmikolaj.org\/?p=8334"},"modified":"2021-09-03T15:20:49","modified_gmt":"2021-09-03T14:20:49","slug":"ogloszenia-duszpasterskie-05-09-2021-r","status":"publish","type":"post","link":"https:\/\/swmikolaj.org\/index.php\/2021\/09\/03\/ogloszenia-duszpasterskie-05-09-2021-r\/","title":{"rendered":"Og\u0142oszenia Duszpasterskie i Biuletyn Parafialny, 05.09.2021r."},"content":{"rendered":"<p style=\"text-align: justify;\"><strong><span style=\"font-size: 18pt;\">1.<\/span><\/strong> \u015awi\u0119to Narodzenia NMP obchodzi\u0107 b\u0119dziemy w \u015brod\u0119, 8 wrze\u015bnia zapraszamy na Nowenn\u0119 do NMP i Eucharysti\u0119 o 8:00 i 18:30. <br><span style=\"font-size: 18pt;\"><strong>2.<\/strong> <\/span>Zebranie rodzic\u00f3w oraz m\u0142odzie\u017cy, kt\u00f3ra 20 wrze\u015bnia przyjmie sakrament Bierzmowania, odb\u0119dzie si\u0119 dzisiaj, w niedziel\u0119, 5 wrze\u015bnia o godz. 18:00 w dolnym ko\u015bciele.<\/p>\n\n\n<!--more-->\n\n\n<p style=\"text-align: justify;\"><span style=\"font-size: 18pt;\"><strong>3.<\/strong> <\/span>M\u0142odzie\u017c, kt\u00f3ra rozpocz\u0119\u0142a nauk\u0119 w pierwszych klasach szk\u00f3\u0142 ponadpodstawowych, rozpocznie kurs przygotowuj\u0105cy do Bierzmowania. W ramach spotka\u0144 przygotowuj\u0105cych zapraszamy najpierw we wrze\u015bniu na Msze niedzielne o godz. 17 w dolnym ko\u015bciele. Zapisy na kurs i informacje u ks. Grzegorza.<br \/><span style=\"font-size: 18pt;\"><strong>4.<\/strong><\/span> Rodzic\u00f3w dzieci przygotowuj\u0105cych si\u0119 do Pierwszej Komunii \u015awi\u0119tej zapraszamy na spotkanie organizacyjne, kt\u00f3re odb\u0119dzie si\u0119 w niedziel\u0119, 12 wrze\u015bnia o 19:30 w ko\u015bciele.<br \/><span style=\"font-size: 18pt;\"><strong>5.<\/strong> <\/span>Zapraszamy ch\u0142opc\u00f3w do grona ministrant\u00f3w i lektor\u00f3w. Dziewcz\u0119ta zapraszamy do Asysty Liturgicznej Dziewcz\u0105t. Osoby ch\u0119tne prosimy o kontakt z ksi\u0119dzem Grzegorzem.<br \/><span style=\"font-size: 18pt;\"><strong>6.<\/strong> <\/span>Autokarowa pielgrzymka do Swarzewa na uroczysto\u015bci odpustowe dla senior\u00f3w i ludzi chorych odb\u0119dzie si\u0119, je\u015bli b\u0119d\u0105 ch\u0119tni, w wtorek, 7 wrze\u015bnia. Wyjazd o godz. 8.15. Zapisy w biurze parafialnym jeszcze tylko w poniedzia\u0142ek. <span style=\"font-size: 14pt;\">Koszt wyjazdu 25 z\u0142.<\/span><br \/><span style=\"font-size: 18pt;\"><strong>7.<\/strong> <\/span>Wszystkich prze\u017cywaj\u0105cych kryzys ma\u0142\u017ce\u0144ski zapraszamy na spotkanie Wsp\u00f3lnoty Trudnych Ma\u0142\u017ce\u0144stw Sychar w najbli\u017cszy poniedzia\u0142ek, 6 wrze\u015bnia. W planie Msza \u015bwi\u0119ta w ko\u015bciele o 18:30,a nast\u0119pnie spotkanie w sali starej plebanii.<br \/><span style=\"font-size: 18pt;\"><strong>8.<\/strong><\/span> Szko\u0142a Ewangelizacji Magnificat zaprasza na Eucharysti\u0119 rozpoczynaj\u0105c\u0105 rok formacji w najbli\u017cszy wtorek o 19:30 w g\u00f3rnym ko\u015bciele.<br \/><span style=\"font-size: 18pt;\"><strong>9.<\/strong> <\/span>Spotkanie Klubu Seniora odb\u0119dzie si\u0119 w \u015brod\u0119, 8 wrze\u015bnia o 9:00 w sali nr 5 domu parafialnego.<br \/><span style=\"font-size: 18pt;\"><strong>10.<\/strong> <\/span>Spotkania grupy modlitwy kontemplacyjnej. Rozpoczynamy od najbli\u017cszego czwartku o godz. 19.15w sali nr 6 budynku parafialnego. Spotykamy si\u0119, aby pog\u0142\u0119bia\u0107 osobiste do\u015bwiadczenie modlitwy. Przebieg spotkania jest bardzo prosty i ma tradycyjn\u0105 form\u0119: lectio (czytanie), meditatio (rozwa\u017canie), oratio (modlitwa spontaniczna), contemplatio (modlitwa kontemplacyjna). Sk\u0105d potrzeba modlitwy kontemplacyjnej? \u2013 Chodzi przede wszystkim o s\u0142uchanie, o to, aby umie\u0107 ws\u0142uchiwa\u0107 si\u0119 w Bogai w innych ludzi, aby mog\u0142o doj\u015b\u0107 do prawdziwej g\u0142\u0119bokiej komunikacji z Bogiem i cz\u0142owiekiem. Kontemplacyjna modlitwa uczy s\u0142ucha\u0107, uczy dystansu do presji ci\u0105g\u0142ego wykazywania si\u0119 wynikami, tak charakterystycznych dla naszych czas\u00f3w. Kontemplacja pomaga by\u0107 wolnymi, po prostu by\u0107 dla Boga i dla ludzi, tutaj i teraz. Kontemplacja jest \u017ar\u00f3d\u0142em wszystkich form modlitwy dlatego te\u017c do naszej grupy modlitewnej zapraszamy tak cz\u0142onk\u00f3w innych wsp\u00f3lnot jak i osoby poszukuj\u0105ce g\u0142\u0119bszej relacjiz Bogiem.<br \/><span style=\"font-size: 18pt;\"><strong>11.<\/strong> <\/span>W ramach Dekanalnego Oratorium M\u0142odych zapraszamy m\u0142odzie\u017c naszego dekanatu do uczestniczenia w dw\u00f3ch formach spotka\u0144 m\u0142odzie\u017cy: w soboty o godz. 19:30 w kawiarence (s. nr 5) &#8211; spotkania wsp\u00f3lnoty m\u0142odzie\u017cowej \u201eRuch Lednicki\u201d zwi\u0105zanej z charyzmatem o. Jana G\u00f3ry i spotkaniami lednickimi oraz w czwartki o godz. 17:00 w sali nr 10 &#8211; spotkania kr\u0119gu biblijnego. Wi\u0119cej informacji <br \/>u ks. Grzegorza.<br \/><strong><span style=\"font-size: 18pt;\">12.<\/span> <\/strong>Wsp\u00f3lnota Dzieje 2 zaprasza na weekendowe rekolekcje \u201e\u017bycie w Duchu \u015awi\u0119tym\u201d, kt\u00f3re odb\u0119d\u0105 si\u0119w naszym domu parafialnym w dniach 24-26 wrze\u015bnia. Zapisy pod numer tel. 728 338 680.<br \/><span style=\"font-size: 18pt;\"><strong>13.<\/strong> <\/span>Kurs Alpha rozpocznie si\u0119 4 pa\u017adziernika. Ju\u017c dzisiaj zapraszamy. Zapisy na maila: zapisy@alphagdynia.pl lub w biurze parafialnym. <br \/><span style=\"font-size: 18pt;\"><strong>14.<\/strong> <\/span>Ks. Zbigniew Lorkowski organizuje pielgrzymk\u0119 do Tr\u0105bek Wielkich i do Pelplina. W planie Msza \u015aw. w maryjnym sanktuarium w Tr\u0105bkach Wielkich oraz nawiedzenie Pelplina: zwiedzanie katedry i muzeum oraz udzia\u0142 w festynie cysterskim. Wyjazd 18 wrze\u015bnia o godz. 8.00, koszt 40 z\u0142. Zapisy pod numerem telefonu 504 37 36 77.<br \/><span style=\"font-size: 18pt;\"><strong>15.<\/strong><\/span> Fundacja Adaptacja zaprasza na piknik dla mieszka\u0144c\u00f3w Chyloni, kt\u00f3ry odb\u0119dzie si\u0119 w Parku Kilo\u0144skim, dzisiaj w godz. 14:00 &#8211; 20:00. Wst\u0119p wolny. <br \/><span style=\"font-size: 18pt;\"><strong>16.<\/strong> <\/span>Dzisiaj przed ko\u015bcio\u0142em odbywa si\u0119 kwesta na Zup\u0119 Chylo\u0144sk\u0105 i pomoc dla Afganistanu.<\/p>\n<p style=\"text-align: center;\">W minionych dniach zmarli:<br \/>Henryka Tomczak, lat 85; Andrzej Czerwi\u0144ski, lat 66; Jerzy Weiladt, lat 78<\/p>\n\n\n<div class=\"wp-block-file\"><a href=\"https:\/\/swmikolaj.org\/wp-content\/uploads\/2021\/09\/Biuletyn-Parafialny-2021-09-05.pdf\">Biuletyn-Parafialny-2021-09-05<\/a><a href=\"https:\/\/swmikolaj.org\/wp-content\/uploads\/2021\/09\/Biuletyn-Parafialny-2021-09-05.pdf\" class=\"wp-block-file__button\" download>Pobierz<\/a><\/div>\n","protected":false},"excerpt":{"rendered":"<p>1. \u015awi\u0119to Narodzenia NMP obchodzi\u0107 b\u0119dziemy w \u015brod\u0119, 8 wrze\u015bnia zapraszamy na Nowenn\u0119 do NMP i Eucharysti\u0119 o 8:00 i 18:30. 2. Zebranie rodzic\u00f3w oraz m\u0142odzie\u017cy, kt\u00f3ra 20 wrze\u015bnia przyjmie sakrament Bierzmowania, odb\u0119dzie si\u0119 dzisiaj, w niedziel\u0119, 5 wrze\u015bnia o godz. 18:00 w dolnym ko\u015bciele.<\/p>\n","protected":false},"author":6,"featured_media":0,"comment_status":"closed","ping_status":"closed","sticky":false,"template":"","format":"standard","meta":{"footnotes":""},"categories":[8,12],"tags":[],"publishpress_future_action":{"enabled":false,"date":"1970-01-01 01:00:00","action":"","terms":[],"taxonomy":"","browser_timezone_offset":0},"_links":{"self":[{"href":"https:\/\/swmikolaj.org\/index.php\/wp-json\/wp\/v2\/posts\/8334"}],"collection":[{"href":"https:\/\/swmikolaj.org\/index.php\/wp-json\/wp\/v2\/posts"}],"about":[{"href":"https:\/\/swmikolaj.org\/index.php\/wp-json\/wp\/v2\/types\/post"}],"author":[{"embeddable":true,"href":"https:\/\/swmikolaj.org\/index.php\/wp-json\/wp\/v2\/users\/6"}],"replies":[{"embeddable":true,"href":"https:\/\/swmikolaj.org\/index.php\/wp-json\/wp\/v2\/comments?post=8334"}],"version-history":[{"count":3,"href":"https:\/\/swmikolaj.org\/index.php\/wp-json\/wp\/v2\/posts\/8334\/revisions"}],"predecessor-version":[{"id":8341,"href":"https:\/\/swmikolaj.org\/index.php\/wp-json\/wp\/v2\/posts\/8334\/revisions\/8341"}],"wp:attachment":[{"href":"https:\/\/swmikolaj.org\/index.php\/wp-json\/wp\/v2\/media?parent=8334"}],"wp:term":[{"taxonomy":"category","embeddable":true,"href":"https:\/\/swmikolaj.org\/index.php\/wp-json\/wp\/v2\/categories?post=8334"},{"taxonomy":"post_tag","embeddable":true,"href":"https:\/\/swmikolaj.org\/index.php\/wp-json\/wp\/v2\/tags?post=8334"}],"curies":[{"name":"wp","href":"https:\/\/api.w.org\/{rel}","templated":true}]}}