{"id":8326,"date":"2021-09-03T11:02:49","date_gmt":"2021-09-03T10:02:49","guid":{"rendered":"https:\/\/swmikolaj.org\/?p=8326"},"modified":"2021-09-03T11:02:50","modified_gmt":"2021-09-03T10:02:50","slug":"intencje-mszy-swietych-30-08-05-09-2021","status":"publish","type":"post","link":"https:\/\/swmikolaj.org\/index.php\/2021\/09\/03\/intencje-mszy-swietych-30-08-05-09-2021\/","title":{"rendered":"INTENCJE MSZY \u015aWI\u0118TYCH 30\/08 &#8211; 05\/09\/2021"},"content":{"rendered":"<table width=\"647\">\n<tbody>\n<tr>\n<td colspan=\"2\" width=\"647\"><strong>30\/08\/2021 Poniedzia\u0142ek<\/strong><\/td>\n<\/tr>\n<tr>\n<td width=\"85\"><strong>08:00<\/strong><\/td>\n<td width=\"562\">1.\u00a0\u00a0\u00a0\u00a0\u00a0 + Rodzice Jadwiga i Mieczys\u0142aw, siostra Alicja\u00a0 oraz dziadkowie z obojga stron<\/p>\n<p>2.\u00a0\u00a0\u00a0\u00a0\u00a0 + Franciszek Kopacz<\/td>\n<\/tr>\n<tr>\n<td width=\"85\"><strong>18:30<\/strong><\/td>\n<td width=\"562\">1.\u00a0\u00a0\u00a0\u00a0\u00a0 Dzi\u0119kczynno- b\u0142agalna o \u0142ask\u0119 zdrowia i Bo\u017ce b\u0142ogos\u0142awie\u0144stwo dla Tomasza<\/p>\n<p>2.\u00a0\u00a0\u00a0\u00a0\u00a0 + Stefan Neumann w 2 rocz. \u015bmierci oraz rodzice i rodze\u0144stwo z obojga stron, El\u017cbieta Ja\u0144czak<\/td>\n<\/tr>\n<tr>\n<td colspan=\"2\" width=\"647\"><strong>31\/08\/2021 Wtorek<\/strong><\/td>\n<\/tr>\n<tr>\n<td width=\"85\"><strong>08:00<\/strong><\/td>\n<td width=\"562\">1.\u00a0\u00a0\u00a0\u00a0\u00a0 Dzi\u0119kczynno-b\u0142agalna w 55 rocz. \u015blubu Gertrudy i Paw\u0142a Milewskich<\/p>\n<p>2.\u00a0\u00a0\u00a0\u00a0\u00a0 + Gertruda i Leon Dzienisz oraz Jadwiga i J\u00f3zefa G\u0142adkowscy<\/td>\n<\/tr>\n<tr>\n<td width=\"85\"><strong>18:30<\/strong><\/td>\n<td width=\"562\">1.\u00a0\u00a0\u00a0\u00a0\u00a0 + Janina Trela w 10 rocz. \u015bmierci, rodzice z obojga stron oraz\u00a0 Adela\u00a0 i Piotr\u00a0 Wawrysiuk<\/p>\n<p>2.\u00a0\u00a0\u00a0\u00a0\u00a0 + Bernard i Anna Penk, Jan i Matylda Kosza\u0142ka<\/td>\n<\/tr>\n<tr>\n<td colspan=\"2\" width=\"647\"><strong>01\/09\/2021 \u015aroda<\/strong><\/td>\n<\/tr>\n<tr>\n<td width=\"85\"><strong>08:00<\/strong><\/td>\n<td width=\"562\">1.\u00a0\u00a0\u00a0\u00a0\u00a0 + Wanda, Antoni, Irena i Maria<\/p>\n<p>2.\u00a0\u00a0\u00a0\u00a0\u00a0 + Stefan Zawadzki &#8211; gregoria\u0144ska<\/p>\n<p>3.\u00a0\u00a0\u00a0\u00a0\u00a0 + Kazimierza Kania<\/td>\n<\/tr>\n<tr>\n<td width=\"85\"><strong>18:30<\/strong><\/td>\n<td width=\"562\">1.\u00a0\u00a0\u00a0\u00a0\u00a0 W intencji Bogu wiadomej<\/p>\n<p>2.\u00a0\u00a0\u00a0\u00a0\u00a0 + Zofia w 21 rocz. \u015bmierci oraz zmarli z rodzin Literskich i Wardyn<\/p>\n<p>3.\u00a0\u00a0\u00a0\u00a0\u00a0 + Bronis\u0142aw Hamrol, rodzice z obojga stron<\/td>\n<\/tr>\n<tr>\n<td colspan=\"2\" width=\"647\"><strong>02\/09\/2021 Czwartek<\/strong><\/td>\n<\/tr>\n<tr>\n<td width=\"85\"><strong>08:00<\/strong><\/td>\n<td width=\"562\">1.\u00a0\u00a0\u00a0\u00a0\u00a0 Dzi\u0119kczynno-b\u0142agalna w intencji Stefani z pro\u015bba o dar zdrowia<\/p>\n<p>2.\u00a0\u00a0\u00a0\u00a0\u00a0 + Stefan Zawadzki &#8211; gregoria\u0144ska<\/p>\n<p>3.\u00a0\u00a0\u00a0\u00a0\u00a0 + M\u0105\u017c Mieczys\u0142aw oraz rodzice z obojga stron<\/td>\n<\/tr>\n<tr>\n<td width=\"85\"><strong>10:15<\/strong><\/td>\n<td width=\"562\">Pogrzeb: \u015bp. Andrzej Czerwi\u0144ski, lat 66<\/td>\n<\/tr>\n<tr>\n<td width=\"85\"><strong>18:30<\/strong><\/td>\n<td width=\"562\">1.\u00a0\u00a0\u00a0\u00a0\u00a0 + Renata w 10 rocz. \u015bmierci, Tadeusz w 5 rocz. \u015bmierci oraz Honorata i Jan<\/p>\n<p>2.\u00a0\u00a0\u00a0\u00a0\u00a0 + Jan i Krystyna Sarnowscy oraz babcia Rozalia<\/p>\n<p>3.\u00a0\u00a0\u00a0\u00a0\u00a0 + M\u0105\u017c Hieronim w rocz. \u015bmierci rodzice, rodze\u0144stwo i dziadkowie z obojga stron oraz Marian<\/td>\n<\/tr>\n<tr>\n<td colspan=\"2\" width=\"647\"><strong>03\/09\/2021 Pi\u0105tek<\/strong><\/td>\n<\/tr>\n<tr>\n<td width=\"85\"><strong>08:00<\/strong><\/td>\n<td width=\"562\">1.\u00a0\u00a0\u00a0\u00a0\u00a0 + Stefan Zawadzki &#8211; gregoria\u0144ska<\/p>\n<p>2.\u00a0\u00a0\u00a0\u00a0\u00a0 + Stefania, Boles\u0142aw, Marta i J\u00f3zef oraz Bronis\u0142aw Brandt<\/p>\n<p>3.\u00a0\u00a0\u00a0\u00a0\u00a0 + W\u0142adys\u0142aw \u015awi\u0119s oraz zmarli z rodziny Dmowskich, Soszy\u0144skich i\u00a0 \u015awi\u0119s<\/td>\n<\/tr>\n<tr>\n<td width=\"85\"><strong>18:30<\/strong><\/td>\n<td width=\"562\">1.\u00a0\u00a0\u00a0\u00a0\u00a0 Podzi\u0119kowanie za \u0142ask\u0119 45 lat ma\u0142\u017ce\u0144stwa Marianny i Benedykta Mazurowskich z pro\u015bb\u0105 o dalsze b\u0142ogos\u0142awie\u0144stwo i \u0142ask\u0119 zdrowia dla jubilat\u00f3w i ca\u0142ej rodziny<\/p>\n<p>2.\u00a0\u00a0\u00a0\u00a0\u00a0 + Henryka Gniewkowska oraz zmarli z rodziny<\/p>\n<p>3.\u00a0\u00a0\u00a0\u00a0\u00a0 + Rodzice Anastazja i Wiktor Kobierowscy<\/td>\n<\/tr>\n<tr>\n<td colspan=\"2\" width=\"647\"><strong>04\/09\/2021 Sobota<\/strong><\/td>\n<\/tr>\n<tr>\n<td width=\"85\"><strong>08:00<\/strong><\/td>\n<td width=\"562\">1.\u00a0\u00a0\u00a0\u00a0\u00a0 Dzi\u0119kczynno-b\u0142agalna w intencji X R\u00f3\u017cy \u017bywego R\u00f3\u017ca\u0144ca z pro\u015bb\u0105 o zdrowie, Bo\u017ce b\u0142ogos\u0142awie\u0144stwo i opiek\u0119 Matki Bo\u017cej dla cz\u0142onki\u0144 i ich rodzin oraz o \u017cycie wieczne dla zmar\u0142ych<\/p>\n<p>2.\u00a0\u00a0\u00a0\u00a0\u00a0 Dzi\u0119kczynno-b\u0142agalna w rocz. urodzin<br \/>\nks. Witolda z pro\u015bba o Bo\u017ce b\u0142ogos\u0142awie\u0144stwo opiek\u0119 Matki Bo\u017cej i zdrowie<\/p>\n<p>3.\u00a0\u00a0\u00a0\u00a0\u00a0 Dzi\u0119kczynno-b\u0142agalna w 40 rocz. \u015blubu Danuty i Ryszarda Dulskich<\/p>\n<p>4.\u00a0\u00a0\u00a0\u00a0\u00a0 + Stefan Zawadzki &#8211; gregoria\u0144ska<\/td>\n<\/tr>\n<tr>\n<td width=\"85\"><strong>12:00<\/strong><\/td>\n<td width=\"562\">Podzi\u0119kowanie za dar \u017cycia Joanny z pro\u015bb\u0105 o dalsze Bo\u017ce prowadzenie<\/td>\n<\/tr>\n<tr>\n<td width=\"85\"><strong>18:30<\/strong><\/td>\n<td width=\"562\">+ Zofia Borowiec w 12 rocz. \u015bmierci oraz W\u0142adys\u0142aw Borowiec<\/td>\n<\/tr>\n<tr>\n<td colspan=\"2\" width=\"647\"><strong>05\/09\/2021<\/strong><\/p>\n<p><strong>XXIII Niedziela Zwyk\u0142a<\/strong><\/td>\n<\/tr>\n<tr>\n<td width=\"85\"><strong>08:00<\/strong><\/td>\n<td width=\"562\">1.\u00a0\u00a0\u00a0\u00a0\u00a0 + \u0141ucja w 12 rocz. \u015bmierci, Edward, Henryk, Dawid oraz zmarli z rodzin Miko\u0142ajczyk, Kortas i Kancyr<\/p>\n<p>2.\u00a0\u00a0\u00a0\u00a0\u00a0 + Stefania i Robert Kl\u00f3skowscy<\/td>\n<\/tr>\n<tr>\n<td width=\"85\"><strong>10:00<\/strong><\/td>\n<td width=\"562\">W intencji parafii<\/td>\n<\/tr>\n<tr>\n<td width=\"85\"><strong>11:30<\/strong><\/td>\n<td width=\"562\">+ Jadwiga Czarnecka w 9 rocz. \u015bmierci<\/td>\n<\/tr>\n<tr>\n<td width=\"85\"><strong>13:00<\/strong><\/td>\n<td width=\"562\">1.\u00a0\u00a0\u00a0\u00a0\u00a0 B\u0142agalna o szcz\u0119\u015bliwy por\u00f3d dla Lizy<\/p>\n<p>2.\u00a0\u00a0\u00a0\u00a0\u00a0 + M\u0105\u017c Ryszard i rodzice z obojga stron<\/td>\n<\/tr>\n<tr>\n<td width=\"85\"><strong>18:30<\/strong><\/td>\n<td width=\"562\">+ Zmarli czytelnicy biblioteki filia 12 (Opata Hackiego 36)<\/td>\n<\/tr>\n<tr>\n<td width=\"85\"><strong>17:00DK<\/strong><\/td>\n<td width=\"562\">+ Stefan Zawadzki &#8211; gregoria\u0144ska<\/td>\n<\/tr>\n<\/tbody>\n<\/table>\n","protected":false},"excerpt":{"rendered":"<p>30\/08\/2021 Poniedzia\u0142ek 08:00 1.\u00a0\u00a0\u00a0\u00a0\u00a0 + Rodzice Jadwiga i Mieczys\u0142aw, siostra Alicja\u00a0 oraz dziadkowie z obojga stron 2.\u00a0\u00a0\u00a0\u00a0\u00a0 + Franciszek Kopacz 18:30 1.\u00a0\u00a0\u00a0\u00a0\u00a0 Dzi\u0119kczynno- b\u0142agalna o \u0142ask\u0119 zdrowia i Bo\u017ce b\u0142ogos\u0142awie\u0144stwo dla Tomasza 2.\u00a0\u00a0\u00a0\u00a0\u00a0 + Stefan Neumann w 2 rocz. \u015bmierci oraz rodzice i rodze\u0144stwo z obojga stron, El\u017cbieta Ja\u0144czak 31\/08\/2021 Wtorek 08:00 1.\u00a0\u00a0\u00a0\u00a0\u00a0 Dzi\u0119kczynno-b\u0142agalna w [&hellip;]<\/p>\n","protected":false},"author":6,"featured_media":0,"comment_status":"closed","ping_status":"closed","sticky":false,"template":"","format":"standard","meta":{"footnotes":""},"categories":[10],"tags":[],"publishpress_future_action":{"enabled":false,"date":"1970-01-01 01:00:00","action":"","terms":[],"taxonomy":"","browser_timezone_offset":0},"_links":{"self":[{"href":"https:\/\/swmikolaj.org\/index.php\/wp-json\/wp\/v2\/posts\/8326"}],"collection":[{"href":"https:\/\/swmikolaj.org\/index.php\/wp-json\/wp\/v2\/posts"}],"about":[{"href":"https:\/\/swmikolaj.org\/index.php\/wp-json\/wp\/v2\/types\/post"}],"author":[{"embeddable":true,"href":"https:\/\/swmikolaj.org\/index.php\/wp-json\/wp\/v2\/users\/6"}],"replies":[{"embeddable":true,"href":"https:\/\/swmikolaj.org\/index.php\/wp-json\/wp\/v2\/comments?post=8326"}],"version-history":[{"count":1,"href":"https:\/\/swmikolaj.org\/index.php\/wp-json\/wp\/v2\/posts\/8326\/revisions"}],"predecessor-version":[{"id":8327,"href":"https:\/\/swmikolaj.org\/index.php\/wp-json\/wp\/v2\/posts\/8326\/revisions\/8327"}],"wp:attachment":[{"href":"https:\/\/swmikolaj.org\/index.php\/wp-json\/wp\/v2\/media?parent=8326"}],"wp:term":[{"taxonomy":"category","embeddable":true,"href":"https:\/\/swmikolaj.org\/index.php\/wp-json\/wp\/v2\/categories?post=8326"},{"taxonomy":"post_tag","embeddable":true,"href":"https:\/\/swmikolaj.org\/index.php\/wp-json\/wp\/v2\/tags?post=8326"}],"curies":[{"name":"wp","href":"https:\/\/api.w.org\/{rel}","templated":true}]}}