{"id":8162,"date":"2021-08-13T10:57:55","date_gmt":"2021-08-13T09:57:55","guid":{"rendered":"https:\/\/swmikolaj.org\/?p=8162"},"modified":"2021-08-13T11:17:12","modified_gmt":"2021-08-13T10:17:12","slug":"intencje-mszy-swietych-16-22-08-2021","status":"publish","type":"post","link":"https:\/\/swmikolaj.org\/index.php\/2021\/08\/13\/intencje-mszy-swietych-16-22-08-2021\/","title":{"rendered":"INTENCJE MSZY \u015aWI\u0118TYCH 16 &#8211; 22\/08\/2021"},"content":{"rendered":"\n<figure class=\"wp-block-table is-style-stripes\"><table><tbody><tr><td>\n<p style=\"text-align: left;\" align=\"center\"><strong>16\/08\/2021 Poniedzia\u0142ek<\/strong><\/p>\n<\/td><\/tr><tr><td>\n<p align=\"center\">08:00<\/p>\n<\/td><td>\n<ol>\n<li>+ J\u00f3zef D\u0105gowski w 7 rocz.\u015bmierci<\/li>\n<li>+ Kazimierz G\u0142\u0105biowski<\/li>\n<\/ol>\n<\/td><\/tr><tr><td>\n<p align=\"center\">18:30<\/p>\n<\/td><td>&nbsp; &nbsp; &nbsp; + Maria Szmidt w dniu&nbsp; urodzin, Ginter Szmidt i rodzice z obojga stron<\/td><\/tr><tr><td>\n<p style=\"text-align: left;\" align=\"center\"><strong>17\/08\/2021 Wtorek<\/strong><\/p>\n<\/td><\/tr><tr><td>\n<p align=\"center\">08:00<\/p>\n<\/td><td>\n<ol>\n<li>+ M\u0105\u017c J\u00f3zef Trzebiatowski w 15 rocz. \u015bmierci oraz rodzice z obojga&nbsp; stron<\/li>\n<li>+ Dionizy Nierzalewski&nbsp; oraz zmarli z rodzin z obojga stron<\/li>\n<\/ol>\n<\/td><\/tr><tr><td>\n<p align=\"center\">18:30<\/p>\n<\/td><td>\n<ol>\n<li>W intencji ks. Jacka z okazji imienin \u2013 intencja od R\u00f3\u017c \u017bywego R\u00f3\u017ca\u0144ca<\/li>\n<li>Dzi\u0119kczynno-b\u0142agalna z pro\u015bb\u0105 o Bo\u017ce b\u0142ogos\u0142awie\u0144stwo, dary Ducha \u015awi\u0119tego i opiek\u0119 Maryi dla Patrycji w 17 rocznic\u0119 urodzin<\/li>\n<\/ol>\n<\/td><\/tr><tr><td>\n<p style=\"text-align: left;\" align=\"center\"><strong>18\/08\/2021 \u015aroda<\/strong><\/p>\n<\/td><\/tr><tr><td>\n<p align=\"center\">08:00<\/p>\n<\/td><td>\n<ol>\n<li>+ Julian Pob\u0142ocki<\/li>\n<li>+ Hildegarda Lewa\u0144czyk &#8211; od s\u0105siad\u00f3w z Lubawskiej 5<\/li>\n<\/ol>\n<\/td><\/tr><tr><td>\n<p align=\"center\">18:30<\/p>\n<\/td><td>&nbsp; &nbsp; &nbsp;+ Zygmunt Zi\u0119tara<\/td><\/tr><tr><td>\n<p style=\"text-align: left;\" align=\"center\"><strong>19\/08\/2021 Czwartek<\/strong><\/p>\n<\/td><\/tr><tr><td>\n<p align=\"center\">08:00<\/p>\n<\/td><td>\n<ol>\n<li>+ Rodzice Rozalia i Franciszek, m\u0105\u017c Jaros\u0142aw, siostry i bracia,<br>zmarli w czy\u015b\u0107cu<\/li>\n<li>+ Andrzej Damrath<\/li>\n<\/ol>\n<\/td><\/tr><tr><td>\n<p align=\"center\">18:30<\/p>\n<\/td><td>+ Danuta Bukowska w rocz.&nbsp; urodzin<\/td><\/tr><tr><td>\n<p style=\"text-align: left;\" align=\"center\">2<strong>0\/08\/2021 Pi\u0105tek<\/strong><\/p>\n<\/td><\/tr><tr><td>\n<p align=\"center\">08:00<\/p>\n<\/td><td>\n<ol>\n<li>Dzi\u0119kczynno-b\u0142agalna w 60 rocz. \u015blubu Marianny i Zygfryda<\/li>\n<li>+ Bernard w dniu imienin<\/li>\n<\/ol>\n<\/td><\/tr><tr><td>\n<p align=\"center\">18:30<\/p>\n<\/td><td>+ Kazimierz Biernacki w 5 rocz. \u015bmierci oraz rodzice z obojga stron<\/td><\/tr><tr><td>\n<p style=\"text-align: left;\" align=\"center\"><strong>21\/08\/2021 Sobota<\/strong><\/p>\n<\/td><\/tr><tr><td>\n<p align=\"center\">08:00<\/p>\n<\/td><td>\n<ol>\n<li>Dzi\u0119kczynno-b\u0142agalna R\u00f3\u017c<br>R\u00f3\u017ca\u0144cowych Rodzic\u00f3w, z pro\u015bb\u0105 za dzieci i rodzic\u00f3w oraz o \u017cycie<br>wieczne dla zmar\u0142ych<\/li>\n<li>+&nbsp; Monika w 10 rocz. \u015bmierci i Korneli w 2 rocz. \u015bmierci<\/li>\n<\/ol>\n<\/td><\/tr><tr><td>\n<p align=\"center\">15:00<\/p>\n<\/td><td>\u015alub: Ma\u0142gorzata i Pawe\u0142<\/td><\/tr><tr><td>\n<p align=\"center\">18:30<\/p>\n<\/td><td>+ Natalia Rejek w 1 rocz. \u015bmierci<\/td><\/tr><tr><td>\n<p align=\"center\">19:30<\/p>\n<\/td><td>Wsp\u00f3lnoty Neokatechumenalne<\/td><\/tr><tr><td>\n<p style=\"text-align: left;\" align=\"center\"><strong>22\/08\/2021&nbsp; &nbsp; &nbsp;XXI Niedziela Zwyk\u0142a<\/strong><\/p>\n<\/td><\/tr><tr><td>\n<p align=\"center\">08:00<\/p>\n<\/td><td>\n<ol>\n<li>+ Rodzice Jan i Janina oraz rodze\u0144stwo Zbigniew, Leszek, Eugeniusz<br>i Krystyna<\/li>\n<li>+ Franciszek i Maria G\u00f3ra oraz zmarli z rodzin z obojga stron<\/li>\n<\/ol>\n<\/td><\/tr><tr><td>\n<p align=\"center\">10:00<\/p>\n<\/td><td>W intencji parafii<\/td><\/tr><tr><td>\n<p align=\"center\">11:30<\/p>\n<\/td><td>+ M\u0105\u017c<br>Jan Wolda\u0144ski, rodzice i rodze\u0144stwo z obojga stron<\/td><\/tr><tr><td>\n<p align=\"center\">13:00<\/p>\n<\/td><td>+ Natalia Grzybicka w 11<br>rocz. \u015bmierci oraz zmarli z rodziny Grzybickich i Barwi\u0144skich<\/td><\/tr><tr><td>\n<p align=\"center\">18:30<\/p>\n<\/td><td>+<br>Jadwiga Chudy w 7 rocz. \u015bmierci oraz rodzice i rodze\u0144stwo z obojga<br>stron<\/td><\/tr><\/tbody><\/table><\/figure>\n","protected":false},"excerpt":{"rendered":"<p>16\/08\/2021 Poniedzia\u0142ek 08:00 + J\u00f3zef D\u0105gowski w 7 rocz.\u015bmierci + Kazimierz G\u0142\u0105biowski 18:30 &nbsp; &nbsp; &nbsp; + Maria Szmidt w dniu&nbsp; urodzin, Ginter Szmidt i rodzice z obojga stron 17\/08\/2021 Wtorek 08:00 + M\u0105\u017c J\u00f3zef Trzebiatowski w 15 rocz. \u015bmierci oraz rodzice z obojga&nbsp; stron + Dionizy Nierzalewski&nbsp; oraz zmarli z rodzin z obojga stron [&hellip;]<\/p>\n","protected":false},"author":2,"featured_media":0,"comment_status":"closed","ping_status":"closed","sticky":false,"template":"","format":"standard","meta":{"footnotes":""},"categories":[10],"tags":[],"publishpress_future_action":{"enabled":false,"date":"1970-01-01 01:00:00","action":"","terms":[],"taxonomy":"","browser_timezone_offset":0},"_links":{"self":[{"href":"https:\/\/swmikolaj.org\/index.php\/wp-json\/wp\/v2\/posts\/8162"}],"collection":[{"href":"https:\/\/swmikolaj.org\/index.php\/wp-json\/wp\/v2\/posts"}],"about":[{"href":"https:\/\/swmikolaj.org\/index.php\/wp-json\/wp\/v2\/types\/post"}],"author":[{"embeddable":true,"href":"https:\/\/swmikolaj.org\/index.php\/wp-json\/wp\/v2\/users\/2"}],"replies":[{"embeddable":true,"href":"https:\/\/swmikolaj.org\/index.php\/wp-json\/wp\/v2\/comments?post=8162"}],"version-history":[{"count":5,"href":"https:\/\/swmikolaj.org\/index.php\/wp-json\/wp\/v2\/posts\/8162\/revisions"}],"predecessor-version":[{"id":8189,"href":"https:\/\/swmikolaj.org\/index.php\/wp-json\/wp\/v2\/posts\/8162\/revisions\/8189"}],"wp:attachment":[{"href":"https:\/\/swmikolaj.org\/index.php\/wp-json\/wp\/v2\/media?parent=8162"}],"wp:term":[{"taxonomy":"category","embeddable":true,"href":"https:\/\/swmikolaj.org\/index.php\/wp-json\/wp\/v2\/categories?post=8162"},{"taxonomy":"post_tag","embeddable":true,"href":"https:\/\/swmikolaj.org\/index.php\/wp-json\/wp\/v2\/tags?post=8162"}],"curies":[{"name":"wp","href":"https:\/\/api.w.org\/{rel}","templated":true}]}}