{"id":8131,"date":"2021-08-06T10:21:49","date_gmt":"2021-08-06T09:21:49","guid":{"rendered":"https:\/\/swmikolaj.org\/?p=8131"},"modified":"2021-08-06T10:21:49","modified_gmt":"2021-08-06T09:21:49","slug":"intencje-mszy-swietych-09-15-08-2021","status":"publish","type":"post","link":"https:\/\/swmikolaj.org\/index.php\/2021\/08\/06\/intencje-mszy-swietych-09-15-08-2021\/","title":{"rendered":"INTENCJE MSZY \u015aWI\u0118TYCH 09 &#8211; 15\/08\/2021"},"content":{"rendered":"<table width=\"647\">\n<tbody>\n<tr>\n<td colspan=\"2\" width=\"647\"><strong>09\/08\/2021 Poniedzia\u0142ek<\/strong><\/td>\n<\/tr>\n<tr>\n<td width=\"85\"><strong>08:00<\/strong><\/td>\n<td width=\"562\">1.\u00a0\u00a0\u00a0\u00a0\u00a0 W intencji El\u017cbiety w podzi\u0119kowaniu za otrzymane \u0142aski<br \/>\nz pro\u015bb\u0105 o dalsze b\u0142ogos\u0142awie\u0144stwo<\/p>\n<p>2.\u00a0\u00a0\u00a0\u00a0\u00a0 + Maria i Gabriela Pu\u0142akowskie oraz zmarli z rodziny Ma\u0142eckich i Pu\u0142akowskich<\/td>\n<\/tr>\n<tr>\n<td width=\"85\"><strong>18:30<\/strong><\/td>\n<td width=\"562\">+ Rodzice chrzestni Wanda i Tadeusz<\/td>\n<\/tr>\n<tr>\n<td colspan=\"2\" width=\"647\"><strong>10\/08\/2021 Wtorek<\/strong><\/td>\n<\/tr>\n<tr>\n<td width=\"85\"><strong>08:00<\/strong><\/td>\n<td width=\"562\">1.\u00a0\u00a0\u00a0\u00a0\u00a0 + Andrzej Zawadzki<\/p>\n<p>2.\u00a0\u00a0\u00a0\u00a0\u00a0 + Jan Lewa\u0144czyk w dniu urodzin oraz Hildegarda<\/td>\n<\/tr>\n<tr>\n<td width=\"85\"><strong>18:30<\/strong><\/td>\n<td width=\"562\">+ Syn Miros\u0142aw z okazji urodzin oraz Feliks i Franciszek Trepczyk<\/td>\n<\/tr>\n<tr>\n<td colspan=\"2\" width=\"647\"><strong>11\/08\/2021 \u015aroda<\/strong><\/td>\n<\/tr>\n<tr>\n<td width=\"85\"><strong>08:00<\/strong><\/td>\n<td width=\"562\">1.\u00a0\u00a0\u00a0\u00a0\u00a0 + Anna Nowak &#8211; intencja od s\u0105siad\u00f3w z Zamenhofa 4<\/p>\n<p>2.\u00a0\u00a0\u00a0\u00a0\u00a0 + Stefan Fortowski<\/td>\n<\/tr>\n<tr>\n<td width=\"85\"><strong>18:30<\/strong><\/td>\n<td width=\"562\">Dzi\u0119kczynno-b\u0142agalna w dniu 5 urodzin James (Jakub)<\/td>\n<\/tr>\n<tr>\n<td colspan=\"2\" width=\"647\"><strong>12\/08\/2021 Czwartek<\/strong><\/td>\n<\/tr>\n<tr>\n<td width=\"85\"><strong>08:00<\/strong><\/td>\n<td width=\"562\">1.\u00a0\u00a0\u00a0\u00a0\u00a0 + Czes\u0142aw Wolniak oraz zmarli z rodziny z obojga stron<\/p>\n<p>2.\u00a0\u00a0\u00a0\u00a0\u00a0 + W\u0142adys\u0142aw Luchowski<\/td>\n<\/tr>\n<tr>\n<td width=\"85\"><strong>18:30<\/strong><\/td>\n<td width=\"562\">+ Krystyna i Ludwik Soboczy\u0144scy<\/td>\n<\/tr>\n<tr>\n<td colspan=\"2\" width=\"647\"><strong>13\/08\/2021 Pi\u0105tek<\/strong><\/td>\n<\/tr>\n<tr>\n<td width=\"85\"><strong>08:00<\/strong><\/td>\n<td width=\"562\">1.\u00a0\u00a0\u00a0\u00a0\u00a0 + Czes\u0142awa i Stanis\u0142aw oraz zmarli z rodzimy Piotrowskich i Ferens<\/p>\n<p>2.\u00a0\u00a0\u00a0\u00a0\u00a0 + Irena Bisior<\/td>\n<\/tr>\n<tr>\n<td width=\"85\"><strong>18:30<\/strong><\/td>\n<td width=\"562\">+ Aniela, Jerzy i Cezary Tabor oraz Ewa i Krystyna<\/td>\n<\/tr>\n<tr>\n<td colspan=\"2\" width=\"647\"><strong>14\/08\/2021 Sobota<\/strong><\/td>\n<\/tr>\n<tr>\n<td width=\"85\"><strong>08:00<\/strong><\/td>\n<td width=\"562\">1.\u00a0\u00a0\u00a0\u00a0\u00a0 + Miros\u0142aw \u015awiderski w 2 rocz. \u015bmierci, Kazimierz \u015awiderski oraz Ania Ma\u0142owiecka<\/p>\n<p>2.\u00a0\u00a0\u00a0\u00a0\u00a0 + Janina Stankiewicz w rocz. \u015bmierci, Edmund Stankiewicz, zmarli z rodzony z obojga stron oraz Lidia i Tadeusz So\u0142tysiak<\/td>\n<\/tr>\n<tr>\n<td width=\"85\"><strong>16:00<\/strong><\/td>\n<td width=\"562\">\u015alub: Paulina i Piotr<\/td>\n<\/tr>\n<tr>\n<td width=\"85\"><strong>18:30<\/strong><\/td>\n<td width=\"562\">+ Zmarli z rodziny Manista i Bagi\u0144skich, rodzice i rodze\u0144stwo oraz Stanis\u0142aw Bagi\u0144ski<\/td>\n<\/tr>\n<tr>\n<td width=\"85\"><strong>19:30<\/strong><\/td>\n<td width=\"562\">Wsp\u00f3lnoty Neokatechumenalne<\/td>\n<\/tr>\n<tr>\n<td colspan=\"2\" width=\"647\"><strong>15\/08\/2021<\/strong><\/p>\n<p><strong>Uroczysto\u015b\u0107 Wniebowzi\u0119cia Naj\u015bwi\u0119tszej Maryi Panny<\/strong><\/td>\n<\/tr>\n<tr>\n<td width=\"85\"><strong>08:00<\/strong><\/td>\n<td width=\"562\">1.\u00a0\u00a0\u00a0\u00a0\u00a0 + Gertruda i Ksawery, Zofia i Feliks, dziadkowie oraz zmarli z rodziny Kupc, Mieli\u0144skich i Borkowskich<\/p>\n<p>2.\u00a0\u00a0\u00a0\u00a0\u00a0 + Helena Miotke w 98 rocz. urodzin<\/td>\n<\/tr>\n<tr>\n<td width=\"85\"><strong>10:00<\/strong><\/td>\n<td width=\"562\">W intencji parafii<\/td>\n<\/tr>\n<tr>\n<td width=\"85\"><strong>11:30<\/strong><\/td>\n<td width=\"562\">+ Jadwiga i Piotr Wiszowaci oraz rodzice z obojga stron<\/td>\n<\/tr>\n<tr>\n<td width=\"85\"><strong>13:00<\/strong><\/td>\n<td width=\"562\">1.\u00a0\u00a0\u00a0\u00a0\u00a0 + M\u0105\u017c Tomasz rodzice Henryk i Wac\u0142awa, siostra Wies\u0142awa oraz Jolanta, Irena i szwagrowie<\/p>\n<p>2.\u00a0\u00a0\u00a0\u00a0\u00a0 + Oliwia Meller &#8211; intencja od s\u0105siad\u00f3w z Zamenhofa 4<\/td>\n<\/tr>\n<tr>\n<td width=\"85\"><strong>18:30<\/strong><\/td>\n<td width=\"562\">+ W\u0142odzimierz w 35 rocz. \u015bmierci i za rodzic\u00f3w z obojga stron<\/td>\n<\/tr>\n<\/tbody>\n<\/table>\n","protected":false},"excerpt":{"rendered":"<p>09\/08\/2021 Poniedzia\u0142ek 08:00 1.\u00a0\u00a0\u00a0\u00a0\u00a0 W intencji El\u017cbiety w podzi\u0119kowaniu za otrzymane \u0142aski z pro\u015bb\u0105 o dalsze b\u0142ogos\u0142awie\u0144stwo 2.\u00a0\u00a0\u00a0\u00a0\u00a0 + Maria i Gabriela Pu\u0142akowskie oraz zmarli z rodziny Ma\u0142eckich i Pu\u0142akowskich 18:30 + Rodzice chrzestni Wanda i Tadeusz 10\/08\/2021 Wtorek 08:00 1.\u00a0\u00a0\u00a0\u00a0\u00a0 + Andrzej Zawadzki 2.\u00a0\u00a0\u00a0\u00a0\u00a0 + Jan Lewa\u0144czyk w dniu urodzin oraz Hildegarda 18:30 + [&hellip;]<\/p>\n","protected":false},"author":6,"featured_media":0,"comment_status":"closed","ping_status":"closed","sticky":false,"template":"","format":"standard","meta":{"footnotes":""},"categories":[10],"tags":[],"publishpress_future_action":{"enabled":false,"date":"1970-01-01 01:00:00","action":"","terms":[],"taxonomy":"","browser_timezone_offset":0},"_links":{"self":[{"href":"https:\/\/swmikolaj.org\/index.php\/wp-json\/wp\/v2\/posts\/8131"}],"collection":[{"href":"https:\/\/swmikolaj.org\/index.php\/wp-json\/wp\/v2\/posts"}],"about":[{"href":"https:\/\/swmikolaj.org\/index.php\/wp-json\/wp\/v2\/types\/post"}],"author":[{"embeddable":true,"href":"https:\/\/swmikolaj.org\/index.php\/wp-json\/wp\/v2\/users\/6"}],"replies":[{"embeddable":true,"href":"https:\/\/swmikolaj.org\/index.php\/wp-json\/wp\/v2\/comments?post=8131"}],"version-history":[{"count":1,"href":"https:\/\/swmikolaj.org\/index.php\/wp-json\/wp\/v2\/posts\/8131\/revisions"}],"predecessor-version":[{"id":8132,"href":"https:\/\/swmikolaj.org\/index.php\/wp-json\/wp\/v2\/posts\/8131\/revisions\/8132"}],"wp:attachment":[{"href":"https:\/\/swmikolaj.org\/index.php\/wp-json\/wp\/v2\/media?parent=8131"}],"wp:term":[{"taxonomy":"category","embeddable":true,"href":"https:\/\/swmikolaj.org\/index.php\/wp-json\/wp\/v2\/categories?post=8131"},{"taxonomy":"post_tag","embeddable":true,"href":"https:\/\/swmikolaj.org\/index.php\/wp-json\/wp\/v2\/tags?post=8131"}],"curies":[{"name":"wp","href":"https:\/\/api.w.org\/{rel}","templated":true}]}}