{"id":8129,"date":"2021-08-06T10:20:14","date_gmt":"2021-08-06T09:20:14","guid":{"rendered":"https:\/\/swmikolaj.org\/?p=8129"},"modified":"2021-08-06T10:20:15","modified_gmt":"2021-08-06T09:20:15","slug":"intencje-mszy-swietych-02-08-08-2021","status":"publish","type":"post","link":"https:\/\/swmikolaj.org\/index.php\/2021\/08\/06\/intencje-mszy-swietych-02-08-08-2021\/","title":{"rendered":"INTENCJE MSZY \u015aWI\u0118TYCH 02 &#8211; 08\/08\/2021"},"content":{"rendered":"<table width=\"647\">\n<tbody>\n<tr>\n<td colspan=\"2\" width=\"647\"><strong>02\/08\/2021 Poniedzia\u0142ek<\/strong><\/td>\n<\/tr>\n<tr>\n<td width=\"85\"><strong>08:00<\/strong><\/td>\n<td width=\"562\">1.\u00a0\u00a0\u00a0\u00a0\u00a0 + Agnieszka Ossowska &#8211; gregoria\u0144ska<\/p>\n<p>2.\u00a0\u00a0\u00a0\u00a0\u00a0 + Tomasz Flisikowski w 6 rocz. \u015bmierci<\/td>\n<\/tr>\n<tr>\n<td width=\"85\"><strong>18:30<\/strong><\/td>\n<td width=\"562\">1.\u00a0\u00a0\u00a0\u00a0\u00a0 + Maria Kuhn i zmarli z rodziny<\/p>\n<p>2.\u00a0\u00a0\u00a0\u00a0\u00a0 + Jan Reda w 22 rocz. \u015bmierci oraz Maria, dziadkowie Reda, Hildegarda Nowacka w 20 rocz. \u015bmierci, Jadwiga i Franciszek Bistro\u0144 i zmarli krewni<\/td>\n<\/tr>\n<tr>\n<td colspan=\"2\" width=\"647\"><strong>03\/08\/2021 Wtorek<\/strong><\/td>\n<\/tr>\n<tr>\n<td width=\"85\"><strong>08:00<\/strong><\/td>\n<td width=\"562\">1.\u00a0\u00a0\u00a0\u00a0\u00a0 + Czes\u0142aw \u017bynda w 12 rocz. \u015bmierci i S\u0142awomir \u017bynda w 11 rocz. \u015bmierci oraz za rodzic\u00f3w z obojga stron<\/p>\n<p>2.\u00a0\u00a0\u00a0\u00a0\u00a0 + Agnieszka Ossowska &#8211; gregoria\u0144ska<\/td>\n<\/tr>\n<tr>\n<td width=\"85\"><strong>18:30<\/strong><\/td>\n<td width=\"562\">+ Jerzy i Anastazja oraz Wiktor Kobierowscy<\/td>\n<\/tr>\n<tr>\n<td colspan=\"2\" width=\"647\"><strong>04\/08\/2021 \u015aroda<\/strong><\/td>\n<\/tr>\n<tr>\n<td width=\"85\"><strong>08:00<\/strong><\/td>\n<td width=\"562\">1.\u00a0\u00a0\u00a0\u00a0\u00a0 B\u0142agalna w intencji Kazimiery P\u0142toka i Marzeny Kra\u015bniak o potrzebne \u0142aski i dar uzdrowienia duszy i cia\u0142a<\/p>\n<p>2.\u00a0\u00a0\u00a0\u00a0\u00a0 + Babcia Klara oraz dziadkowie z obojga stron<\/td>\n<\/tr>\n<tr>\n<td width=\"85\"><strong>18:30<\/strong><\/td>\n<td width=\"562\">+ Irena Borowa &#8211; intencja od s\u0105siad\u00f3w<\/td>\n<\/tr>\n<tr>\n<td colspan=\"2\" width=\"647\"><strong>05\/08\/2021 Czwartek<\/strong><\/td>\n<\/tr>\n<tr>\n<td width=\"85\"><strong>08:00<\/strong><\/td>\n<td width=\"562\">1.\u00a0\u00a0\u00a0\u00a0\u00a0 + Rodzice z obojga stron oraz zmarli z rodziny<\/p>\n<p>2.\u00a0\u00a0\u00a0\u00a0\u00a0 + Tadeusz, rodzice z obojga stron i Zbigniew<\/td>\n<\/tr>\n<tr>\n<td width=\"85\"><strong>09:30<\/strong><\/td>\n<td width=\"562\">Pogrzeb: \u015bp. Roman Kleina, lat 63<\/td>\n<\/tr>\n<tr>\n<td width=\"85\"><strong>18:30<\/strong><\/td>\n<td width=\"562\">+ Rodzice z obojga stron i rodze\u0144stwo, zi\u0119\u0107 Jerzy, synowa Ula, zmarli z rodziny z obojga stron<\/td>\n<\/tr>\n<tr>\n<td colspan=\"2\" width=\"647\"><strong>06\/08\/2021 Pi\u0105tek<\/strong><\/td>\n<\/tr>\n<tr>\n<td width=\"85\"><strong>08:00<\/strong><\/td>\n<td width=\"562\">1.\u00a0\u00a0\u00a0\u00a0\u00a0 + Antoni<\/p>\n<p>2.\u00a0\u00a0\u00a0\u00a0\u00a0 + Hildegarda Lewa\u0144czyk &#8211; od s\u0105siad\u00f3w z Lubawskiej 5<\/td>\n<\/tr>\n<tr>\n<td width=\"85\"><strong>12:00<\/strong><\/td>\n<td width=\"562\">Pogrzeb: \u015bp. W\u0142adys\u0142awa Majewska, lat 89<\/td>\n<\/tr>\n<tr>\n<td width=\"85\"><strong>18:30<\/strong><\/td>\n<td width=\"562\">1.\u00a0\u00a0\u00a0\u00a0\u00a0 Dzi\u0119kczynno-b\u0142agalna w intencji Henryka i Edyty Dawidowskich w 35 rocznic\u0119\u00a0 \u015blubu<\/p>\n<p>2.\u00a0\u00a0\u00a0\u00a0\u00a0 + Marek J\u0119draszkiewicz w 2 rocz. \u015bmierci, rodzice<br \/>\nz obojga stron i rodze\u0144stwo<\/td>\n<\/tr>\n<tr>\n<td colspan=\"2\" width=\"647\"><strong>07\/08\/2021 Sobota<\/strong><\/td>\n<\/tr>\n<tr>\n<td width=\"85\"><strong>08:00<\/strong><\/td>\n<td width=\"562\">1.\u00a0\u00a0\u00a0\u00a0\u00a0 Dzi\u0119kczynno-b\u0142agalna w intencji XI R\u00f3\u017cy \u017bywego R\u00f3\u017ca\u0144ca z pro\u015bb\u0105 o zdrowie, Bo\u017ce b\u0142ogos\u0142awie\u0144stwo i opiek\u0119 Matki Bo\u017cej dla cz\u0142onki\u0144 i ich rodzin oraz o \u017cycie wieczne dla zmar\u0142ych<\/p>\n<p>2.\u00a0\u00a0\u00a0\u00a0\u00a0 + Joanna, Zygmunt, Tadeusz, Edward i Marianna<\/td>\n<\/tr>\n<tr>\n<td width=\"85\"><strong>15:00<\/strong><\/td>\n<td width=\"562\">\u015alub: Aleksandra i Pawe\u0142<\/td>\n<\/tr>\n<tr>\n<td width=\"85\"><strong>18:30<\/strong><\/td>\n<td width=\"562\">+ Maria, J\u00f3zef, Franciszek<\/td>\n<\/tr>\n<tr>\n<td width=\"85\"><strong>19:30<\/strong><\/td>\n<td width=\"562\">W intencji parafii<\/td>\n<\/tr>\n<tr>\n<td colspan=\"2\" width=\"647\"><strong>08\/08\/2021<\/strong><\/p>\n<p><strong>XIX Niedziela Zwyk\u0142a<\/strong><\/td>\n<\/tr>\n<tr>\n<td width=\"85\"><strong>08:00<\/strong><\/td>\n<td width=\"562\">1.\u00a0\u00a0\u00a0\u00a0\u00a0 Dzi\u0119kczynno-b\u0142agalna w intencji Ma\u0142gorzaty Sta\u015bkiewicz\u00a0 z okazji urodzin z pro\u015bb\u0105 o Bo\u017ce b\u0142ogos\u0142awie\u0144stwo, zdrowie duszy i cia\u0142a, dary Ducha \u015bw. i opiek\u0119 Matki Naj\u015bwi\u0119tszej<\/p>\n<p>2.\u00a0\u00a0\u00a0\u00a0\u00a0 + Stanis\u0142awa Capa\u0142a w 16 rocz. \u015bmierci oraz zmarli z rodziny Capa\u0142a i Kamola<\/td>\n<\/tr>\n<tr>\n<td width=\"85\"><strong>10:00<\/strong><\/td>\n<td width=\"562\">+ Kleofas, Monika i Helena<\/td>\n<\/tr>\n<tr>\n<td width=\"85\"><strong>11:30<\/strong><\/td>\n<td width=\"562\">+ Konstanty Szarmach<\/td>\n<\/tr>\n<tr>\n<td width=\"85\"><strong>13:00<\/strong><\/td>\n<td width=\"562\">W intencji nowoochrzczonych<\/td>\n<\/tr>\n<tr>\n<td width=\"85\"><strong>18:30<\/strong><\/td>\n<td width=\"562\">+ Rodzice, m\u0105\u017c Marian w 3 rocz. \u015bmierci oraz Rufin i Melania<\/td>\n<\/tr>\n<\/tbody>\n<\/table>\n","protected":false},"excerpt":{"rendered":"<p>02\/08\/2021 Poniedzia\u0142ek 08:00 1.\u00a0\u00a0\u00a0\u00a0\u00a0 + Agnieszka Ossowska &#8211; gregoria\u0144ska 2.\u00a0\u00a0\u00a0\u00a0\u00a0 + Tomasz Flisikowski w 6 rocz. \u015bmierci 18:30 1.\u00a0\u00a0\u00a0\u00a0\u00a0 + Maria Kuhn i zmarli z rodziny 2.\u00a0\u00a0\u00a0\u00a0\u00a0 + Jan Reda w 22 rocz. \u015bmierci oraz Maria, dziadkowie Reda, Hildegarda Nowacka w 20 rocz. \u015bmierci, Jadwiga i Franciszek Bistro\u0144 i zmarli krewni 03\/08\/2021 Wtorek 08:00 1.\u00a0\u00a0\u00a0\u00a0\u00a0 [&hellip;]<\/p>\n","protected":false},"author":6,"featured_media":0,"comment_status":"closed","ping_status":"closed","sticky":false,"template":"","format":"standard","meta":{"footnotes":""},"categories":[10],"tags":[],"publishpress_future_action":{"enabled":false,"date":"1970-01-01 01:00:00","action":"","terms":[],"taxonomy":"","browser_timezone_offset":0},"_links":{"self":[{"href":"https:\/\/swmikolaj.org\/index.php\/wp-json\/wp\/v2\/posts\/8129"}],"collection":[{"href":"https:\/\/swmikolaj.org\/index.php\/wp-json\/wp\/v2\/posts"}],"about":[{"href":"https:\/\/swmikolaj.org\/index.php\/wp-json\/wp\/v2\/types\/post"}],"author":[{"embeddable":true,"href":"https:\/\/swmikolaj.org\/index.php\/wp-json\/wp\/v2\/users\/6"}],"replies":[{"embeddable":true,"href":"https:\/\/swmikolaj.org\/index.php\/wp-json\/wp\/v2\/comments?post=8129"}],"version-history":[{"count":1,"href":"https:\/\/swmikolaj.org\/index.php\/wp-json\/wp\/v2\/posts\/8129\/revisions"}],"predecessor-version":[{"id":8130,"href":"https:\/\/swmikolaj.org\/index.php\/wp-json\/wp\/v2\/posts\/8129\/revisions\/8130"}],"wp:attachment":[{"href":"https:\/\/swmikolaj.org\/index.php\/wp-json\/wp\/v2\/media?parent=8129"}],"wp:term":[{"taxonomy":"category","embeddable":true,"href":"https:\/\/swmikolaj.org\/index.php\/wp-json\/wp\/v2\/categories?post=8129"},{"taxonomy":"post_tag","embeddable":true,"href":"https:\/\/swmikolaj.org\/index.php\/wp-json\/wp\/v2\/tags?post=8129"}],"curies":[{"name":"wp","href":"https:\/\/api.w.org\/{rel}","templated":true}]}}