{"id":8118,"date":"2021-08-05T11:38:24","date_gmt":"2021-08-05T10:38:24","guid":{"rendered":"https:\/\/swmikolaj.org\/?p=8118"},"modified":"2021-08-05T11:48:29","modified_gmt":"2021-08-05T10:48:29","slug":"epidemia-zakonczona-do-czasu","status":"publish","type":"post","link":"https:\/\/swmikolaj.org\/index.php\/2021\/08\/05\/epidemia-zakonczona-do-czasu\/","title":{"rendered":"Epidemia zako\u0144czona. Do czasu."},"content":{"rendered":"\n<div class=\"kvgmc6g5 cxmmr5t8 oygrvhab hcukyx3x c1et5uql ii04i59q\">\n<div dir=\"auto\" style=\"text-align: justify;\"><span style=\"text-align: justify;\">\u00a0\u00a0\u00a0Wakacyjn\u0105 lektur\u0105 sta\u0142a sie dla mnie ksi\u0105\u017cka ks. prof. Jana Kracika, nie\u017cyj\u0105cego ju\u017c historyka z Krakowa, zatytu\u0142owana : &#8222;Pokona\u0107 czarn\u0105 \u015bmier\u0107&#8221;. Lektura bardzo pouczaj\u0105ca w czasach &#8222;covidowych&#8221;. Okazuje si\u0119, \u017ce \u015bwiat prze\u017cywa\u0142 epidemie &#8222;czarnej \u015bmierci&#8221;- d\u017cumy bardzo cz\u0119sto i to w r\u00f3\u017cnych skalach. Kracik bardzo ciekawie ukazuje fale epidemii nawiedzaj\u0105ce Krak\u00f3w g\u0142\u00f3wnie w \u015bredniowieczu. Np. w 1360 r. zaraza poch\u0142on\u0119\u0142a 20000 ofiar w samym tylko Krakowie. Podejmowano r\u00f3\u017cnorakie, czasami trafne, a innym razem \u015bmieszne i chybione z dzisiejszej perspektywy, pr\u00f3by chronienia si\u0119 przed t\u0105 chorob\u0105. Ciekawe jest to, \u017ce dopiero pod koniec XIX wieku wykryto bakcyla d\u017cumy. Jego g\u0142\u00f3wnym sposobem przenoszenia si\u0119 by\u0142y prawdopodobnie pch\u0142y, kt\u00f3re przechodzi\u0142y ze szczur\u00f3w na ludzi. Do dzi\u015b jednak nie wszystko jeszcze wiadomo. Wobec d\u017cumy, tak jak i dzisiaj wobec Covid-19, ludzie zajmowali r\u00f3\u017cne postawy. Bardzo ciekawym rozdzia\u0142em w ksi\u0105\u017cce jest opis postaw religijnych, kt\u00f3re rodzi\u0142y si\u0119 w czasach zarazy.<\/span><\/div>\n<\/div>\n<p style=\"text-align: justify;\"><!--more-->\u00a0 \u00a0Nadziej\u0119 wobec epidemii, cho\u0107 naznaczon\u0105 granic\u0105, mo\u017cna znale\u017a\u0107 na ko\u0144cowych kartach ksi\u0105\u017cki: &#8222;W ksi\u0119dze za\u015blubionych parafii \u015bw. Krzy\u017ca w maju 1708 roku proboszcz zamie\u015bci\u0142 wpis o epidemii i po\u017cegna\u0142 si\u0119, zdaj\u0105c si\u0119 na wol\u0119 Bosk\u0105. W styczniu 1709 r. przekre\u015bli\u0142 t\u0119 notatk\u0119, postawi\u0142 nag\u0142\u00f3wek: &lt;&lt;Post pestilentiam&gt;&gt; (po zarazie), i zacz\u0105\u0142 wpisywa\u0107 nowe pary. Te za\u015b, gdy tylko &lt;&lt;st\u0119pia\u0142a \u015bmierci ludogubnej kosa&gt;&gt;, garn\u0119\u0142y si\u0119 do ma\u0142\u017ce\u0144stwa t\u0142umnie, nie bacz\u0105c na \u015bwie\u017ce w\u0142asne wdowie\u0144stwo ani na niezanik\u0142e jeszcze ca\u0142kiem znamiona strasznej choroby na ciele w\u0142asnym czy partnera. Potem rodzi\u0142o si\u0119 zwykle sporo dzieci. \u017bycie zwyci\u0119\u017ca\u0142o. Do czasu&#8221;.<\/p>\n<p><a href=\"https:\/\/swmikolaj.org\/wp-content\/uploads\/2021\/08\/IMG_3961.heic\"><img decoding=\"async\" loading=\"lazy\" class=\"alignnone size-medium wp-image-8119\" src=\"https:\/\/swmikolaj.org\/wp-content\/uploads\/2021\/08\/IMG_3961.heic\" alt=\"\" width=\"1\" height=\"1\" \/><\/a><\/p>\n","protected":false},"excerpt":{"rendered":"<p>\u00a0\u00a0\u00a0Wakacyjn\u0105 lektur\u0105 sta\u0142a sie dla mnie ksi\u0105\u017cka ks. prof. Jana Kracika, nie\u017cyj\u0105cego ju\u017c historyka z Krakowa, zatytu\u0142owana : &#8222;Pokona\u0107 czarn\u0105 \u015bmier\u0107&#8221;. Lektura bardzo pouczaj\u0105ca w czasach &#8222;covidowych&#8221;. Okazuje si\u0119, \u017ce \u015bwiat prze\u017cywa\u0142 epidemie &#8222;czarnej \u015bmierci&#8221;- d\u017cumy bardzo cz\u0119sto i to w r\u00f3\u017cnych skalach. Kracik bardzo ciekawie ukazuje fale epidemii nawiedzaj\u0105ce Krak\u00f3w g\u0142\u00f3wnie w \u015bredniowieczu. Np. [&hellip;]<\/p>\n","protected":false},"author":4,"featured_media":0,"comment_status":"closed","ping_status":"closed","sticky":false,"template":"","format":"standard","meta":{"footnotes":""},"categories":[9],"tags":[],"publishpress_future_action":{"enabled":false,"date":"1970-01-01 01:00:00","action":"","terms":[],"taxonomy":"","browser_timezone_offset":0},"_links":{"self":[{"href":"https:\/\/swmikolaj.org\/index.php\/wp-json\/wp\/v2\/posts\/8118"}],"collection":[{"href":"https:\/\/swmikolaj.org\/index.php\/wp-json\/wp\/v2\/posts"}],"about":[{"href":"https:\/\/swmikolaj.org\/index.php\/wp-json\/wp\/v2\/types\/post"}],"author":[{"embeddable":true,"href":"https:\/\/swmikolaj.org\/index.php\/wp-json\/wp\/v2\/users\/4"}],"replies":[{"embeddable":true,"href":"https:\/\/swmikolaj.org\/index.php\/wp-json\/wp\/v2\/comments?post=8118"}],"version-history":[{"count":4,"href":"https:\/\/swmikolaj.org\/index.php\/wp-json\/wp\/v2\/posts\/8118\/revisions"}],"predecessor-version":[{"id":8123,"href":"https:\/\/swmikolaj.org\/index.php\/wp-json\/wp\/v2\/posts\/8118\/revisions\/8123"}],"wp:attachment":[{"href":"https:\/\/swmikolaj.org\/index.php\/wp-json\/wp\/v2\/media?parent=8118"}],"wp:term":[{"taxonomy":"category","embeddable":true,"href":"https:\/\/swmikolaj.org\/index.php\/wp-json\/wp\/v2\/categories?post=8118"},{"taxonomy":"post_tag","embeddable":true,"href":"https:\/\/swmikolaj.org\/index.php\/wp-json\/wp\/v2\/tags?post=8118"}],"curies":[{"name":"wp","href":"https:\/\/api.w.org\/{rel}","templated":true}]}}