{"id":790,"date":"2019-11-27T09:36:25","date_gmt":"2019-11-27T09:36:25","guid":{"rendered":"http:\/\/nowa.swmikolaj.org\/?p=790"},"modified":"2020-04-03T06:40:49","modified_gmt":"2020-04-03T06:40:49","slug":"uruchomiamysamochodzjedzeniemidobryminapojami","status":"publish","type":"post","link":"https:\/\/swmikolaj.org\/index.php\/2019\/11\/27\/uruchomiamysamochodzjedzeniemidobryminapojami\/","title":{"rendered":"Uruchomiamy samoch\u00f3d z jedzeniem i dobrymi napojami"},"content":{"rendered":"<p>\u00a0<span style=\"font-size: 14pt;\">\u00a0\u00a0\u00a0\u00a0 J<span style=\"font-size: 12pt;\">u\u017c za chwileczk\u0119, ju\u017c za momencik wielkie otwarcie naszego foodtrucka! Od 6 grudnia, od 16:00 serdecznie zapraszamy na pyszne donuty, smakowite frytki i super kaw\u0119 czy czekolad\u0119. Stowarzyszenie \u015aw. Miko\u0142aja Biskupa, kt\u00f3re dzia\u0142a w naszej parafii, uruchamia Sp\u00f3\u0142dzienie Socjaln\u0105 &#8222;Dobre Miejsce&#8221;, kt\u00f3ra poprowadzi m.in. foodtrucka. W dniu inauguracji b\u0119dzie sta\u0142 pod ko\u015bcio\u0142em, potem jego baz\u0105 bedzie podw\u00f3rko przy starej plebanii, ale zoabczycie go te\u017c pewnie w wielu innych miejscach \ud83d\ude42<\/span> <\/span><\/p>\n\n\n<div class=\"wp-block-image\"><figure class=\"aligncenter\"><img decoding=\"async\" loading=\"lazy\" width=\"1024\" height=\"390\" src=\"http:\/\/swmikolaj.org\/wp-content\/uploads\/2020\/04\/Dobre_miejsce-1024x390.png\" alt=\"\" class=\"wp-image-2615\" srcset=\"https:\/\/swmikolaj.org\/wp-content\/uploads\/2020\/04\/Dobre_miejsce-1024x390.png 1024w, https:\/\/swmikolaj.org\/wp-content\/uploads\/2020\/04\/Dobre_miejsce-300x114.png 300w, https:\/\/swmikolaj.org\/wp-content\/uploads\/2020\/04\/Dobre_miejsce-768x292.png 768w, https:\/\/swmikolaj.org\/wp-content\/uploads\/2020\/04\/Dobre_miejsce-676x257.png 676w\" sizes=\"(max-width: 1024px) 100vw, 1024px\" \/><\/figure><\/div>\n","protected":false},"excerpt":{"rendered":"<p>\u00a0\u00a0\u00a0\u00a0\u00a0 Ju\u017c za chwileczk\u0119, ju\u017c za momencik wielkie otwarcie naszego foodtrucka! Od 6 grudnia, od 16:00 serdecznie zapraszamy na pyszne donuty, smakowite frytki i super kaw\u0119 czy czekolad\u0119. Stowarzyszenie \u015aw. Miko\u0142aja Biskupa, kt\u00f3re dzia\u0142a w naszej parafii, uruchamia Sp\u00f3\u0142dzienie Socjaln\u0105 &#8222;Dobre Miejsce&#8221;, kt\u00f3ra poprowadzi m.in. foodtrucka. W dniu inauguracji b\u0119dzie sta\u0142 pod ko\u015bcio\u0142em, potem jego [&hellip;]<\/p>\n","protected":false},"author":6,"featured_media":0,"comment_status":"closed","ping_status":"closed","sticky":false,"template":"","format":"standard","meta":{"footnotes":""},"categories":[8],"tags":[],"publishpress_future_action":{"enabled":false,"date":"1970-01-01 01:00:00","action":"","terms":[],"taxonomy":"","browser_timezone_offset":0},"_links":{"self":[{"href":"https:\/\/swmikolaj.org\/index.php\/wp-json\/wp\/v2\/posts\/790"}],"collection":[{"href":"https:\/\/swmikolaj.org\/index.php\/wp-json\/wp\/v2\/posts"}],"about":[{"href":"https:\/\/swmikolaj.org\/index.php\/wp-json\/wp\/v2\/types\/post"}],"author":[{"embeddable":true,"href":"https:\/\/swmikolaj.org\/index.php\/wp-json\/wp\/v2\/users\/6"}],"replies":[{"embeddable":true,"href":"https:\/\/swmikolaj.org\/index.php\/wp-json\/wp\/v2\/comments?post=790"}],"version-history":[{"count":2,"href":"https:\/\/swmikolaj.org\/index.php\/wp-json\/wp\/v2\/posts\/790\/revisions"}],"predecessor-version":[{"id":2617,"href":"https:\/\/swmikolaj.org\/index.php\/wp-json\/wp\/v2\/posts\/790\/revisions\/2617"}],"wp:attachment":[{"href":"https:\/\/swmikolaj.org\/index.php\/wp-json\/wp\/v2\/media?parent=790"}],"wp:term":[{"taxonomy":"category","embeddable":true,"href":"https:\/\/swmikolaj.org\/index.php\/wp-json\/wp\/v2\/categories?post=790"},{"taxonomy":"post_tag","embeddable":true,"href":"https:\/\/swmikolaj.org\/index.php\/wp-json\/wp\/v2\/tags?post=790"}],"curies":[{"name":"wp","href":"https:\/\/api.w.org\/{rel}","templated":true}]}}