{"id":7494,"date":"2021-05-14T13:19:27","date_gmt":"2021-05-14T12:19:27","guid":{"rendered":"https:\/\/swmikolaj.org\/?p=7494"},"modified":"2021-05-14T13:19:28","modified_gmt":"2021-05-14T12:19:28","slug":"intencje-mszy-swietych-17-23-05-2021","status":"publish","type":"post","link":"https:\/\/swmikolaj.org\/index.php\/2021\/05\/14\/intencje-mszy-swietych-17-23-05-2021\/","title":{"rendered":"INTENCJE MSZY \u015aWI\u0118TYCH 17 &#8211; 23\/05\/2021"},"content":{"rendered":"<table width=\"647\">\n<tbody>\n<tr>\n<td colspan=\"2\" width=\"647\"><strong>17\/05\/2021 Poniedzia\u0142ek<\/strong><\/td>\n<\/tr>\n<tr>\n<td width=\"85\"><strong>08:00<\/strong><\/td>\n<td width=\"562\">1.\u00a0\u00a0\u00a0\u00a0\u00a0 + Klemens, zmarli z rodzin Stenka i Kobiela<\/p>\n<p>2.\u00a0\u00a0\u00a0\u00a0\u00a0 + Syn Marek Rajko w 11 rocz. \u015bmierci oraz rodzice z obojga stron Julian i Stanis\u0142awa, Henryk i Marianna<\/td>\n<\/tr>\n<tr>\n<td width=\"85\"><strong>18:30<\/strong><\/td>\n<td width=\"562\">1.\u00a0\u00a0\u00a0\u00a0\u00a0 + Jadwiga Maszota &#8211; gregoria\u0144ska<\/p>\n<p>2.\u00a0\u00a0\u00a0\u00a0\u00a0 + Marian M\u0119\u017cyk oraz zmarli z rodziny<\/td>\n<\/tr>\n<tr>\n<td colspan=\"2\" width=\"647\"><strong>18\/05\/2021 Wtorek<\/strong><\/td>\n<\/tr>\n<tr>\n<td width=\"85\"><strong>08:00<\/strong><\/td>\n<td width=\"562\">1.\u00a0\u00a0\u00a0\u00a0\u00a0 + Julian Pob\u0142ocki<\/p>\n<p>2.\u00a0\u00a0\u00a0\u00a0\u00a0 + Jadwiga Maszota &#8211; gregoria\u0144ska<\/td>\n<\/tr>\n<tr>\n<td width=\"85\"><strong>18:30<\/strong><\/td>\n<td width=\"562\">1.\u00a0\u00a0\u00a0\u00a0\u00a0 Dzi\u0119kczynno-b\u0142agalna w dniu urodzin Stefani<\/p>\n<p>2.\u00a0\u00a0\u00a0\u00a0\u00a0 + Halina i Grzegorz, rodze\u0144stwo i rodzice z obojga stron oraz Jacek<\/td>\n<\/tr>\n<tr>\n<td colspan=\"2\" width=\"647\"><strong>19\/05\/2021 \u015aroda<\/strong><\/td>\n<\/tr>\n<tr>\n<td width=\"85\"><strong>08:00<\/strong><\/td>\n<td width=\"562\">1.\u00a0\u00a0\u00a0\u00a0\u00a0 + M\u0105\u017c J\u00f3zef Ku\u017ama w 1 rocz. \u015bmierci, mama Weronika Wilczy\u0144ska w 22 rocz. \u015bmierci\u00a0 oraz Hieronim Piecuch w 57 rocz. \u015bmierci<\/p>\n<p>2.\u00a0\u00a0\u00a0\u00a0\u00a0 + Andrzej Damrath<\/td>\n<\/tr>\n<tr>\n<td width=\"85\"><strong>18:30<\/strong><\/td>\n<td width=\"562\">1.\u00a0\u00a0\u00a0\u00a0\u00a0 + Jadwiga Maszota \u2013 gregoria\u0144ska<\/p>\n<p>2.\u00a0\u00a0\u00a0\u00a0\u00a0 + Waldemar Grabowski w 1 rocz. \u015bmierci<\/td>\n<\/tr>\n<tr>\n<td colspan=\"2\" width=\"647\"><strong>20\/05\/2021 Czwartek<\/strong><\/td>\n<\/tr>\n<tr>\n<td width=\"85\"><strong>08:00<\/strong><\/td>\n<td width=\"562\">1.\u00a0\u00a0\u00a0\u00a0\u00a0 + Jan Lewa\u0144czyk &#8211; intencja od s\u0105siad\u00f3w<\/p>\n<p>2.\u00a0\u00a0\u00a0\u00a0\u00a0 + Feliks z okazji 5 rocz. \u015bmierci i rodzice z obojga stron<\/td>\n<\/tr>\n<tr>\n<td width=\"85\"><strong>10:30<\/strong><\/td>\n<td width=\"562\">Pogrzeb: \u015bp. Henryk \u0141azaronek, lat 63<\/td>\n<\/tr>\n<tr>\n<td width=\"85\"><strong>18:30<\/strong><\/td>\n<td width=\"562\">1.\u00a0\u00a0\u00a0\u00a0\u00a0 + Jadwiga Maszota \u2013 gregoria\u0144ska<\/p>\n<p>2.\u00a0\u00a0\u00a0\u00a0\u00a0 + Zofia oraz zmarli z rodziny z obojga stron<\/td>\n<\/tr>\n<tr>\n<td colspan=\"2\" width=\"647\"><strong>21\/05\/2021 Pi\u0105tek<\/strong><\/td>\n<\/tr>\n<tr>\n<td width=\"85\"><strong>08:00<\/strong><\/td>\n<td width=\"562\">1.\u00a0\u00a0\u00a0\u00a0\u00a0 + Andrzej Lis &#8211; intencja od s\u0105siad\u00f3w<\/p>\n<p>2.\u00a0\u00a0\u00a0\u00a0\u00a0 + Syn Leszek, m\u0105\u017c Jan i rodzice z obojga stron<\/td>\n<\/tr>\n<tr>\n<td width=\"85\"><strong>18:30<\/strong><\/td>\n<td width=\"562\">1.\u00a0\u00a0\u00a0\u00a0\u00a0 + Jadwiga Maszota \u2013 gregoria\u0144ska<\/p>\n<p>2.\u00a0\u00a0\u00a0\u00a0\u00a0 + Zmarli z rodziny Alfut i Piotrowicz<\/p>\n<p>3.\u00a0\u00a0\u00a0\u00a0\u00a0 + Alicja Kornaus &#8211; intencja od kole\u017canek z pracy<\/td>\n<\/tr>\n<tr>\n<td colspan=\"2\" width=\"647\"><strong>22\/05\/2021 Sobota<\/strong><\/td>\n<\/tr>\n<tr>\n<td width=\"85\"><strong>08:00<\/strong><\/td>\n<td width=\"562\">1.\u00a0\u00a0\u00a0\u00a0\u00a0 + Jadwiga Maszota &#8211; gregoria\u0144ska<\/p>\n<p>2.\u00a0\u00a0\u00a0\u00a0\u00a0 + Adam Dr\u0105\u017ckiewicz w 9 rocz. \u015bmierci oraz rodzice z obojga stron<\/p>\n<p>3.\u00a0\u00a0\u00a0\u00a0\u00a0 + Piotr oraz zmarli z rodziny<\/td>\n<\/tr>\n<tr>\n<td width=\"85\"><strong>18:30<\/strong><\/td>\n<td width=\"562\">+ Zofia i Horst Szreder oraz Lidia Niesio\u0142owska<\/td>\n<\/tr>\n<tr>\n<td width=\"85\"><strong>23:00<\/strong><\/td>\n<td width=\"562\">W intencji parafii o dary Ducha \u015awi\u0119tego i zapa\u0142 do ewangelizacji<\/td>\n<\/tr>\n<tr>\n<td colspan=\"2\" width=\"647\"><strong>23\/05\/2021 <\/strong><\/p>\n<p><strong>Zes\u0142anie Ducha \u015awi\u0119tego<\/strong><\/td>\n<\/tr>\n<tr>\n<td width=\"85\"><strong>08:00<\/strong><\/td>\n<td width=\"562\">1.\u00a0\u00a0\u00a0\u00a0\u00a0 + Leokadia i Norbert Wi\u015bniccy oraz zmarli z rodziny<\/p>\n<p>2.\u00a0\u00a0\u00a0\u00a0\u00a0 + Brat Mieczys\u0142aw \u015aliwi\u0144ski<\/td>\n<\/tr>\n<tr>\n<td width=\"85\"><strong>10:00<\/strong><\/td>\n<td width=\"562\">1.\u00a0\u00a0\u00a0\u00a0\u00a0 + Zofia i J\u00f3zef Juszczyk<\/p>\n<p>2.\u00a0\u00a0\u00a0\u00a0\u00a0 + M\u0105\u017c Franciszek oraz Izabela i rodzice z obojga stron<\/td>\n<\/tr>\n<tr>\n<td width=\"85\"><strong>11:30<\/strong><\/td>\n<td width=\"562\">+ Alicja<\/td>\n<\/tr>\n<tr>\n<td width=\"85\"><strong>13:00<\/strong><\/td>\n<td width=\"562\">Secundycja ks. Mateusza Kosznika \u2013 W intencji parafii<\/td>\n<\/tr>\n<tr>\n<td width=\"85\"><strong>18:30<\/strong><\/td>\n<td width=\"562\">+ Jadwiga Maszota &#8211; gregoria\u0144ska<\/td>\n<\/tr>\n<\/tbody>\n<\/table>\n","protected":false},"excerpt":{"rendered":"<p>17\/05\/2021 Poniedzia\u0142ek 08:00 1.\u00a0\u00a0\u00a0\u00a0\u00a0 + Klemens, zmarli z rodzin Stenka i Kobiela 2.\u00a0\u00a0\u00a0\u00a0\u00a0 + Syn Marek Rajko w 11 rocz. \u015bmierci oraz rodzice z obojga stron Julian i Stanis\u0142awa, Henryk i Marianna 18:30 1.\u00a0\u00a0\u00a0\u00a0\u00a0 + Jadwiga Maszota &#8211; gregoria\u0144ska 2.\u00a0\u00a0\u00a0\u00a0\u00a0 + Marian M\u0119\u017cyk oraz zmarli z rodziny 18\/05\/2021 Wtorek 08:00 1.\u00a0\u00a0\u00a0\u00a0\u00a0 + Julian Pob\u0142ocki 2.\u00a0\u00a0\u00a0\u00a0\u00a0 [&hellip;]<\/p>\n","protected":false},"author":6,"featured_media":0,"comment_status":"closed","ping_status":"closed","sticky":false,"template":"","format":"standard","meta":{"footnotes":""},"categories":[10],"tags":[],"publishpress_future_action":{"enabled":false,"date":"1970-01-01 01:00:00","action":"","terms":[],"taxonomy":"","browser_timezone_offset":0},"_links":{"self":[{"href":"https:\/\/swmikolaj.org\/index.php\/wp-json\/wp\/v2\/posts\/7494"}],"collection":[{"href":"https:\/\/swmikolaj.org\/index.php\/wp-json\/wp\/v2\/posts"}],"about":[{"href":"https:\/\/swmikolaj.org\/index.php\/wp-json\/wp\/v2\/types\/post"}],"author":[{"embeddable":true,"href":"https:\/\/swmikolaj.org\/index.php\/wp-json\/wp\/v2\/users\/6"}],"replies":[{"embeddable":true,"href":"https:\/\/swmikolaj.org\/index.php\/wp-json\/wp\/v2\/comments?post=7494"}],"version-history":[{"count":1,"href":"https:\/\/swmikolaj.org\/index.php\/wp-json\/wp\/v2\/posts\/7494\/revisions"}],"predecessor-version":[{"id":7495,"href":"https:\/\/swmikolaj.org\/index.php\/wp-json\/wp\/v2\/posts\/7494\/revisions\/7495"}],"wp:attachment":[{"href":"https:\/\/swmikolaj.org\/index.php\/wp-json\/wp\/v2\/media?parent=7494"}],"wp:term":[{"taxonomy":"category","embeddable":true,"href":"https:\/\/swmikolaj.org\/index.php\/wp-json\/wp\/v2\/categories?post=7494"},{"taxonomy":"post_tag","embeddable":true,"href":"https:\/\/swmikolaj.org\/index.php\/wp-json\/wp\/v2\/tags?post=7494"}],"curies":[{"name":"wp","href":"https:\/\/api.w.org\/{rel}","templated":true}]}}