{"id":73759,"date":"2023-01-27T15:49:17","date_gmt":"2023-01-27T14:49:17","guid":{"rendered":"https:\/\/swmikolaj.org\/?p=73759"},"modified":"2023-01-27T16:16:02","modified_gmt":"2023-01-27T15:16:02","slug":"ogloszenia-duszpasterskie-i-biuletyn-parafialny-29-01-2023r","status":"publish","type":"post","link":"https:\/\/swmikolaj.org\/index.php\/2023\/01\/27\/ogloszenia-duszpasterskie-i-biuletyn-parafialny-29-01-2023r\/","title":{"rendered":"Og\u0142oszenia Duszpasterskie i Biuletyn Parafialny, 29.01.2023r."},"content":{"rendered":"<p style=\"text-align: justify;\"><span style=\"font-size: 18pt;\"><strong>1.<\/strong><\/span> \u015awi\u0119to Ofiarowania Pa\u0144skiego, popularnie nazywane \u015awi\u0119tem Matki Bo\u017cej Gromnicznej, obchodzi\u0107 b\u0119dziemy we czwartek, 2 lutego. Tego dnia Msze \u015awi\u0119te o: 8:00 i 18:30. Jest to r\u00f3wnie\u017c \u015bwi\u0119to os\u00f3b konsekrowanych i tego dnia ofiary z tacy przeznaczone b\u0119d\u0105 na klasztory kontemplacyjne w naszej archidiecezji.<br><span style=\"font-size: 18pt;\"><strong>2.<\/strong><\/span> W zakrystii mo\u017cna naby\u0107 \u015bwiece, mi\u0119dzy innymi gromnice, zrobione przez siostry betlejemitki z Grabowca.<\/p>\n\n\n<!--more-->\n\n\n<p style=\"text-align: justify;\"><span style=\"font-size: 18pt;\"><strong>3.<\/strong> <\/span>W pierwszy czwartek zapraszamy do ca\u0142odziennej adoracji w intencji powo\u0142anych do kap\u0142a\u0144stwa.<br \/><span style=\"font-size: 18pt;\"><strong>4.<\/strong> <\/span>W pierwszy pi\u0105tek zapraszamy na Eucharystie o: 8:00 i 18:30. Spowied\u017a w pierwszy pi\u0105tek b\u0119dzie od 7:30 do 8:15 i od 17:45 do 18:45.<br \/><span style=\"font-size: 18pt;\"><strong>5.<\/strong> <\/span>Wznawiamy spotkania dla dzieci klas trzecich przed Pierwsz\u0105 Komuni\u0105 \u015awi\u0119t\u0105. Zaj\u0119cia odb\u0119d\u0105 si\u0119 we wtorek i czwartek o 17:00.<br \/><span style=\"font-size: 18pt;\"><strong>6.<\/strong> <\/span>Zapraszamy m\u0142odzie\u017c i doros\u0142ych na Msz\u0119 \u015bwi\u0119t\u0105 w dolnym ko\u015bciele w niedziel\u0119, 5 lutego o 17:00<br \/><span style=\"font-size: 18pt;\"><strong>7.<\/strong> <\/span>Ma\u0142\u017conk\u00f3w w kryzysie zapraszamy na spotkanie w poniedzia\u0142ek, 30 stycznia. W planie Eucharystia o 18:30, a nast\u0119pnie spotkanie w starej plebanii. <br \/><span style=\"font-size: 18pt;\"><strong>8.<\/strong> <\/span>Wsp\u00f3lnota Szko\u0142y Ewangelizacji Magnificat zaprasza na spotkanie biblijne w najbli\u017cszy wtorek o 19:15 do dolnego ko\u015bcio\u0142a.<br \/><span style=\"font-size: 18pt;\"><strong>9.<\/strong> <\/span>Zapraszamy na spotkanie Klubu Seniora w \u015brod\u0119 o 9:00. Go\u015bci\u0107 b\u0119dziemy Micha\u0142a Urbana, prawnika, kt\u00f3ry b\u0119dzie m\u00f3wi\u0142 o pe\u0142nomocnictwie.<br \/><span style=\"font-size: 18pt;\"><strong>10.<\/strong> <\/span>Spotkanie Kr\u0119gu Biblijnego odb\u0119dzie si\u0119 najbli\u017cszy w czwartek o 19:30 w sali nr 5, w domu parafialnym.<br \/><span style=\"font-size: 18pt;\"><strong>11.<\/strong> <\/span>Spotkanie dla cz\u0142onk\u00f3w \u017bywego R\u00f3\u017ca\u0144ca odb\u0119dzie si\u0119 w sobot\u0119 o 8:00.<br \/><span style=\"font-size: 18pt;\"><strong>12.<\/strong> <\/span>Wsp\u00f3lnota Dzieje II organizuje rekolekcje \u201e\u017bycie w Duchu \u015awi\u0119tym w dniach 17-19 lutego w starej plebanii . Zapisy w biurze parafialnym. <br \/><span style=\"font-size: 18pt;\"><strong>13.<\/strong> <\/span>Katechezy Zwiastowania rozpoczn\u0105 si\u0119 w poniedzia\u0142ek, 30 stycznia o 19:15 w dolnym ko\u015bciele. <br \/><span style=\"font-size: 18pt;\"><strong>14.<\/strong> <\/span>Przypominamy, \u017ce w naszej parafii funkcjonuje wiele grup wsparcia m.in.: Anonimowi Narkomanii, kt\u00f3rzy spotykaj\u0105 si\u0119 w \u015brody o 19:30 i w niedziele o 19:00 w starej plebanii. Wykaz wszystkich grup wsparcia znajduje si\u0119 na stronie internetowej parafii i na plakatach umieszczonych w gablotach.<br \/><span style=\"font-size: 18pt;\"><strong>15.<\/strong> <\/span>Wszystkich lubi\u0105cych \u015bpiewa\u0107 i gra\u0107 zapraszamy do Diakonii Muzycznej \u015awi\u0119tego Miko\u0142aja, kt\u00f3ra zaczyna przygotowywa\u0107 \u015bpiewy na Triduum Paschalne. Pierwsza pr\u00f3ba odb\u0119dzie si\u0119 dzisiaj, w niedziel\u0119, 29 stycznia o 16:00 w sali nr 9 domu parafialnego.<br \/><span style=\"font-size: 18pt;\"><strong>16.<\/strong><\/span> Zapraszamy do podarowania 1,5% podatku na rzecz naszego Stowarzyszenia \u015aw. Miko\u0142aja Biskupa (nr KRS 0000343609).<br \/><span style=\"font-size: 18pt;\"><strong>17.<\/strong> <\/span>Dzisiaj po Mszy \u015bwi\u0119tej odb\u0119dzie si\u0119 kwesta na sp\u0142acenie rachunk\u00f3w za ogrzewanie ko\u015bcio\u0142a, plebanii i domu parafialnego. Grudniowy rachunek wyni\u00f3s\u0142 ponad 16,5 tys. z\u0142.<br \/><span style=\"font-size: 18pt;\"><strong>18.<\/strong> <\/span>Dzi\u0119kujemy za spotkania kol\u0119dowe w domach i w ko\u015bciele. Odwiedzili\u015bmy 1322 mieszka\u0144, a oko\u0142o 80 rodzin prze\u017cy\u0142o kol\u0119d\u0119 podczas tzw. Mszy kol\u0119dowych w ko\u015bciele.<\/p>\n<p style=\"text-align: center;\">W minionych dniach zmarli:<br \/>Krystyna Borowiak, lat 83; Jolanta Barczyk, lat 74; <br \/>Bronis\u0142aw Falkowski, lat 86; Jakub Soliwoda, lat 27.<\/p>\n\n\n<div class=\"wp-block-file\"><a href=\"https:\/\/swmikolaj.org\/wp-content\/uploads\/2023\/01\/Biuletyn-Parafialny-2023-01-29.pdf\">Biuletyn-Parafialny-2023-01-29<\/a><a href=\"https:\/\/swmikolaj.org\/wp-content\/uploads\/2023\/01\/Biuletyn-Parafialny-2023-01-29.pdf\" class=\"wp-block-file__button\" download>Pobierz<\/a><\/div>\n","protected":false},"excerpt":{"rendered":"<p>1. \u015awi\u0119to Ofiarowania Pa\u0144skiego, popularnie nazywane \u015awi\u0119tem Matki Bo\u017cej Gromnicznej, obchodzi\u0107 b\u0119dziemy we czwartek, 2 lutego. Tego dnia Msze \u015awi\u0119te o: 8:00 i 18:30. Jest to r\u00f3wnie\u017c \u015bwi\u0119to os\u00f3b konsekrowanych i tego dnia ofiary z tacy przeznaczone b\u0119d\u0105 na klasztory kontemplacyjne w naszej archidiecezji.2. W zakrystii mo\u017cna naby\u0107 \u015bwiece, mi\u0119dzy innymi gromnice, zrobione przez siostry [&hellip;]<\/p>\n","protected":false},"author":6,"featured_media":0,"comment_status":"closed","ping_status":"closed","sticky":false,"template":"","format":"standard","meta":{"footnotes":""},"categories":[8,12],"tags":[],"publishpress_future_action":{"enabled":false,"date":"1970-01-01 01:00:00","action":"","terms":[],"taxonomy":"","browser_timezone_offset":0},"_links":{"self":[{"href":"https:\/\/swmikolaj.org\/index.php\/wp-json\/wp\/v2\/posts\/73759"}],"collection":[{"href":"https:\/\/swmikolaj.org\/index.php\/wp-json\/wp\/v2\/posts"}],"about":[{"href":"https:\/\/swmikolaj.org\/index.php\/wp-json\/wp\/v2\/types\/post"}],"author":[{"embeddable":true,"href":"https:\/\/swmikolaj.org\/index.php\/wp-json\/wp\/v2\/users\/6"}],"replies":[{"embeddable":true,"href":"https:\/\/swmikolaj.org\/index.php\/wp-json\/wp\/v2\/comments?post=73759"}],"version-history":[{"count":4,"href":"https:\/\/swmikolaj.org\/index.php\/wp-json\/wp\/v2\/posts\/73759\/revisions"}],"predecessor-version":[{"id":73767,"href":"https:\/\/swmikolaj.org\/index.php\/wp-json\/wp\/v2\/posts\/73759\/revisions\/73767"}],"wp:attachment":[{"href":"https:\/\/swmikolaj.org\/index.php\/wp-json\/wp\/v2\/media?parent=73759"}],"wp:term":[{"taxonomy":"category","embeddable":true,"href":"https:\/\/swmikolaj.org\/index.php\/wp-json\/wp\/v2\/categories?post=73759"},{"taxonomy":"post_tag","embeddable":true,"href":"https:\/\/swmikolaj.org\/index.php\/wp-json\/wp\/v2\/tags?post=73759"}],"curies":[{"name":"wp","href":"https:\/\/api.w.org\/{rel}","templated":true}]}}