{"id":7318,"date":"2021-04-12T16:38:26","date_gmt":"2021-04-12T15:38:26","guid":{"rendered":"https:\/\/swmikolaj.org\/?p=7318"},"modified":"2021-04-12T16:38:26","modified_gmt":"2021-04-12T15:38:26","slug":"intencje-mszy-swietych-12-18-04-2021","status":"publish","type":"post","link":"https:\/\/swmikolaj.org\/index.php\/2021\/04\/12\/intencje-mszy-swietych-12-18-04-2021\/","title":{"rendered":"INTENCJE MSZY \u015aWI\u0118TYCH 12 &#8211; 18\/04\/2021"},"content":{"rendered":"<table style=\"width: 100%;\" width=\"647\">\n<tbody>\n<tr>\n<td style=\"width: 98.8165%;\" colspan=\"2\" width=\"647\">\n<p style=\"text-align: center;\"><strong>12\/04\/2021 Poniedzia\u0142ek<\/strong><\/p>\n<\/td>\n<\/tr>\n<tr>\n<td style=\"width: 12.8698%;\" width=\"85\">\n<p style=\"text-align: center;\"><strong>08:00<\/strong><\/p>\n<\/td>\n<td style=\"width: 85.9467%;\" width=\"562\">\n<p>1.\u00a0\u00a0\u00a0\u00a0\u00a0 + Czes\u0142aw Wolniak oraz zmarli z rodziny z obojga stron<\/p>\n<p>2.\u00a0\u00a0\u00a0\u00a0\u00a0 + Edwin Kasa &#8211; intencja od s\u0105siad\u00f3w<\/p>\n<p>3.\u00a0\u00a0\u00a0\u00a0\u00a0 + Teresa Grych w 3 rocz. \u015bmierci oraz Marta Koszela<\/p>\n<\/td>\n<\/tr>\n<tr>\n<td style=\"width: 12.8698%;\" width=\"85\">\n<p style=\"text-align: center;\"><strong>10:30<\/strong><\/p>\n<\/td>\n<td style=\"width: 85.9467%;\" width=\"562\">\n<p>Pogrzeb: \u015bp. Irena Mrozowska, lat 91<\/p>\n<\/td>\n<\/tr>\n<tr>\n<td style=\"width: 12.8698%;\" width=\"85\">\n<p style=\"text-align: center;\"><strong>12:00<\/strong><\/p>\n<\/td>\n<td style=\"width: 85.9467%;\" width=\"562\">\n<p>Pogrzeb: \u015bp. Anna Nowak, lat 80<\/p>\n<\/td>\n<\/tr>\n<tr>\n<td style=\"width: 12.8698%;\" width=\"85\">\n<p style=\"text-align: center;\"><strong>18:30<\/strong><\/p>\n<\/td>\n<td style=\"width: 85.9467%;\" width=\"562\">\n<p>1.\u00a0\u00a0\u00a0\u00a0\u00a0 + Regina Bieszke &#8211; gregoria\u0144ska<\/p>\n<p>2.\u00a0\u00a0\u00a0\u00a0\u00a0 + W\u0142adys\u0142awa Karpluk &#8211; gregoria\u0144ska<\/p>\n<\/td>\n<\/tr>\n<tr>\n<td style=\"width: 98.8165%;\" colspan=\"2\" width=\"647\">\n<p style=\"text-align: center;\"><strong>13\/04\/2021 Wtorek<\/strong><\/p>\n<\/td>\n<\/tr>\n<tr>\n<td style=\"width: 12.8698%;\" width=\"85\">\n<p style=\"text-align: center;\"><strong>08:00<\/strong><\/p>\n<\/td>\n<td style=\"width: 85.9467%;\" width=\"562\">\n<p>1.\u00a0\u00a0\u00a0\u00a0\u00a0 + Regina Bieszke &#8211; gregoria\u0144ska<\/p>\n<p>2.\u00a0\u00a0\u00a0\u00a0\u00a0 + W\u0142adys\u0142awa Karpluk &#8211; gregoria\u0144ska<\/p>\n<\/td>\n<\/tr>\n<tr>\n<td style=\"width: 12.8698%;\" width=\"85\">\n<p style=\"text-align: center;\"><strong>18:30<\/strong><\/p>\n<\/td>\n<td style=\"width: 85.9467%;\" width=\"562\">\n<p>1.\u00a0\u00a0\u00a0\u00a0\u00a0 Dzi\u0119kczynno-b\u0142agalna w 80 rocz. urodzin Wandy Redli\u0144skiej z pro\u015bb\u0105 o wszelkie potrzebne \u0142aski tak\u017ce dla dzieci i wnuk\u00f3w<\/p>\n<p>2.\u00a0\u00a0\u00a0\u00a0\u00a0 + Stefania w 10 rocz. \u015bmierci\u00a0 oraz rodzice z obojga stron<\/p>\n<\/td>\n<\/tr>\n<tr>\n<td style=\"width: 98.8165%;\" colspan=\"2\" width=\"647\">\n<p style=\"text-align: center;\"><strong>14\/04\/2021 \u015aroda<\/strong><\/p>\n<\/td>\n<\/tr>\n<tr>\n<td style=\"width: 12.8698%;\" width=\"85\">\n<p style=\"text-align: center;\"><strong>08:00<\/strong><\/p>\n<\/td>\n<td style=\"width: 85.9467%;\" width=\"562\">\n<p>1.\u00a0\u00a0\u00a0\u00a0\u00a0 Dzi\u0119kczynno-b\u0142agalna w intencji VII R\u00f3\u017cy \u017bywego R\u00f3\u017ca\u0144ca z pro\u015bb\u0105 o zdrowie, Bo\u017ce b\u0142ogos\u0142awie\u0144stwo i opiek\u0119 Matki Bo\u017cej dla cz\u0142onki\u0144 i ich rodzin oraz o \u017cycie wieczne dla zmar\u0142ych<\/p>\n<p>2.\u00a0\u00a0\u00a0\u00a0\u00a0 + Regina Bieszke &#8211; gregoria\u0144ska<\/p>\n<p>3.\u00a0\u00a0\u00a0\u00a0\u00a0 + W\u0142adys\u0142awa Karpluk &#8211; gregoria\u0144ska<\/p>\n<\/td>\n<\/tr>\n<tr>\n<td style=\"width: 12.8698%;\" width=\"85\">\n<p style=\"text-align: center;\"><strong>10:00<\/strong><\/p>\n<\/td>\n<td style=\"width: 85.9467%;\" width=\"562\">\n<p>Pogrzeb: \u015bp. El\u017cbieta Zabielska, lat 70<\/p>\n<p>\u00a0\u00a0\u00a0\u00a0\u00a0\u00a0\u00a0\u00a0\u00a0\u00a0\u00a0\u00a0\u00a0\u00a0\u00a0\u00a0 i \u015bp. Marian Zabielski, lat 75<\/p>\n<\/td>\n<\/tr>\n<tr>\n<td style=\"width: 12.8698%;\" width=\"85\">\n<p style=\"text-align: center;\"><strong>13:00<\/strong><\/p>\n<\/td>\n<td style=\"width: 85.9467%;\" width=\"562\">\n<p>Pogrzeb: \u015bp. Irena Bisior, lat 65<\/p>\n<\/td>\n<\/tr>\n<tr>\n<td style=\"width: 12.8698%;\" width=\"85\">\n<p style=\"text-align: center;\"><strong>18:30<\/strong><\/p>\n<\/td>\n<td style=\"width: 85.9467%;\" width=\"562\">\n<p>1.\u00a0\u00a0\u00a0\u00a0\u00a0 + Lili<\/p>\n<p>2.\u00a0\u00a0\u00a0\u00a0\u00a0 + Edward Gliniewicz<\/p>\n<\/td>\n<\/tr>\n<tr>\n<td style=\"width: 98.8165%;\" colspan=\"2\" width=\"647\">\n<p style=\"text-align: center;\"><strong>15\/04\/2021 Czwartek<\/strong><\/p>\n<\/td>\n<\/tr>\n<tr>\n<td style=\"width: 12.8698%;\" width=\"85\">\n<p style=\"text-align: center;\"><strong>08:00<\/strong><\/p>\n<\/td>\n<td style=\"width: 85.9467%;\" width=\"562\">\n<p>1.\u00a0\u00a0\u00a0\u00a0\u00a0 + Aleksandra Preiss<\/p>\n<p>2.\u00a0\u00a0\u00a0\u00a0\u00a0 + Regina Bieszke &#8211; gregoria\u0144ska<\/p>\n<\/td>\n<\/tr>\n<tr>\n<td style=\"width: 12.8698%;\" width=\"85\">\n<p style=\"text-align: center;\"><strong>18:30<\/strong><\/p>\n<\/td>\n<td style=\"width: 85.9467%;\" width=\"562\">\n<p>1.\u00a0\u00a0\u00a0\u00a0\u00a0 + W\u0142adys\u0142awa Karpluk &#8211; gregoria\u0144ska<\/p>\n<p>2.\u00a0\u00a0\u00a0\u00a0\u00a0 + Wojciech Wenta w 6 rocz. \u015bmierci<\/p>\n<\/td>\n<\/tr>\n<tr>\n<td style=\"width: 98.8165%;\" colspan=\"2\" width=\"647\">\n<p style=\"text-align: center;\"><strong>16\/04\/2021 Pi\u0105tek<\/strong><\/p>\n<\/td>\n<\/tr>\n<tr>\n<td style=\"width: 12.8698%;\" width=\"85\">\n<p style=\"text-align: center;\"><strong>08:00<\/strong><\/p>\n<\/td>\n<td style=\"width: 85.9467%;\" width=\"562\">\n<p>1.\u00a0\u00a0\u00a0\u00a0\u00a0 + Regina Bieszke &#8211; gregoria\u0144ska<\/p>\n<p>2.\u00a0\u00a0\u00a0\u00a0\u00a0 + W\u0142adys\u0142awa Karpluk &#8211; gregoria\u0144ska<\/p>\n<\/td>\n<\/tr>\n<tr>\n<td style=\"width: 12.8698%;\" width=\"85\">\n<p style=\"text-align: center;\"><strong>10:00<\/strong><\/p>\n<\/td>\n<td style=\"width: 85.9467%;\" width=\"562\">\n<p>Pogrzeb: \u015bp. Pawe\u0142 Grzenkowicz, lat 88<\/p>\n<\/td>\n<\/tr>\n<tr>\n<td style=\"width: 12.8698%;\" width=\"85\">\n<p style=\"text-align: center;\"><strong>11:00<\/strong><\/p>\n<\/td>\n<td style=\"width: 85.9467%;\" width=\"562\">\n<p>Pogrzeb: \u015bp. Krzysztof Kaczmarski, lat 63<\/p>\n<\/td>\n<\/tr>\n<tr>\n<td style=\"width: 12.8698%;\" width=\"85\">\n<p style=\"text-align: center;\"><strong>18:30<\/strong><\/p>\n<\/td>\n<td style=\"width: 85.9467%;\" width=\"562\">\n<p>1.\u00a0\u00a0\u00a0\u00a0\u00a0 + Jan Weier w dniu urodzin, c\u00f3rka Ewa oraz rodzice z obojga stron<\/p>\n<p>2.\u00a0\u00a0\u00a0\u00a0\u00a0 + Ryszard Brucki w 9 rocz. \u015bmierci<\/p>\n<\/td>\n<\/tr>\n<tr>\n<td style=\"width: 98.8165%;\" colspan=\"2\" width=\"647\">\n<p style=\"text-align: center;\"><strong>17\/04\/2021 Sobota<\/strong><\/p>\n<\/td>\n<\/tr>\n<tr>\n<td style=\"width: 12.8698%;\" width=\"85\">\n<p style=\"text-align: center;\"><strong>08:00<\/strong><\/p>\n<\/td>\n<td style=\"width: 85.9467%;\" width=\"562\">\n<p>1.\u00a0\u00a0\u00a0\u00a0\u00a0 + Regina Bieszke &#8211; gregoria\u0144ska<\/p>\n<p>2.\u00a0\u00a0\u00a0\u00a0\u00a0 + W\u0142adys\u0142awa Karpluk &#8211; gregoria\u0144ska<\/p>\n<p>3.\u00a0\u00a0\u00a0\u00a0\u00a0 + Brunon<\/p>\n<\/td>\n<\/tr>\n<tr>\n<td style=\"width: 12.8698%;\" width=\"85\">\n<p style=\"text-align: center;\"><strong>18:30<\/strong><\/p>\n<\/td>\n<td style=\"width: 85.9467%;\" width=\"562\">\n<p>+ Regina Wyka w\u00a0 1 rocz. \u015bmierci<\/p>\n<\/td>\n<\/tr>\n<tr>\n<td style=\"width: 12.8698%;\" width=\"85\">\n<p style=\"text-align: center;\"><strong>19:30<\/strong><\/p>\n<\/td>\n<td style=\"width: 85.9467%;\" width=\"562\">\n<p>Wsp\u00f3lnoty Neokatechumenalne<\/p>\n<\/td>\n<\/tr>\n<tr>\n<td style=\"width: 98.8165%;\" colspan=\"2\" width=\"647\">\n<p style=\"text-align: center;\"><strong>18\/04\/2021<\/strong><\/p>\n<p style=\"text-align: center;\"><strong>III Niedziela Wielkanocna<\/strong><\/p>\n<\/td>\n<\/tr>\n<tr>\n<td style=\"width: 12.8698%;\" width=\"85\">\n<p style=\"text-align: center;\"><strong>08:00<\/strong><\/p>\n<\/td>\n<td style=\"width: 85.9467%;\" width=\"562\">\n<p>1.\u00a0\u00a0\u00a0\u00a0\u00a0 + Anastazja i\u00a0 Leon Klawikowscy oraz Stefania i Robert Kl\u00f3skowscy<\/p>\n<p>2.\u00a0\u00a0\u00a0\u00a0\u00a0 + W\u0142adys\u0142awa Karpluk &#8211; gregoria\u0144ska<\/p>\n<\/td>\n<\/tr>\n<tr>\n<td style=\"width: 12.8698%;\" width=\"85\">\n<p style=\"text-align: center;\"><strong>10:00<\/strong><\/p>\n<\/td>\n<td style=\"width: 85.9467%;\" width=\"562\">\n<p>W intencji parafii<\/p>\n<\/td>\n<\/tr>\n<tr>\n<td style=\"width: 12.8698%;\" width=\"85\">\n<p style=\"text-align: center;\"><strong>11:30<\/strong><\/p>\n<\/td>\n<td style=\"width: 85.9467%;\" width=\"562\">\n<p>W intencji Klaudii w 18 rocznic\u0119 urodzin z podzi\u0119kowaniem za dar \u017cycia i z pro\u015bb\u0105 o dalsze b\u0142ogos\u0142awie\u0144stwo<\/p>\n<\/td>\n<\/tr>\n<tr>\n<td style=\"width: 12.8698%;\" width=\"85\">\n<p style=\"text-align: center;\"><strong>13:00<\/strong><\/p>\n<\/td>\n<td style=\"width: 85.9467%;\" width=\"562\">\n<p>1.\u00a0\u00a0\u00a0\u00a0\u00a0 Dzi\u0119kczynno-b\u0142agalna z okazji 90 urodzin Anny Paw\u0142owskiej w podzi\u0119kowaniu za otrzymane \u0142aski z pro\u015bb\u0105 o dalsze b\u0142ogos\u0142awie\u0144stwo<\/p>\n<p>2.\u00a0\u00a0\u00a0\u00a0\u00a0 + Tata Wojciech Kaczkowski w dniu urodzin<\/p>\n<\/td>\n<\/tr>\n<tr>\n<td style=\"width: 12.8698%;\" width=\"85\">\n<p style=\"text-align: center;\"><strong>18:30<\/strong><\/p>\n<\/td>\n<td style=\"width: 85.9467%;\" width=\"562\">\n<p>1.\u00a0\u00a0\u00a0\u00a0\u00a0 W intencji o uzdrowienie duszy i cia\u0142a<\/p>\n<p>2.\u00a0\u00a0\u00a0\u00a0\u00a0 + Regina Bieszke &#8211; gregoria\u0144ska<\/p>\n<\/td>\n<\/tr>\n<\/tbody>\n<\/table>\n","protected":false},"excerpt":{"rendered":"<p>12\/04\/2021 Poniedzia\u0142ek 08:00 1.\u00a0\u00a0\u00a0\u00a0\u00a0 + Czes\u0142aw Wolniak oraz zmarli z rodziny z obojga stron 2.\u00a0\u00a0\u00a0\u00a0\u00a0 + Edwin Kasa &#8211; intencja od s\u0105siad\u00f3w 3.\u00a0\u00a0\u00a0\u00a0\u00a0 + Teresa Grych w 3 rocz. \u015bmierci oraz Marta Koszela 10:30 Pogrzeb: \u015bp. Irena Mrozowska, lat 91 12:00 Pogrzeb: \u015bp. Anna Nowak, lat 80 18:30 1.\u00a0\u00a0\u00a0\u00a0\u00a0 + Regina Bieszke &#8211; gregoria\u0144ska 2.\u00a0\u00a0\u00a0\u00a0\u00a0 [&hellip;]<\/p>\n","protected":false},"author":6,"featured_media":0,"comment_status":"closed","ping_status":"closed","sticky":false,"template":"","format":"standard","meta":{"footnotes":""},"categories":[10],"tags":[],"publishpress_future_action":{"enabled":false,"date":"1970-01-01 01:00:00","action":"","terms":[],"taxonomy":"","browser_timezone_offset":0},"_links":{"self":[{"href":"https:\/\/swmikolaj.org\/index.php\/wp-json\/wp\/v2\/posts\/7318"}],"collection":[{"href":"https:\/\/swmikolaj.org\/index.php\/wp-json\/wp\/v2\/posts"}],"about":[{"href":"https:\/\/swmikolaj.org\/index.php\/wp-json\/wp\/v2\/types\/post"}],"author":[{"embeddable":true,"href":"https:\/\/swmikolaj.org\/index.php\/wp-json\/wp\/v2\/users\/6"}],"replies":[{"embeddable":true,"href":"https:\/\/swmikolaj.org\/index.php\/wp-json\/wp\/v2\/comments?post=7318"}],"version-history":[{"count":1,"href":"https:\/\/swmikolaj.org\/index.php\/wp-json\/wp\/v2\/posts\/7318\/revisions"}],"predecessor-version":[{"id":7319,"href":"https:\/\/swmikolaj.org\/index.php\/wp-json\/wp\/v2\/posts\/7318\/revisions\/7319"}],"wp:attachment":[{"href":"https:\/\/swmikolaj.org\/index.php\/wp-json\/wp\/v2\/media?parent=7318"}],"wp:term":[{"taxonomy":"category","embeddable":true,"href":"https:\/\/swmikolaj.org\/index.php\/wp-json\/wp\/v2\/categories?post=7318"},{"taxonomy":"post_tag","embeddable":true,"href":"https:\/\/swmikolaj.org\/index.php\/wp-json\/wp\/v2\/tags?post=7318"}],"curies":[{"name":"wp","href":"https:\/\/api.w.org\/{rel}","templated":true}]}}