{"id":6604,"date":"2021-03-12T15:48:26","date_gmt":"2021-03-12T13:48:26","guid":{"rendered":"https:\/\/swmikolaj.org\/?p=6604"},"modified":"2021-03-12T15:48:26","modified_gmt":"2021-03-12T13:48:26","slug":"intencje-mszy-swietych-15-21-03-2021","status":"publish","type":"post","link":"https:\/\/swmikolaj.org\/index.php\/2021\/03\/12\/intencje-mszy-swietych-15-21-03-2021\/","title":{"rendered":"INTENCJE MSZY \u015aWI\u0118TYCH 15 &#8211; 21\/03\/2021"},"content":{"rendered":"<table width=\"647\">\n<tbody>\n<tr>\n<td colspan=\"2\" width=\"647\">\n<p style=\"text-align: center;\"><strong>15\/03\/2021 Poniedzia\u0142ek<\/strong><\/p>\n<\/td>\n<\/tr>\n<tr>\n<td width=\"85\">\n<p style=\"text-align: center;\"><strong>08:00<\/strong><\/p>\n<\/td>\n<td width=\"562\">1.\u00a0\u00a0\u00a0\u00a0\u00a0 + Czes\u0142aw Wolniak &#8211; gregoria\u0144ska<\/p>\n<p>2.\u00a0\u00a0\u00a0\u00a0\u00a0 + El\u017cbieta w rocz. \u015bmierci oraz zmarli z rodziny Pek i Skwierawskich<\/td>\n<\/tr>\n<tr>\n<td width=\"85\">\n<p style=\"text-align: center;\"><strong>18:30<\/strong><\/p>\n<\/td>\n<td width=\"562\">1.\u00a0\u00a0\u00a0\u00a0\u00a0 + Gerard w 13 rocz. \u015bmierci oraz zmarli z rodziny Cyrockich<\/p>\n<p>2.\u00a0\u00a0\u00a0\u00a0\u00a0 + Alicja Grucha\u0142a w 3 rocz. \u015bmierci oraz rodzice z obojga stron<\/td>\n<\/tr>\n<tr>\n<td colspan=\"2\" width=\"647\">\n<p style=\"text-align: center;\"><strong>16\/03\/2021 Wtorek<\/strong><\/p>\n<\/td>\n<\/tr>\n<tr>\n<td width=\"85\">\n<p style=\"text-align: center;\"><strong>08:00<\/strong><\/p>\n<\/td>\n<td width=\"562\">1.\u00a0\u00a0\u00a0\u00a0\u00a0 + M\u0105\u017c Andrzej oraz rodzice: Anastazja i Boles\u0142aw, J\u00f3zefa i Andrzej oraz rodze\u0144stwo z obojga stron<\/p>\n<p>2.\u00a0\u00a0\u00a0\u00a0\u00a0 + Czes\u0142aw Wolniak &#8211; gregoria\u0144ska<\/td>\n<\/tr>\n<tr>\n<td width=\"85\">\n<p style=\"text-align: center;\"><strong>18:30<\/strong><\/p>\n<\/td>\n<td width=\"562\">1.\u00a0\u00a0\u00a0\u00a0\u00a0 Dzi\u0119kczynno-b\u0142agalna z okazji 80 rocz. urodzin Wandy z pro\u015bb\u0105 o Bo\u017ce b\u0142ogos\u0142awie\u0144stwo i opiek\u0119 Matki Bo\u017cej na dalsze lata<\/p>\n<p>2.\u00a0\u00a0\u00a0\u00a0\u00a0 + Halina Topa oraz rodzice z obojga stron<\/td>\n<\/tr>\n<tr>\n<td colspan=\"2\" width=\"647\">\n<p style=\"text-align: center;\"><strong>17\/03\/2021 \u015aroda<\/strong><\/p>\n<\/td>\n<\/tr>\n<tr>\n<td width=\"85\"><strong>08:00<\/strong><\/td>\n<td width=\"562\">1.\u00a0\u00a0\u00a0\u00a0\u00a0 + Brunon Marks<\/p>\n<p>2.\u00a0\u00a0\u00a0\u00a0\u00a0 + Czes\u0142aw Wolniak &#8211; gregoria\u0144ska<\/td>\n<\/tr>\n<tr>\n<td width=\"85\">\n<p style=\"text-align: center;\"><strong>18:30<\/strong><\/p>\n<\/td>\n<td width=\"562\">1.\u00a0\u00a0\u00a0\u00a0\u00a0 + Bernard Wera, rodzice z obojga stron oraz Jadwiga i Henryk, zmarli w czy\u015b\u0107cu<\/p>\n<p>2.\u00a0\u00a0\u00a0\u00a0\u00a0 + Jadwiga, Wiktor i Adolf<\/td>\n<\/tr>\n<tr>\n<td colspan=\"2\" width=\"647\">\n<p style=\"text-align: center;\"><strong>18\/03\/2021 Czwartek<\/strong><\/p>\n<\/td>\n<\/tr>\n<tr>\n<td width=\"85\">\n<p style=\"text-align: center;\"><strong>08:00<\/strong><\/p>\n<\/td>\n<td width=\"562\">1.\u00a0\u00a0\u00a0\u00a0\u00a0 + Julian Pob\u0142ocki<\/p>\n<p>2.\u00a0\u00a0\u00a0\u00a0\u00a0 + Rodzice, rodze\u0144stwo, kuzynostwo oraz zmarli z rodziny Szymoch\u00f3w<\/p>\n<p>3.\u00a0\u00a0\u00a0\u00a0\u00a0 + Czes\u0142aw Wolniak &#8211; gregoria\u0144ska<\/td>\n<\/tr>\n<tr>\n<td width=\"85\">\n<p style=\"text-align: center;\"><strong>18:30<\/strong><\/p>\n<\/td>\n<td width=\"562\">1.\u00a0\u00a0\u00a0\u00a0\u00a0 + M\u0105\u017c J\u00f3zef<\/p>\n<p>2.\u00a0\u00a0\u00a0\u00a0\u00a0 + Rodzice Anna i Zygmunt oraz zmarli z rodziny<\/td>\n<\/tr>\n<tr>\n<td colspan=\"2\" width=\"647\">\n<p style=\"text-align: center;\"><strong>19\/03\/2021 Pi\u0105tek<\/strong><\/p>\n<\/td>\n<\/tr>\n<tr>\n<td width=\"85\">\n<p style=\"text-align: center;\"><strong>08:00<\/strong><\/p>\n<\/td>\n<td width=\"562\">1.\u00a0\u00a0\u00a0\u00a0\u00a0 + Czes\u0142aw Wolniak &#8211; gregoria\u0144ska<\/p>\n<p>2.\u00a0\u00a0\u00a0\u00a0\u00a0 + M\u0105\u017c J\u00f3zef Mr\u00f3z w 17 rocz. \u015bmierci oraz rodzice z obojga stron i bracia Edward, Jan, Henryk, Eugeniusz<\/td>\n<\/tr>\n<tr>\n<td width=\"85\">\n<p style=\"text-align: center;\"><strong>18:30<\/strong><\/p>\n<\/td>\n<td width=\"562\">1.\u00a0\u00a0\u00a0\u00a0\u00a0 + Jan Kreft oraz rodzice z obojga stron<\/p>\n<p>2.\u00a0\u00a0\u00a0\u00a0\u00a0 + Feliks Trepczyk w 30 rocz. \u015bmierci oraz syn Franciszek i Miros\u0142aw<\/p>\n<p>3.\u00a0\u00a0\u00a0\u00a0\u00a0 + Teodora i Czes\u0142aw Ginter<\/td>\n<\/tr>\n<tr>\n<td colspan=\"2\" width=\"647\">\n<p style=\"text-align: center;\"><strong>20\/03\/2021 Sobota<\/strong><\/p>\n<\/td>\n<\/tr>\n<tr>\n<td width=\"85\">\n<p style=\"text-align: center;\"><strong>08:00<\/strong><\/p>\n<\/td>\n<td width=\"562\">1.\u00a0\u00a0\u00a0\u00a0\u00a0 + Czes\u0142aw Wolniak &#8211; gregoria\u0144ska<\/p>\n<p>2.\u00a0\u00a0\u00a0\u00a0\u00a0 + Monika i Kleofas<\/p>\n<p>3.\u00a0\u00a0\u00a0\u00a0\u00a0 + Barbara \u015awie\u017cewska w 10 rocz. \u015bmierci oraz rodzice z obojga stron<\/td>\n<\/tr>\n<tr>\n<td width=\"85\">\n<p style=\"text-align: center;\"><strong>18:30<\/strong><\/p>\n<\/td>\n<td width=\"562\">+ \u0141ukasz, Stanis\u0142aw i Jadwiga<\/td>\n<\/tr>\n<tr>\n<td width=\"85\">\n<p style=\"text-align: center;\"><strong>19:30<\/strong><\/p>\n<\/td>\n<td width=\"562\">B\u0142agalna o dar zdrowia dla Janusza<\/td>\n<\/tr>\n<tr>\n<td colspan=\"2\" width=\"647\">\n<p style=\"text-align: center;\"><strong>21\/03\/2021<\/strong><\/p>\n<p style=\"text-align: center;\"><strong>V Niedziela Wielkiego Postu<\/strong><\/p>\n<\/td>\n<\/tr>\n<tr>\n<td width=\"85\">\n<p style=\"text-align: center;\"><strong>08:00<\/strong><\/p>\n<\/td>\n<td width=\"562\">1.\u00a0\u00a0\u00a0\u00a0\u00a0 + M\u0105\u017c J\u00f3zef i c\u00f3rka Gra\u017cyna oraz zmarli z rodziny<\/p>\n<p>2.\u00a0\u00a0\u00a0\u00a0\u00a0 + Barbara, Micha\u0142, Stanis\u0142aw, Edward, Genowefa, Wies\u0142awa, J\u00f3zef, Zbigniew, Adamiukowie<\/td>\n<\/tr>\n<tr>\n<td width=\"85\">\n<p style=\"text-align: center;\"><strong>10:00<\/strong><\/p>\n<\/td>\n<td width=\"562\">W intencji parafii<\/td>\n<\/tr>\n<tr>\n<td width=\"85\">\n<p style=\"text-align: center;\"><strong>11:30<\/strong><\/p>\n<\/td>\n<td width=\"562\">+ Zbigniew w 3 rocz. \u015bmierci<\/td>\n<\/tr>\n<tr>\n<td width=\"85\">\n<p style=\"text-align: center;\"><strong>13:00<\/strong><\/p>\n<\/td>\n<td width=\"562\">1.\u00a0\u00a0\u00a0\u00a0\u00a0 + Zmarli z rodzin Zaborowskich, Mi\u0119tkich i Spiczka oraz zmarli w czy\u015b\u0107cu<\/p>\n<p>2.\u00a0\u00a0\u00a0\u00a0\u00a0 + Janina Balicka<\/td>\n<\/tr>\n<tr>\n<td width=\"85\">\n<p style=\"text-align: center;\"><strong>18:30<\/strong><\/p>\n<\/td>\n<td width=\"562\">W intencji o uzdrowienie duszy i cia\u0142a<\/td>\n<\/tr>\n<tr>\n<td width=\"85\"><strong>17:00DK<\/strong><\/td>\n<td width=\"562\">+ Czes\u0142aw Wolniak &#8211; gregoria\u0144ska<\/td>\n<\/tr>\n<\/tbody>\n<\/table>\n","protected":false},"excerpt":{"rendered":"<p>15\/03\/2021 Poniedzia\u0142ek 08:00 1.\u00a0\u00a0\u00a0\u00a0\u00a0 + Czes\u0142aw Wolniak &#8211; gregoria\u0144ska 2.\u00a0\u00a0\u00a0\u00a0\u00a0 + El\u017cbieta w rocz. \u015bmierci oraz zmarli z rodziny Pek i Skwierawskich 18:30 1.\u00a0\u00a0\u00a0\u00a0\u00a0 + Gerard w 13 rocz. \u015bmierci oraz zmarli z rodziny Cyrockich 2.\u00a0\u00a0\u00a0\u00a0\u00a0 + Alicja Grucha\u0142a w 3 rocz. \u015bmierci oraz rodzice z obojga stron 16\/03\/2021 Wtorek 08:00 1.\u00a0\u00a0\u00a0\u00a0\u00a0 + M\u0105\u017c Andrzej [&hellip;]<\/p>\n","protected":false},"author":6,"featured_media":0,"comment_status":"closed","ping_status":"closed","sticky":false,"template":"","format":"standard","meta":{"footnotes":""},"categories":[10],"tags":[],"publishpress_future_action":{"enabled":false,"date":"1970-01-01 01:00:00","action":"","terms":[],"taxonomy":"","browser_timezone_offset":0},"_links":{"self":[{"href":"https:\/\/swmikolaj.org\/index.php\/wp-json\/wp\/v2\/posts\/6604"}],"collection":[{"href":"https:\/\/swmikolaj.org\/index.php\/wp-json\/wp\/v2\/posts"}],"about":[{"href":"https:\/\/swmikolaj.org\/index.php\/wp-json\/wp\/v2\/types\/post"}],"author":[{"embeddable":true,"href":"https:\/\/swmikolaj.org\/index.php\/wp-json\/wp\/v2\/users\/6"}],"replies":[{"embeddable":true,"href":"https:\/\/swmikolaj.org\/index.php\/wp-json\/wp\/v2\/comments?post=6604"}],"version-history":[{"count":1,"href":"https:\/\/swmikolaj.org\/index.php\/wp-json\/wp\/v2\/posts\/6604\/revisions"}],"predecessor-version":[{"id":6605,"href":"https:\/\/swmikolaj.org\/index.php\/wp-json\/wp\/v2\/posts\/6604\/revisions\/6605"}],"wp:attachment":[{"href":"https:\/\/swmikolaj.org\/index.php\/wp-json\/wp\/v2\/media?parent=6604"}],"wp:term":[{"taxonomy":"category","embeddable":true,"href":"https:\/\/swmikolaj.org\/index.php\/wp-json\/wp\/v2\/categories?post=6604"},{"taxonomy":"post_tag","embeddable":true,"href":"https:\/\/swmikolaj.org\/index.php\/wp-json\/wp\/v2\/tags?post=6604"}],"curies":[{"name":"wp","href":"https:\/\/api.w.org\/{rel}","templated":true}]}}