{"id":660,"date":"2015-06-05T00:00:00","date_gmt":"2015-06-05T00:00:00","guid":{"rendered":"http:\/\/nowa.swmikolaj.org\/?p=660"},"modified":"2020-04-04T07:37:13","modified_gmt":"2020-04-04T07:37:13","slug":"rekolekcje-zyciewduchuswietym","status":"publish","type":"post","link":"https:\/\/swmikolaj.org\/index.php\/2015\/06\/05\/rekolekcje-zyciewduchuswietym\/","title":{"rendered":"Rekolekcje &#8211; \u017bycie w Duchu \u015awi\u0119tym"},"content":{"rendered":"<p style=\"text-align: center;\"><span style=\"font-size: 14pt;\">Plan\u00a0<\/span><\/p>\n<p style=\"text-align: center;\"><em>12.06 -14.06.2015 &#8211; Parafia \u015aw. Miko\u0142aja w Gdyni<\/em><\/p>\n<p style=\"text-align: left;\"><strong><span style=\"text-decoration: underline;\">12.06.2015, pi\u0105tek, godz. <span style=\"color: #ff0000; text-decoration: underline;\">18 30 \u2013 20.30<\/span>, Dom Parafialny sala <span style=\"color: #ff0000; text-decoration: underline;\">nr 8\u00a0<\/span><\/span><\/strong><\/p>\n<p><!--more--><\/p>\n<p><strong>Wprowadzenie<\/strong><br \/>\nUzmys\u0142owienie sobie warunk\u00f3w odnowy w Duchu \u015awi\u0119tym<br \/>\n<strong>Sesja 1 \u2013 Mi\u0142o\u015b\u0107 Bo\u017ca<\/strong><br \/>\nCzy do\u015bwiadczam obecno\u015bci Jezusa w swoim \u017cyciu?<\/p>\n<p><span style=\"text-decoration: underline;\"><strong>13.06.2015, sobota, godz. <span style=\"color: #ff0000; text-decoration: underline;\">10.00 \u2013 20.00<\/span>, Dom Parafialny sala <span style=\"color: #ff0000; text-decoration: underline;\">nr 8<\/span><\/strong><\/span><\/p>\n<p><strong>Sesja 2 \u2013 Zbawienie<\/strong><br \/>\nDlaczego nie do\u015bwiadczam \u017cycia w obfito\u015bci, kt\u00f3re przyszed\u0142 da\u0107 mi Jezus?<br \/>\n<strong>Sesja 3 \u2013 Nowe \u017cycie \u2013 nowe stworzenie<\/strong><br \/>\nCo nie pozwala do\u015bwiadcza\u0107 mi \u017cycia w obfito\u015bci, kt\u00f3re przyszed\u0142 da\u0107 Jezus?<br \/>\n(Bufet kanapkowy)<br \/>\n<strong>Sesja 4 \u2013 Przyj\u0119cie daru Ojca<\/strong><br \/>\nCo musz\u0119 zrobi\u0107, aby do\u015bwiadczy\u0107 nowego \u017cycia, kt\u00f3re daje mi Jezus?<br \/>\nModlitwa uzdrowienia wspomnie\u0144.<br \/>\nSakrament pojednania <span style=\"color: #ff0000;\">i kolacja<\/span><br \/>\n<strong>Sesja 5 \u2013 Modlitwa o wylanie Ducha \u015awi\u0119tego<\/strong><br \/>\nPrzygotowanie uczestnik\u00f3w do modlitwy o wylanie Ducha \u015awi\u0119tego.<br \/>\nOdnowienie przyrzecze\u0144 Chrztu \u015awi\u0119tego<br \/>\nModlitwa oddania \u017cycia Jezusowi<br \/>\nModlitwa o wylanie Ducha \u015awi\u0119tego<\/p>\n<p><span style=\"text-decoration: underline;\"><strong>14.06.2015, niedziela, godz. <span style=\"color: #ff0000; text-decoration: underline;\">13.00 &#8211; 18.00<\/span>, Dom Parafialny sala nr 8<\/strong><\/span><\/p>\n<p><span style=\"color: #ff0000;\">Msza \u015aw., <\/span>Uwielbienie, manifestacja dar\u00f3w Ducha \u015awi\u0119tego, \u015bwiadectwa.<\/p>\n<p><strong>Sesja 6 \u2013 Wzrastanie w Duchu \u015awi\u0119tym<\/strong><br \/>\nU\u015bwiadomienie sobie, \u017ce musz\u0119 podj\u0105\u0107 zobowi\u0105zanie codziennego starania o wzrastanie w \u017cyciu, kt\u00f3re otrzyma\u0142em od Ducha Jezusa.<br \/>\n<strong>Sesja 7 \u2013 Przemiana w Chrystusie<\/strong><br \/>\nU\u015bwiadomienie sobie: \u017ce Duch \u015awi\u0119ty dzia\u0142a we mnie, aby mnie u\u015bwi\u0119ci\u0107; \u017ce mog\u0119 spodziewa\u0107 si\u0119 trud\u00f3w i przeciwno\u015bci ale mam now\u0105 moc, aby je pokona\u0107; \u017ce mog\u0119 szuka\u0107 i oczekiwa\u0107 pomocy i mi\u0142o\u015bci braci chrze\u015bcijan, szczeg\u00f3lnie tutaj w tej wsp\u00f3lnocie.<br \/>\nW ka\u017cdej sesji odpowiednio do jej tre\u015bci sk\u0142adane jest \u015bwiadectwo osobiste, podczas kilku sesji przewidziane jest dzielenie w ma\u0142ych grupach.<\/p>\n<p style=\"text-align: right;\"><span style=\"font-size: 14pt;\"><em>Wsp\u00f3lnota Dzieje II<\/em><\/span><\/p>\n","protected":false},"excerpt":{"rendered":"<p>Plan\u00a0 12.06 -14.06.2015 &#8211; Parafia \u015aw. Miko\u0142aja w Gdyni 12.06.2015, pi\u0105tek, godz. 18 30 \u2013 20.30, Dom Parafialny sala nr 8\u00a0<\/p>\n","protected":false},"author":6,"featured_media":0,"comment_status":"closed","ping_status":"closed","sticky":false,"template":"","format":"standard","meta":{"footnotes":""},"categories":[8],"tags":[],"publishpress_future_action":{"enabled":false,"date":"1970-01-01 01:00:00","action":"","terms":[],"taxonomy":"","browser_timezone_offset":0},"_links":{"self":[{"href":"https:\/\/swmikolaj.org\/index.php\/wp-json\/wp\/v2\/posts\/660"}],"collection":[{"href":"https:\/\/swmikolaj.org\/index.php\/wp-json\/wp\/v2\/posts"}],"about":[{"href":"https:\/\/swmikolaj.org\/index.php\/wp-json\/wp\/v2\/types\/post"}],"author":[{"embeddable":true,"href":"https:\/\/swmikolaj.org\/index.php\/wp-json\/wp\/v2\/users\/6"}],"replies":[{"embeddable":true,"href":"https:\/\/swmikolaj.org\/index.php\/wp-json\/wp\/v2\/comments?post=660"}],"version-history":[{"count":1,"href":"https:\/\/swmikolaj.org\/index.php\/wp-json\/wp\/v2\/posts\/660\/revisions"}],"predecessor-version":[{"id":3178,"href":"https:\/\/swmikolaj.org\/index.php\/wp-json\/wp\/v2\/posts\/660\/revisions\/3178"}],"wp:attachment":[{"href":"https:\/\/swmikolaj.org\/index.php\/wp-json\/wp\/v2\/media?parent=660"}],"wp:term":[{"taxonomy":"category","embeddable":true,"href":"https:\/\/swmikolaj.org\/index.php\/wp-json\/wp\/v2\/categories?post=660"},{"taxonomy":"post_tag","embeddable":true,"href":"https:\/\/swmikolaj.org\/index.php\/wp-json\/wp\/v2\/tags?post=660"}],"curies":[{"name":"wp","href":"https:\/\/api.w.org\/{rel}","templated":true}]}}