{"id":6561,"date":"2021-03-05T16:09:59","date_gmt":"2021-03-05T14:09:59","guid":{"rendered":"https:\/\/swmikolaj.org\/?p=6561"},"modified":"2021-03-07T09:49:57","modified_gmt":"2021-03-07T07:49:57","slug":"ogloszenia-duszpasterskie-i-biuletyn-parafialny-2021-03-07","status":"publish","type":"post","link":"https:\/\/swmikolaj.org\/index.php\/2021\/03\/05\/ogloszenia-duszpasterskie-i-biuletyn-parafialny-2021-03-07\/","title":{"rendered":"Og\u0142oszenia Duszpasterskie i Biuletyn Parafialny, 2021-03-07"},"content":{"rendered":"\n<p style=\"text-align: justify;\"><span style=\"font-size: 18pt;\"><strong>1.<\/strong> <\/span>Papie\u017c Franciszek ustanowi\u0142 ks. abpa Tadeusza Wojd\u0119 nowym arcybiskupem gda\u0144skim. Ingres do katedry oliwskiej odb\u0119dzie si\u0119 w Niedziel\u0119 Palmow\u0105. M\u00f3dlmy si\u0119 za nowego ksi\u0119dza arcybiskupa. Tutaj znajdziesz troch\u0119 informacji o \u00a0nowym metropolicie gda\u0144skim <a href=\"https:\/\/ekai.pl\/kim-jest-nowy-metropolita-gdanski\/\">https:\/\/ekai.pl\/kim-jest-nowy-metropolita-gdanski\/<\/a><\/p>\n<p style=\"text-align: justify;\"><span style=\"font-size: 18pt;\"><strong>2.<\/strong><\/span> Z rado\u015bci\u0105 informujemy, \u017ce decyzj\u0105 bpa Jacka Jezierskiego, w naszej parafii, powsta\u0142o Dekanalne Oratorium M\u0142odych (DOM). Pierwszym krokiem, kt\u00f3ry chcemy podj\u0105\u0107, jest modlitwa za m\u0142odzie\u017c, dlatego zapraszamy na adoracje Naj\u015bwi\u0119tszego Sakramentu w intencji m\u0142odzie\u017cy, w pierwsze i trzecie czwartki miesi\u0105ca w godzinach od 17:00 do 18.00 w dolnym ko\u015bciele.<\/p>\n\n\n\n<!--more-->\n\n\n\n\n<p><span style=\"font-size: 18pt;\"><strong>3.<\/strong><\/span> Nabo\u017ce\u0144stwa pasyjne sprawujemy w nast\u0119puj\u0105cym porz\u0105dku:<br>a. Nabo\u017ce\u0144stwa Drogi Krzy\u017cowej odbywaj\u0105 si\u0119 w pi\u0105tki:<br>\u2013 dla wszystkich wiernych o 8:30 i 17:45,<br>\u2013 dla dzieci o 17:00;<br>b. Nabo\u017ce\u0144stwo Gorzkich \u017bali \u2013 w niedziel\u0119 o 17:00.<\/p>\n<p style=\"text-align: justify;\"><span style=\"font-size: 18pt;\"><strong>4.<\/strong> <\/span>Za dwa tygodnie, 21 marca, rozpoczniemy rekolekcje wielkopostne, kt\u00f3re poprowadzi o. Krzysztof Pa\u0142ys, dominikanin. Plan umie\u015bcili\u015bmy w biuletynie i na stronie internetowej parafii. B\u0119d\u0105 to rekolekcje dla ca\u0142ych rodzin. Uczni\u00f3w szko\u0142y podstawowej zapraszamy do ko\u015bcio\u0142a jedynie w niedziel\u0119, a w pozosta\u0142e dni do uczestnictwa w rekolekcjach internetowych przygotowanych na kanale YouTube przez Archidiecezj\u0119 Warszawsk\u0105. <br>Tutaj zaproszenie dla dzieci https:\/\/www.youtube.com\/watch?v=s6JOhWlas4M lub https:\/\/www.youtube.com\/watch?v=t2KwkbmjR6E<\/p>\n<p style=\"text-align: justify;\"><span style=\"font-size: 18pt;\"><strong>5.<\/strong><\/span> Spotkanie dla wszystkich prze\u017cywaj\u0105cych kryzysy ma\u0142\u017ce\u0144skie odb\u0119dzie si\u0119 w poniedzia\u0142ek, 8 marca. W planie Eucharystia o 18:30, a nast\u0119pnie spotkanie w sali nr 5 w domu parafialnym.<\/p>\n<p style=\"text-align: justify;\"><strong><span style=\"font-size: 18pt;\">6.<\/span> <\/strong>Zapraszamy na D\u0142ugodystansow\u0105 Drog\u0119 Krzy\u017cow\u0105 z Chyloni do Wejherowa w sobot\u0119, 27 marca. Rozpoczniemy Eucharysti\u0105 o 4 rano w dolnym ko\u015bciele, nast\u0119pnie p\u00f3jdziemy lasami, oko\u0142o 30 km. Doj\u015bcie do ko\u015bcio\u0142a \u015bw. Anny w Wejherowie oko\u0142o 13:00. Zapisy w biurze parafialnym.<\/p>\n<p style=\"text-align: justify;\"><strong><span style=\"font-size: 18pt;\">7.<\/span> <\/strong>Rozpocz\u0119li\u015bmy przygotowania muzyczne do Triduum Paschalnego. Zapraszamy wszystkich \u015bpiewaj\u0105cych i graj\u0105cych na spotkanie Diakonii Muzycznej \u015aw. Miko\u0142aja. Informacje o godzinach pr\u00f3b podajemy na parafialnej stronie internetowej.<\/p>\n<p style=\"text-align: justify;\"><strong><span style=\"font-size: 18pt;\">8.<\/span> <\/strong>Dzisiaj po Mszy \u015awi\u0119tej kwesta na Zup\u0119 Chylo\u0144sk\u0105 i inne dzia\u0142ania Parafialnego Zespo\u0142u Caritas.<\/p>\n<p><span style=\"font-size: 18pt;\"><strong>9.<\/strong> <\/span>Spotkanie dla rodzic\u00f3w dzieci przygotowuj\u0105cych si\u0119 do pierwszej Komunii \u015bwi\u0119tej odb\u0119dzie si\u0119 w pi\u0105tek, 12 marca o 19:15 w g\u00f3rnym ko\u015bciele.&nbsp;<\/p>\n<p style=\"text-align: center;\"><strong>W minionych dniach zmarli:<\/strong><\/p>\n<p style=\"text-align: center;\"><strong>Jolanta Jeszke l. 89; Alicja Sala l. 77; <br>Andrzej Gle\u0144ski l. 47; Dariusz Filipski l. 54.<\/strong><\/p>\n\n\n<div class=\"wp-block-file\"><a href=\"https:\/\/swmikolaj.org\/wp-content\/uploads\/2021\/03\/Biuletyn-Parafialny-2021-03-07-1.pdf\">Biuletyn-Parafialny-2021-03-07<\/a><a href=\"https:\/\/swmikolaj.org\/wp-content\/uploads\/2021\/03\/Biuletyn-Parafialny-2021-03-07-1.pdf\" class=\"wp-block-file__button\" download>Pobierz<\/a><\/div>\n","protected":false},"excerpt":{"rendered":"<p>1. Papie\u017c Franciszek ustanowi\u0142 ks. abpa Tadeusza Wojd\u0119 nowym arcybiskupem gda\u0144skim. Ingres do katedry oliwskiej odb\u0119dzie si\u0119 w Niedziel\u0119 Palmow\u0105. M\u00f3dlmy si\u0119 za nowego ksi\u0119dza arcybiskupa. Tutaj znajdziesz troch\u0119 informacji o \u00a0nowym metropolicie gda\u0144skim https:\/\/ekai.pl\/kim-jest-nowy-metropolita-gdanski\/ 2. Z rado\u015bci\u0105 informujemy, \u017ce decyzj\u0105 bpa Jacka Jezierskiego, w naszej parafii, powsta\u0142o Dekanalne Oratorium M\u0142odych (DOM). Pierwszym krokiem, kt\u00f3ry [&hellip;]<\/p>\n","protected":false},"author":6,"featured_media":0,"comment_status":"closed","ping_status":"closed","sticky":false,"template":"","format":"standard","meta":{"footnotes":""},"categories":[8,12],"tags":[],"publishpress_future_action":{"enabled":false,"date":"1970-01-01 01:00:00","action":"","terms":[],"taxonomy":"","browser_timezone_offset":0},"_links":{"self":[{"href":"https:\/\/swmikolaj.org\/index.php\/wp-json\/wp\/v2\/posts\/6561"}],"collection":[{"href":"https:\/\/swmikolaj.org\/index.php\/wp-json\/wp\/v2\/posts"}],"about":[{"href":"https:\/\/swmikolaj.org\/index.php\/wp-json\/wp\/v2\/types\/post"}],"author":[{"embeddable":true,"href":"https:\/\/swmikolaj.org\/index.php\/wp-json\/wp\/v2\/users\/6"}],"replies":[{"embeddable":true,"href":"https:\/\/swmikolaj.org\/index.php\/wp-json\/wp\/v2\/comments?post=6561"}],"version-history":[{"count":5,"href":"https:\/\/swmikolaj.org\/index.php\/wp-json\/wp\/v2\/posts\/6561\/revisions"}],"predecessor-version":[{"id":6582,"href":"https:\/\/swmikolaj.org\/index.php\/wp-json\/wp\/v2\/posts\/6561\/revisions\/6582"}],"wp:attachment":[{"href":"https:\/\/swmikolaj.org\/index.php\/wp-json\/wp\/v2\/media?parent=6561"}],"wp:term":[{"taxonomy":"category","embeddable":true,"href":"https:\/\/swmikolaj.org\/index.php\/wp-json\/wp\/v2\/categories?post=6561"},{"taxonomy":"post_tag","embeddable":true,"href":"https:\/\/swmikolaj.org\/index.php\/wp-json\/wp\/v2\/tags?post=6561"}],"curies":[{"name":"wp","href":"https:\/\/api.w.org\/{rel}","templated":true}]}}