{"id":6461,"date":"2021-02-19T17:17:18","date_gmt":"2021-02-19T15:17:18","guid":{"rendered":"https:\/\/swmikolaj.org\/?p=6461"},"modified":"2021-02-19T17:17:18","modified_gmt":"2021-02-19T15:17:18","slug":"intencje-mszy-swietych-22-28-02-2021","status":"publish","type":"post","link":"https:\/\/swmikolaj.org\/index.php\/2021\/02\/19\/intencje-mszy-swietych-22-28-02-2021\/","title":{"rendered":"INTENCJE MSZY \u015aWI\u0118TYCH 22 &#8211; 28\/02\/2021"},"content":{"rendered":"<table style=\"width: 100%; height: 3864px;\" width=\"657\">\n<tbody>\n<tr style=\"height: 88px;\">\n<td style=\"height: 88px;\" colspan=\"2\" width=\"657\">\n<p style=\"text-align: center;\"><strong>22\/02\/2021 Poniedzia\u0142ek<\/strong><\/p>\n<\/td>\n<\/tr>\n<tr style=\"height: 172px;\">\n<td style=\"height: 172px;\" width=\"85\">\n<p style=\"text-align: center;\"><strong>08:00<\/strong><\/p>\n<\/td>\n<td style=\"height: 172px;\" width=\"571\">1.\u00a0\u00a0\u00a0\u00a0\u00a0 O wszelkie \u0142aski dla Czcicieli Mi\u0142osierdzia Bo\u017cego w rocznic\u0119 objawie\u0144 obrazu \u201eJezu ufam Tobie&#8221;<\/p>\n<p>2.\u00a0\u00a0\u00a0\u00a0\u00a0 + Brat Zbigniew w 4 rocz. \u015bmierci<\/td>\n<\/tr>\n<tr style=\"height: 144px;\">\n<td style=\"height: 144px;\" width=\"85\">\n<p style=\"text-align: center;\"><strong>18:30<\/strong><\/p>\n<\/td>\n<td style=\"height: 144px;\" width=\"571\">1.\u00a0\u00a0\u00a0\u00a0\u00a0 + Zenon Mielczarek &#8211; gregoria\u0144ska<\/p>\n<p>2.\u00a0\u00a0\u00a0\u00a0\u00a0 + Alfons, Anna, Sylwester i Anna<\/td>\n<\/tr>\n<tr style=\"height: 88px;\">\n<td style=\"height: 88px;\" colspan=\"2\" width=\"657\">\n<p style=\"text-align: center;\"><strong>23\/02\/2021 Wtorek<\/strong><\/p>\n<\/td>\n<\/tr>\n<tr style=\"height: 144px;\">\n<td style=\"height: 144px;\" width=\"85\">\n<p style=\"text-align: center;\"><strong>08:00<\/strong><\/p>\n<\/td>\n<td style=\"height: 144px;\" width=\"571\">1.\u00a0\u00a0\u00a0\u00a0\u00a0 + Zenon Mielczarek &#8211; gregoria\u0144ska<\/p>\n<p>2.\u00a0\u00a0\u00a0\u00a0\u00a0 + Marcin Ptak<\/td>\n<\/tr>\n<tr style=\"height: 88px;\">\n<td style=\"height: 88px;\" width=\"85\">\n<p style=\"text-align: center;\"><strong>11:00<\/strong><\/p>\n<\/td>\n<td style=\"height: 88px;\" width=\"571\">Pogrzeb: \u015bp. Jerzy \u017bydak, lat 88<\/td>\n<\/tr>\n<tr style=\"height: 256px;\">\n<td style=\"height: 256px;\" width=\"85\">\n<p style=\"text-align: center;\"><strong>18:30<\/strong><\/p>\n<\/td>\n<td style=\"height: 256px;\" width=\"571\">1.\u00a0\u00a0\u00a0\u00a0\u00a0 W intencji Grzegorza w 50 rocz. urodzin<\/p>\n<p>2.\u00a0\u00a0\u00a0\u00a0\u00a0 + W\u0142adys\u0142aw Mach w 7 rocz. \u015amierci, brat Bernard, rodzice z obojga stron zmarli z rodzin Czaja i Mach<\/p>\n<p>3.\u00a0\u00a0\u00a0\u00a0\u00a0 + W\u0142adys\u0142aw \u017bmijewski w 4 rocz. \u015bmierci oraz rodzice z obojga stron<\/td>\n<\/tr>\n<tr style=\"height: 88px;\">\n<td style=\"height: 88px;\" colspan=\"2\" width=\"657\">\n<p style=\"text-align: center;\"><strong>24\/02\/2021 \u015aroda<\/strong><\/p>\n<\/td>\n<\/tr>\n<tr style=\"height: 228px;\">\n<td style=\"height: 228px;\" width=\"85\">\n<p style=\"text-align: center;\"><strong>08:00<\/strong><\/p>\n<\/td>\n<td style=\"height: 228px;\" width=\"571\">1.\u00a0\u00a0\u00a0\u00a0\u00a0 Dzi\u0119kczynno-b\u0142agalna z pro\u015bb\u0105 o Bo\u017ce prowadzenie dla syn\u00f3w<\/p>\n<p>2.\u00a0\u00a0\u00a0\u00a0\u00a0 Dzi\u0119kczynno-b\u0142agalna z pro\u015bb\u0105 o dar zdrowia i wszelkie potrzebne \u0142aski dla rodziny oraz o uwolnienie z na\u0142ogu dla syn\u00f3w<\/p>\n<p>3.\u00a0\u00a0\u00a0\u00a0\u00a0 + Stanis\u0142aw W\u0119grzyn w 95 rocz. urodzin<\/td>\n<\/tr>\n<tr style=\"height: 88px;\">\n<td style=\"height: 88px;\" width=\"85\">\n<p style=\"text-align: center;\"><strong>11:45<\/strong><\/p>\n<\/td>\n<td style=\"height: 88px;\" width=\"571\">Pogrzeb: \u015bp. Katarzyna Jakubowska, lat 80<\/td>\n<\/tr>\n<tr style=\"height: 144px;\">\n<td style=\"height: 144px;\" width=\"85\">\n<p style=\"text-align: center;\"><strong>18:30<\/strong><\/p>\n<\/td>\n<td style=\"height: 144px;\" width=\"571\">1.\u00a0\u00a0\u00a0\u00a0\u00a0 + Zenon Mielczarek &#8211; gregoria\u0144ska<\/p>\n<p>2.\u00a0\u00a0\u00a0\u00a0\u00a0 + Jadwiga Kowaluk<\/td>\n<\/tr>\n<tr style=\"height: 88px;\">\n<td style=\"height: 88px;\" colspan=\"2\" width=\"657\">\n<p style=\"text-align: center;\"><strong>25\/02\/2021 Czwartek<\/strong><\/p>\n<\/td>\n<\/tr>\n<tr style=\"height: 144px;\">\n<td style=\"height: 144px;\" width=\"85\">\n<p style=\"text-align: center;\"><strong>08:00<\/strong><\/p>\n<\/td>\n<td style=\"height: 144px;\" width=\"571\">1.\u00a0\u00a0\u00a0\u00a0\u00a0 + Zenon Mielczarek \u2013 gregoria\u0144ska<\/p>\n<p>2.\u00a0\u00a0\u00a0\u00a0\u00a0 + Leokadia Storma w 24 rocz. \u015bmierci<\/td>\n<\/tr>\n<tr style=\"height: 396px;\">\n<td style=\"height: 396px;\" width=\"85\">\n<p style=\"text-align: center;\"><strong>18:30<\/strong><\/p>\n<\/td>\n<td style=\"height: 396px;\" width=\"571\">1.\u00a0\u00a0\u00a0\u00a0\u00a0 B\u0142agalna o dar zdrowia i wszelkie potrzebne \u0142aski dla Ireny Bisior &#8211; intencja od R\u00f3\u017c \u017bywego R\u00f3\u017ca\u0144ca Rodzic\u00f3w modl\u0105cych si\u0119 za dzieci<\/p>\n<p>2.\u00a0\u00a0\u00a0\u00a0\u00a0 + Jerzy Biernat w dniu urodzin<\/p>\n<p>3.\u00a0\u00a0\u00a0\u00a0\u00a0 + Alojzy Cyza, Ludwika Repe\u0107, Micha\u0142 Stachowski, Marian Pichit, Franciszek Koss, Zdzis\u0142aw Lipi\u0144ski, Krystyna Szymankiewicz, Stefania Kierek, Teresa Jaworska, Helga Po\u0142om, Jan D\u0105browski, Andrzej Szreder, Jerzy Ja\u017cd\u017cewski, Barbara Gajewska, Anna Miotke, Andrzej Ruchniewicz, Henryk \u0141ada, Andrzej Kryger, Ireneusz Wysocki, Barbara Oses, Helena Antkowiak, Irena Becker, S\u0142awomir Becker, Andrzej Lis, Jerzy \u017bydak, Krzysztof Drogosz, Janusz Ptak, Adela Ptak,<\/td>\n<\/tr>\n<tr style=\"height: 88px;\">\n<td style=\"height: 88px;\" colspan=\"2\" width=\"657\">\n<p style=\"text-align: center;\"><strong>26\/02\/2021 Pi\u0105tek<\/strong><\/p>\n<\/td>\n<\/tr>\n<tr style=\"height: 172px;\">\n<td style=\"height: 172px;\" width=\"85\">\n<p style=\"text-align: center;\"><strong>08:00<\/strong><\/p>\n<\/td>\n<td style=\"height: 172px;\" width=\"571\">1.\u00a0\u00a0\u00a0\u00a0\u00a0 + Zenon Mielczarek \u2013 gregoria\u0144ska<\/p>\n<p>2.\u00a0\u00a0\u00a0\u00a0\u00a0 + Rodzice Anna i Andrzej Waszak oraz te\u015bciowie Ewa Maria \u0141abiak, dziadkowie z obojga stron<\/td>\n<\/tr>\n<tr style=\"height: 172px;\">\n<td style=\"height: 172px;\" width=\"85\">\n<p style=\"text-align: center;\"><strong>18:30<\/strong><\/p>\n<\/td>\n<td style=\"height: 172px;\" width=\"571\">1.\u00a0\u00a0\u00a0\u00a0\u00a0 + Franciszek w 4 rocz. \u015bmierci oraz rodzice i rodze\u0144stwo z obojga stron<\/p>\n<p>2.\u00a0\u00a0\u00a0\u00a0\u00a0 + Janina Magryta i Wies\u0142aw Laskowski w 1 rocz. \u015bmierci<\/td>\n<\/tr>\n<tr style=\"height: 88px;\">\n<td style=\"height: 88px;\" colspan=\"2\" width=\"657\">\n<p style=\"text-align: center;\"><strong>27\/02\/2021 Sobota<\/strong><\/p>\n<\/td>\n<\/tr>\n<tr style=\"height: 200px;\">\n<td style=\"height: 200px;\" width=\"85\">\n<p style=\"text-align: center;\"><strong>08:00<\/strong><\/p>\n<\/td>\n<td style=\"height: 200px;\" width=\"571\">1.\u00a0\u00a0\u00a0\u00a0\u00a0 + Zenon Mielczarek \u2013 gregoria\u0144ska<\/p>\n<p>2.\u00a0\u00a0\u00a0\u00a0\u00a0 + 13 rocz. \u015bmierci El\u017cbieta i Leon Michalak<\/p>\n<p>3.\u00a0\u00a0\u00a0\u00a0\u00a0 + Jan Siewert &#8211; intencja od s\u0105siad\u00f3w z Zamenhofa 4<\/td>\n<\/tr>\n<tr style=\"height: 116px;\">\n<td style=\"height: 116px;\" width=\"85\">\n<p style=\"text-align: center;\"><strong>18:30<\/strong><\/p>\n<\/td>\n<td style=\"height: 116px;\" width=\"571\">+ Wac\u0142aw, Marcin, Adam, Jerzy, Janina zmarli z rodzin Kinel\u00f3w, Sie\u0144kowskich, Sikora i Wr\u00f3blewskich<\/td>\n<\/tr>\n<tr style=\"height: 88px;\">\n<td style=\"height: 88px;\" width=\"85\">\n<p style=\"text-align: center;\"><strong>19:30<\/strong><\/p>\n<\/td>\n<td style=\"height: 88px;\" width=\"571\">Wsp\u00f3lnoty Neokatechumenalne<\/td>\n<\/tr>\n<tr style=\"height: 144px;\">\n<td style=\"height: 144px;\" colspan=\"2\" width=\"657\">\n<p style=\"text-align: center;\"><strong>28\/02\/2021 <\/strong><\/p>\n<p style=\"text-align: center;\"><strong>II Niedziela Wielkiego Postu<\/strong><\/p>\n<\/td>\n<\/tr>\n<tr style=\"height: 144px;\">\n<td style=\"height: 144px;\" width=\"85\">\n<p style=\"text-align: center;\"><strong>08:00<\/strong><\/p>\n<\/td>\n<td style=\"height: 144px;\" width=\"571\">1.\u00a0\u00a0\u00a0\u00a0\u00a0 + Zenon Mielczarek \u2013 gregoria\u0144ska<\/p>\n<p>2.\u00a0\u00a0\u00a0\u00a0\u00a0 + M\u0105\u017c Stanis\u0142aw, rodzice z obojga stron, zi\u0119\u0107 Ryszard, wnuk Piotr<\/td>\n<\/tr>\n<tr style=\"height: 88px;\">\n<td style=\"height: 88px;\" width=\"85\">\n<p style=\"text-align: center;\"><strong>10:00<\/strong><\/p>\n<\/td>\n<td style=\"height: 88px;\" width=\"571\">W intencji parafii<\/td>\n<\/tr>\n<tr style=\"height: 116px;\">\n<td style=\"height: 116px;\" width=\"85\">\n<p style=\"text-align: center;\"><strong>11:30<\/strong><\/p>\n<\/td>\n<td style=\"height: 116px;\" width=\"571\">+ Rodzice z obojga stron, rodze\u0144stwo Krystyna, W\u0142adys\u0142aw, szwagrowie Edmund i Wies\u0142aw oraz Beata i Gerard<\/td>\n<\/tr>\n<tr style=\"height: 88px;\">\n<td style=\"height: 88px;\" width=\"85\">\n<p style=\"text-align: center;\"><strong>13:00<\/strong><\/p>\n<\/td>\n<td style=\"height: 88px;\" width=\"571\">+ Zmarli z rodziny Sawaj<\/td>\n<\/tr>\n<tr style=\"height: 88px;\">\n<td style=\"height: 88px;\" width=\"85\">\n<p style=\"text-align: center;\"><strong>18:30<\/strong><\/p>\n<\/td>\n<td style=\"height: 88px;\" width=\"571\">+ Rodzice Natalia i Kazimierz oraz Regina i Wac\u0142aw<\/td>\n<\/tr>\n<tr style=\"height: 116px;\">\n<td style=\"height: 116px;\" width=\"85\"><strong>17:00DK<\/strong><\/td>\n<td style=\"height: 116px;\" width=\"571\">+ Jan Komrowski w rocz. \u015bmierci oraz zmarli z rodziny Komrowskich i Lewandowicz<\/td>\n<\/tr>\n<\/tbody>\n<\/table>\n","protected":false},"excerpt":{"rendered":"<p>22\/02\/2021 Poniedzia\u0142ek 08:00 1.\u00a0\u00a0\u00a0\u00a0\u00a0 O wszelkie \u0142aski dla Czcicieli Mi\u0142osierdzia Bo\u017cego w rocznic\u0119 objawie\u0144 obrazu \u201eJezu ufam Tobie&#8221; 2.\u00a0\u00a0\u00a0\u00a0\u00a0 + Brat Zbigniew w 4 rocz. \u015bmierci 18:30 1.\u00a0\u00a0\u00a0\u00a0\u00a0 + Zenon Mielczarek &#8211; gregoria\u0144ska 2.\u00a0\u00a0\u00a0\u00a0\u00a0 + Alfons, Anna, Sylwester i Anna 23\/02\/2021 Wtorek 08:00 1.\u00a0\u00a0\u00a0\u00a0\u00a0 + Zenon Mielczarek &#8211; gregoria\u0144ska 2.\u00a0\u00a0\u00a0\u00a0\u00a0 + Marcin Ptak 11:00 Pogrzeb: [&hellip;]<\/p>\n","protected":false},"author":6,"featured_media":0,"comment_status":"closed","ping_status":"closed","sticky":false,"template":"","format":"standard","meta":{"footnotes":""},"categories":[10],"tags":[],"publishpress_future_action":{"enabled":false,"date":"1970-01-01 01:00:00","action":"","terms":[],"taxonomy":"","browser_timezone_offset":0},"_links":{"self":[{"href":"https:\/\/swmikolaj.org\/index.php\/wp-json\/wp\/v2\/posts\/6461"}],"collection":[{"href":"https:\/\/swmikolaj.org\/index.php\/wp-json\/wp\/v2\/posts"}],"about":[{"href":"https:\/\/swmikolaj.org\/index.php\/wp-json\/wp\/v2\/types\/post"}],"author":[{"embeddable":true,"href":"https:\/\/swmikolaj.org\/index.php\/wp-json\/wp\/v2\/users\/6"}],"replies":[{"embeddable":true,"href":"https:\/\/swmikolaj.org\/index.php\/wp-json\/wp\/v2\/comments?post=6461"}],"version-history":[{"count":1,"href":"https:\/\/swmikolaj.org\/index.php\/wp-json\/wp\/v2\/posts\/6461\/revisions"}],"predecessor-version":[{"id":6465,"href":"https:\/\/swmikolaj.org\/index.php\/wp-json\/wp\/v2\/posts\/6461\/revisions\/6465"}],"wp:attachment":[{"href":"https:\/\/swmikolaj.org\/index.php\/wp-json\/wp\/v2\/media?parent=6461"}],"wp:term":[{"taxonomy":"category","embeddable":true,"href":"https:\/\/swmikolaj.org\/index.php\/wp-json\/wp\/v2\/categories?post=6461"},{"taxonomy":"post_tag","embeddable":true,"href":"https:\/\/swmikolaj.org\/index.php\/wp-json\/wp\/v2\/tags?post=6461"}],"curies":[{"name":"wp","href":"https:\/\/api.w.org\/{rel}","templated":true}]}}