{"id":64402,"date":"2023-01-03T14:30:35","date_gmt":"2023-01-03T13:30:35","guid":{"rendered":"https:\/\/swmikolaj.org\/?p=64402"},"modified":"2023-01-03T14:30:36","modified_gmt":"2023-01-03T13:30:36","slug":"intencje-mszy-swietych-02-08-01-2023","status":"publish","type":"post","link":"https:\/\/swmikolaj.org\/index.php\/2023\/01\/03\/intencje-mszy-swietych-02-08-01-2023\/","title":{"rendered":"INTENCJE MSZY \u015aWI\u0118TYCH 02 &#8211; 08\/01\/2023"},"content":{"rendered":"<table width=\"647\">\n<tbody>\n<tr>\n<td colspan=\"2\" width=\"647\"><strong>02\/01\/2023 Poniedzia\u0142ek<\/strong><\/td>\n<\/tr>\n<tr>\n<td width=\"85\"><strong>08:00<\/strong><\/td>\n<td width=\"562\">1.\u00a0\u00a0\u00a0\u00a0\u00a0 W podzi\u0119kowaniu za \u0142ask\u0119 trze\u017awo\u015bci z pro\u015bb\u0105 o dalsze potrzebne \u0142aski i Bo\u017ce prowadzenie<\/p>\n<p>2.\u00a0\u00a0\u00a0\u00a0\u00a0 Dzi\u0119kczynno-b\u0142agalna za otrzymane dobro z pro\u015bb\u0105 o \u0142ask\u0119 nawr\u00f3cenia dla rodziny Jankowskich i Klassa, a dla zmar\u0142ych o \u017cycie wieczne<\/p>\n<p>3.\u00a0\u00a0\u00a0\u00a0\u00a0 + Helena i Telesfor Zakrzewscy,\u00a0 Stanis\u0142aw, Bronis\u0142aw i Miros\u0142aw Jarmo\u0142owicz, Dominicela Ja\u015bniewska i\u00a0 Franciszek Olas<\/p>\n<p>4.\u00a0\u00a0\u00a0\u00a0\u00a0 + Halina Bonar &#8211; gregoria\u0144ska<\/td>\n<\/tr>\n<tr>\n<td width=\"85\"><strong>18:30<\/strong><\/td>\n<td width=\"562\">+ Jan Siewert<\/td>\n<\/tr>\n<tr>\n<td colspan=\"2\" width=\"647\"><strong>03\/01\/2023 Wtorek<\/strong><\/td>\n<\/tr>\n<tr>\n<td width=\"85\"><strong>08:00<\/strong><\/td>\n<td width=\"562\">1.\u00a0\u00a0\u00a0\u00a0\u00a0 + Jadwiga i Kazimierz, Anna, Aniela oraz zmarli z rodziny<\/p>\n<p>2.\u00a0\u00a0\u00a0\u00a0\u00a0 + Czes\u0142aw Bobrek<\/p>\n<p>3.\u00a0\u00a0\u00a0\u00a0\u00a0 + Kazimierz Szyca &#8211; gregoria\u0144ska<\/td>\n<\/tr>\n<tr>\n<td width=\"85\"><strong>18:30<\/strong><\/td>\n<td width=\"562\">+ Zmarli z rodziny Luchowskch, Cichockich, Tomaszewskich i \u0106mil\u00f3w<\/td>\n<\/tr>\n<tr>\n<td colspan=\"2\" width=\"647\"><strong>04\/01\/2023 \u015aroda<\/strong><\/td>\n<\/tr>\n<tr>\n<td width=\"85\"><strong>08:00<\/strong><\/td>\n<td width=\"562\">1.\u00a0\u00a0\u00a0\u00a0\u00a0 + W\u0142adys\u0142aw Modzelewski w 24 rocz. \u015bmierci oraz zmarli z rodziny<\/p>\n<p>2.\u00a0\u00a0\u00a0\u00a0\u00a0 + Joanna Bekacz<\/p>\n<p>3.\u00a0\u00a0\u00a0\u00a0\u00a0 + Rodzice z obojga stron oraz Franciszka Pob\u0142occy<\/p>\n<p>4.\u00a0\u00a0\u00a0\u00a0\u00a0 + Kazimierz Szyca &#8211; gregoria\u0144ska<\/td>\n<\/tr>\n<tr>\n<td width=\"85\"><strong>08:45<\/strong><\/td>\n<td width=\"562\">Pogrzeb: \u015bp. Stefania Strzy\u017cewska, lat 90<\/td>\n<\/tr>\n<tr>\n<td width=\"85\"><strong>18:30<\/strong><\/td>\n<td width=\"562\">+ Jan Deja w 3 rocz. \u015bmierci, rodzice z obojga stron, siostra, bracia, szwagrowie, zmarli z rodziny, zmarli w czy\u015b\u0107cu<\/td>\n<\/tr>\n<tr>\n<td colspan=\"2\" width=\"647\"><strong>05\/01\/2023 Czwartek<\/strong><\/td>\n<\/tr>\n<tr>\n<td width=\"85\"><strong>08:00<\/strong><\/td>\n<td width=\"562\">1.\u00a0\u00a0\u00a0\u00a0\u00a0 + M\u0105\u017c Roman i rodzice z obojga stron<\/p>\n<p>2.\u00a0\u00a0\u00a0\u00a0\u00a0 + Andrzej i Kazimierz Richert<\/p>\n<p>3.\u00a0\u00a0\u00a0\u00a0\u00a0 + Henryk i zmarli z rodziny Koczar\u00f3w<\/p>\n<p>4.\u00a0\u00a0\u00a0\u00a0\u00a0 + Czes\u0142aw Bobrek<\/p>\n<p>5.\u00a0\u00a0\u00a0\u00a0\u00a0 + Kazimierz Szyca &#8211; gregoria\u0144ska<\/td>\n<\/tr>\n<tr>\n<td width=\"85\"><strong>12:00<\/strong><\/td>\n<td width=\"562\">Pogrzeb: \u015bp. Zbigniew Rybicki, lat 77<\/td>\n<\/tr>\n<tr>\n<td width=\"85\"><strong>18:30<\/strong><\/td>\n<td width=\"562\">Dzi\u0119kujemy za prze\u017cyty rok i prosimy o dary Ducha \u015awi\u0119tego w nowym roku i opiek\u0119 Matki Bo\u017cej na ka\u017cdy dzie\u0144 dla ca\u0142ej rodziny<\/td>\n<\/tr>\n<tr>\n<td width=\"85\"><strong>19:30DK<\/strong><\/td>\n<td width=\"562\">Wsp\u00f3lnoty Neokatechumenalne<\/td>\n<\/tr>\n<tr>\n<td colspan=\"2\" width=\"647\"><strong>06\/01\/2023 Pi\u0105tek<\/strong><\/p>\n<p><strong>Uroczysto\u015b\u0107 Objawienia Pa\u0144skiego<\/strong><\/td>\n<\/tr>\n<tr>\n<td width=\"85\"><strong>08:00<\/strong><\/td>\n<td width=\"562\">1.\u00a0\u00a0\u00a0\u00a0\u00a0 + Rodzice Bronis\u0142aw i Zofia oraz Pelagia i W\u0142adys\u0142aw<\/p>\n<p>2.\u00a0\u00a0\u00a0\u00a0\u00a0 + Kazimierz Szyca &#8211; gregoria\u0144ska<\/td>\n<\/tr>\n<tr>\n<td width=\"85\"><strong>10:00<\/strong><\/td>\n<td width=\"562\">Dzi\u0119kczynno-b\u0142agalna\u00a0 z pro\u015bb\u0105 o \u0142ask\u0119 zdrowia, Bo\u017ce b\u0142ogos\u0142awie\u0144stwo i opiek\u0119 Matki Bo\u017cej dla Zdzis\u0142awa w dniu 80 urodzin oraz dla Marii<\/td>\n<\/tr>\n<tr>\n<td width=\"85\"><strong>11:30<\/strong><\/td>\n<td width=\"562\">+ Pawe\u0142, Waleria, Jerzy, Jaros\u0142aw<\/td>\n<\/tr>\n<tr>\n<td width=\"85\"><strong>13:00<\/strong><\/td>\n<td width=\"562\">1.\u00a0\u00a0\u00a0\u00a0\u00a0 + Wojciech Kaczkowski w 3 rocz. \u015bmierci oraz Maria i W\u0142adys\u0142aw<\/p>\n<p>2.\u00a0\u00a0\u00a0\u00a0\u00a0 + Halina i Stanis\u0142aw Bonar<\/td>\n<\/tr>\n<tr>\n<td width=\"85\"><strong>18:30<\/strong><\/td>\n<td width=\"562\">+ Helena w 1 rocz. \u015bmierci oraz zmarli z rodziny Pawelczyk i Formella<\/td>\n<\/tr>\n<tr>\n<td colspan=\"2\" width=\"647\"><strong>07\/01\/2023 Sobota<\/strong><\/td>\n<\/tr>\n<tr>\n<td width=\"85\"><strong>08:00<\/strong><\/td>\n<td width=\"562\">1.\u00a0\u00a0\u00a0\u00a0\u00a0 Dzi\u0119kczynno-b\u0142agalna w intencji XI R\u00f3\u017cy \u017bywego R\u00f3\u017ca\u0144ca z pro\u015bb\u0105 o zdrowie, Bo\u017ce b\u0142ogos\u0142awie\u0144stwo i opiek\u0119 Matki Bo\u017cej dla cz\u0142onki\u0144 i ich rodzin oraz o \u017cycie wieczne dla zmar\u0142ych<\/p>\n<p>2.\u00a0\u00a0\u00a0\u00a0\u00a0 + Jerzy Biegalski, rodzice z obojga stron, Irena i Stanis\u0142aw<\/p>\n<p>3.\u00a0\u00a0\u00a0\u00a0\u00a0 + Wincenty Nizio\u0142ek w 20 rocz. \u015bmierci<\/p>\n<p>4.\u00a0\u00a0\u00a0\u00a0\u00a0 Kazimierz Szyca &#8211; gregoria\u0144ska<\/td>\n<\/tr>\n<tr>\n<td width=\"85\"><strong>11:30<\/strong><\/td>\n<td width=\"562\">Pogrzeb: \u015bp. Teresa Kinowska, lat 66<\/td>\n<\/tr>\n<tr>\n<td width=\"85\"><strong>18:30<\/strong><\/td>\n<td width=\"562\">+ Stanis\u0142awa Sulewska w 3 rocz. \u015bmierci oraz Teresa i Wac\u0142aw Rdze\u0144<\/td>\n<\/tr>\n<tr>\n<td colspan=\"2\" width=\"647\"><strong>08\/01\/2023<\/strong><\/p>\n<p><strong>Niedziela Chrztu Pa\u0144skiego<\/strong><\/td>\n<\/tr>\n<tr>\n<td width=\"85\"><strong>08:00<\/strong><\/td>\n<td width=\"562\">1.\u00a0\u00a0\u00a0\u00a0\u00a0 + Mama Helena Koz\u0142owska w 22 rocz. \u015bmierci, ojciec Feliks w 55 rocz. \u015bmierci, brat Edmund oraz Julianna (ona) i Bronis\u0142aw oraz zmarli z rodziny<\/p>\n<p>2.\u00a0\u00a0\u00a0\u00a0\u00a0 + Zygmunt Klepacki<\/p>\n<p>3.\u00a0\u00a0\u00a0\u00a0\u00a0 + Kazimierz Szyca &#8211; gregoria\u0144ska<\/td>\n<\/tr>\n<tr>\n<td width=\"85\"><strong>10:00<\/strong><\/td>\n<td width=\"562\">W intencji parafii<\/td>\n<\/tr>\n<tr>\n<td width=\"85\"><strong>11:30<\/strong><\/td>\n<td width=\"562\">+ Stefania i Stanis\u0142aw w 1 rocz. \u015bmierci<\/td>\n<\/tr>\n<tr>\n<td width=\"85\"><strong>13:00<\/strong><\/td>\n<td width=\"562\">W intencji nowoochrzczonych<\/td>\n<\/tr>\n<tr>\n<td width=\"85\"><strong>18:30<\/strong><\/td>\n<td width=\"562\">+ Jerzy Strzelecki w 10 rocz. \u015bmierci oraz rodzice z obojga stron, Roman i Czes\u0142aw<\/td>\n<\/tr>\n<tr>\n<td width=\"85\"><strong>17:00DK<\/strong><\/td>\n<td width=\"562\">+ Jerzy Ko\u0144czak w 1 rocz. \u015bmierci<\/td>\n<\/tr>\n<\/tbody>\n<\/table>\n","protected":false},"excerpt":{"rendered":"<p>02\/01\/2023 Poniedzia\u0142ek 08:00 1.\u00a0\u00a0\u00a0\u00a0\u00a0 W podzi\u0119kowaniu za \u0142ask\u0119 trze\u017awo\u015bci z pro\u015bb\u0105 o dalsze potrzebne \u0142aski i Bo\u017ce prowadzenie 2.\u00a0\u00a0\u00a0\u00a0\u00a0 Dzi\u0119kczynno-b\u0142agalna za otrzymane dobro z pro\u015bb\u0105 o \u0142ask\u0119 nawr\u00f3cenia dla rodziny Jankowskich i Klassa, a dla zmar\u0142ych o \u017cycie wieczne 3.\u00a0\u00a0\u00a0\u00a0\u00a0 + Helena i Telesfor Zakrzewscy,\u00a0 Stanis\u0142aw, Bronis\u0142aw i Miros\u0142aw Jarmo\u0142owicz, Dominicela Ja\u015bniewska i\u00a0 Franciszek Olas [&hellip;]<\/p>\n","protected":false},"author":6,"featured_media":0,"comment_status":"closed","ping_status":"closed","sticky":false,"template":"","format":"standard","meta":{"footnotes":""},"categories":[10],"tags":[],"publishpress_future_action":{"enabled":false,"date":"1970-01-01 01:00:00","action":"","terms":[],"taxonomy":"","browser_timezone_offset":0},"_links":{"self":[{"href":"https:\/\/swmikolaj.org\/index.php\/wp-json\/wp\/v2\/posts\/64402"}],"collection":[{"href":"https:\/\/swmikolaj.org\/index.php\/wp-json\/wp\/v2\/posts"}],"about":[{"href":"https:\/\/swmikolaj.org\/index.php\/wp-json\/wp\/v2\/types\/post"}],"author":[{"embeddable":true,"href":"https:\/\/swmikolaj.org\/index.php\/wp-json\/wp\/v2\/users\/6"}],"replies":[{"embeddable":true,"href":"https:\/\/swmikolaj.org\/index.php\/wp-json\/wp\/v2\/comments?post=64402"}],"version-history":[{"count":1,"href":"https:\/\/swmikolaj.org\/index.php\/wp-json\/wp\/v2\/posts\/64402\/revisions"}],"predecessor-version":[{"id":64403,"href":"https:\/\/swmikolaj.org\/index.php\/wp-json\/wp\/v2\/posts\/64402\/revisions\/64403"}],"wp:attachment":[{"href":"https:\/\/swmikolaj.org\/index.php\/wp-json\/wp\/v2\/media?parent=64402"}],"wp:term":[{"taxonomy":"category","embeddable":true,"href":"https:\/\/swmikolaj.org\/index.php\/wp-json\/wp\/v2\/categories?post=64402"},{"taxonomy":"post_tag","embeddable":true,"href":"https:\/\/swmikolaj.org\/index.php\/wp-json\/wp\/v2\/tags?post=64402"}],"curies":[{"name":"wp","href":"https:\/\/api.w.org\/{rel}","templated":true}]}}