{"id":6088,"date":"2021-01-12T15:09:47","date_gmt":"2021-01-12T13:09:47","guid":{"rendered":"https:\/\/swmikolaj.org\/?p=6088"},"modified":"2021-01-13T13:31:57","modified_gmt":"2021-01-13T11:31:57","slug":"intencje-mszy-swietych-11-17-01-2021","status":"publish","type":"post","link":"https:\/\/swmikolaj.org\/index.php\/2021\/01\/12\/intencje-mszy-swietych-11-17-01-2021\/","title":{"rendered":"INTENCJE MSZY \u015aWI\u0118TYCH 11 &#8211; 17\/01\/2021"},"content":{"rendered":"<table width=\"657\">\n<tbody>\n<tr>\n<td colspan=\"2\" width=\"657\">\n<p style=\"text-align: center;\"><strong>11\/01\/2021 Poniedzia\u0142ek<\/strong><\/p>\n<\/td>\n<\/tr>\n<tr>\n<td width=\"85\">\n<p style=\"text-align: center;\"><strong>08:00<\/strong><\/p>\n<\/td>\n<td width=\"571\">1.\u00a0\u00a0\u00a0\u00a0\u00a0 Dzi\u0119kczynno-b\u0142agalna z pro\u015bb\u0105 o dar zdrowia, Bo\u017ce b\u0142ogos\u0142awie\u0144stwo i opiek\u0119 Matki Bo\u017cej w 90 rocz. urodzin Marii Burzawy &#8211; intencja od Czcicieli Bo\u017cego Mi\u0142osierdzia<\/p>\n<p>2.\u00a0\u00a0\u00a0\u00a0\u00a0 Dzi\u0119kczynno-b\u0142agalna w intencji Szymona z pro\u015bb\u0105 o Bo\u017ce b\u0142ogos\u0142awie\u0144stwo, potrzebne \u0142aski i opiek\u0119 Matki Naj\u015bwi\u0119tszej<\/p>\n<p>3.\u00a0\u00a0\u00a0\u00a0\u00a0 + Maria Bigus &#8211; gregoria\u0144ska<\/td>\n<\/tr>\n<tr>\n<td width=\"85\">\n<p style=\"text-align: center;\"><strong>18:30<\/strong><\/p>\n<\/td>\n<td width=\"571\">+ Helena w 20 rocz. \u015bmierci i Pawe\u0142 Reszke<\/td>\n<\/tr>\n<tr>\n<td colspan=\"2\" width=\"657\">\n<p style=\"text-align: center;\"><strong>12\/01\/2021 Wtorek<\/strong><\/p>\n<\/td>\n<\/tr>\n<tr>\n<td width=\"85\">\n<p style=\"text-align: center;\"><strong>08:00<\/strong><\/p>\n<\/td>\n<td width=\"571\">1.\u00a0\u00a0\u00a0\u00a0\u00a0 + Maria Bigus &#8211; gregoria\u0144ska<\/p>\n<p>2.\u00a0\u00a0\u00a0\u00a0\u00a0 + Jerzy Mr\u00f3wczy\u0144ski &#8211; intencja od s\u0105siad\u00f3w z Lubawskiej 5<\/p>\n<p>3.\u00a0\u00a0\u00a0\u00a0\u00a0 + Krystyna Michalak w 1 rocz. \u015bmierci<\/td>\n<\/tr>\n<tr>\n<td width=\"85\">\n<p style=\"text-align: center;\"><strong>18:30<\/strong><\/p>\n<\/td>\n<td width=\"571\">+ Mariola Jakubowska oraz Tomasz<\/td>\n<\/tr>\n<tr>\n<td colspan=\"2\" width=\"657\">\n<p style=\"text-align: center;\"><strong>13\/01\/2021 \u015aroda<\/strong><\/p>\n<\/td>\n<\/tr>\n<tr>\n<td width=\"85\">\n<p style=\"text-align: center;\"><strong>08:00<\/strong><\/p>\n<\/td>\n<td width=\"571\">1.\u00a0\u00a0\u00a0\u00a0\u00a0 Dzi\u0119kczynno-b\u0142agalna z pro\u015bb\u0105 o dar zdrowia, Bo\u017ce b\u0142ogos\u0142awie\u0144stwo i opiek\u0119 Matki Bo\u017cej w 90 rocz. urodzin Marii Burzawy &#8211; intencja od X R\u00f3\u017cy \u017bywego R\u00f3\u017ca\u0144ca<\/p>\n<p>2.\u00a0\u00a0\u00a0\u00a0\u00a0 + Maria Bigus \u2013 gregoria\u0144ska<\/p>\n<p>3.\u00a0\u00a0\u00a0\u00a0\u00a0 + Zmar\u0142e cz\u0142onkinie XI R\u00f3\u017cy \u017bywego R\u00f3\u017ca\u0144ca<\/td>\n<\/tr>\n<tr>\n<td width=\"85\">\n<p style=\"text-align: center;\"><strong>18:30<\/strong><\/p>\n<\/td>\n<td width=\"571\">1.\u00a0\u00a0\u00a0\u00a0\u00a0 + Ignacy<\/p>\n<p>2.\u00a0\u00a0\u00a0\u00a0\u00a0 + Jacek Gromadzki<\/td>\n<\/tr>\n<tr>\n<td colspan=\"2\" width=\"657\">\n<p style=\"text-align: center;\"><strong>14\/01\/2021 Czwartek<\/strong><\/p>\n<\/td>\n<\/tr>\n<tr>\n<td width=\"85\">\n<p style=\"text-align: center;\"><strong>08:00<\/strong><\/p>\n<\/td>\n<td width=\"571\">1.\u00a0\u00a0\u00a0\u00a0\u00a0 Dzi\u0119kczynno-b\u0142agalna w podzi\u0119kowaniu za otrzymane \u0142aski z pro\u015bb\u0105 o dalsze Bo\u017ce b\u0142ogos\u0142awie\u0144stwo w pracy i o \u0142ask\u0119 w pewnej intencji dla Dariusza i Anety<\/p>\n<p>2.\u00a0\u00a0\u00a0\u00a0\u00a0 + Maria Bigus \u2013 gregoria\u0144ska<\/p>\n<p>3.\u00a0\u00a0\u00a0\u00a0\u00a0 + Urszula Mielko w 1 rocz. \u015bmierci<\/td>\n<\/tr>\n<tr>\n<td width=\"85\">\n<p style=\"text-align: center;\"><strong>18:30<\/strong><\/p>\n<\/td>\n<td width=\"571\">1.\u00a0\u00a0\u00a0\u00a0\u00a0 B\u0142agalna o dar zdrowia i potrzebne \u0142aski dla Alicji i Ireny &#8211; intencja od VII R\u00f3\u017cy \u017bywego R\u00f3\u017ca\u0144ca<\/p>\n<p>2.\u00a0\u00a0\u00a0\u00a0\u00a0 + Zofia i Zygmunt<\/td>\n<\/tr>\n<tr>\n<td colspan=\"2\" width=\"657\">\n<p style=\"text-align: center;\"><strong>15\/01\/2021 Pi\u0105tek<\/strong><\/p>\n<\/td>\n<\/tr>\n<tr>\n<td width=\"85\">\n<p style=\"text-align: center;\"><strong>08:00<\/strong><\/p>\n<\/td>\n<td width=\"571\">1.\u00a0\u00a0\u00a0\u00a0\u00a0 + Maria Bigus &#8211; gregoria\u0144ska<\/p>\n<p>2.\u00a0\u00a0\u00a0\u00a0\u00a0 + Maria, Henryk i Krzysztof \u015awi\u0119cicy, Jadwiga Kondratowicz oraz dziadkowie z obojga stron<\/p>\n<p>3.\u00a0\u00a0\u00a0\u00a0\u00a0 + Janusz w 20 rocz. \u015bmierci oraz zmarli z rodziny<\/td>\n<\/tr>\n<tr>\n<td width=\"85\">\n<p style=\"text-align: center;\"><strong>13:00<\/strong><\/p>\n<\/td>\n<td width=\"571\">Pogrzeb: \u015bp. Anzelma Kinowska, lat 89<\/td>\n<\/tr>\n<tr>\n<td width=\"85\">\n<p style=\"text-align: center;\"><strong>18:30<\/strong><\/p>\n<\/td>\n<td width=\"571\">+ Marek \u015awistun<\/td>\n<\/tr>\n<tr>\n<td colspan=\"2\" width=\"657\">\n<p style=\"text-align: center;\"><strong>16\/01\/2021 Sobota<\/strong><\/p>\n<\/td>\n<\/tr>\n<tr>\n<td width=\"85\">\n<p style=\"text-align: center;\"><strong>08:00<\/strong><\/p>\n<\/td>\n<td width=\"571\">1.\u00a0\u00a0\u00a0\u00a0\u00a0 + Maria Bigus &#8211; gregoria\u0144ska<\/p>\n<p>2.\u00a0\u00a0\u00a0\u00a0\u00a0 + Celina oraz zmarli z rodziny<\/p>\n<p>3.\u00a0\u00a0\u00a0\u00a0\u00a0 + Marian M\u0119\u017cyk<\/td>\n<\/tr>\n<tr>\n<td width=\"85\">\n<p style=\"text-align: center;\"><strong>10:00<\/strong><\/p>\n<\/td>\n<td width=\"571\">Pogrzeb: \u015bp. Regina Tomala, lat 65<\/td>\n<\/tr>\n<tr>\n<td width=\"85\">\n<p style=\"text-align: center;\"><strong>12:00<\/strong><\/p>\n<\/td>\n<td width=\"571\">Pogrzeb: \u015bp. Jerzy Semmerling, lat 65<\/td>\n<\/tr>\n<tr>\n<td width=\"85\">\n<p style=\"text-align: center;\"><strong>18:30<\/strong><\/p>\n<\/td>\n<td width=\"571\">+ Danuta Bukowska w 1 rocz. \u015bmierci<\/td>\n<\/tr>\n<tr>\n<td width=\"85\">\n<p style=\"text-align: center;\"><strong>19:30<\/strong><\/p>\n<\/td>\n<td width=\"571\">W intencji parafii<\/td>\n<\/tr>\n<tr>\n<td colspan=\"2\" width=\"657\">\n<p style=\"text-align: center;\"><strong>17\/01\/2021 <\/strong><\/p>\n<p style=\"text-align: center;\"><strong>II Niedziela Zwyk\u0142a<\/strong><\/p>\n<\/td>\n<\/tr>\n<tr>\n<td width=\"85\">\n<p style=\"text-align: center;\"><strong>08:00<\/strong><\/p>\n<\/td>\n<td width=\"571\">1.\u00a0\u00a0\u00a0\u00a0\u00a0 + Wandy w 17 rocz. \u015bmierci oraz zmarli z rodziny Juszczak\u00f3w i Steckiewicz\u00f3w<\/p>\n<p>2.\u00a0\u00a0\u00a0\u00a0\u00a0 + Maria Bigus &#8211; gregoria\u0144ska<\/td>\n<\/tr>\n<tr>\n<td width=\"85\">\n<p style=\"text-align: center;\"><strong>10:00<\/strong><\/p>\n<\/td>\n<td width=\"571\">Dzi\u0119kczynno-b\u0142agalna w pierwsze urodziny Samuela<\/td>\n<\/tr>\n<tr>\n<td width=\"85\">\n<p style=\"text-align: center;\"><strong>11:30<\/strong><\/p>\n<\/td>\n<td width=\"571\">+ M\u0105\u017c Jan Ko\u017cyczkowski w 5 rocz. \u015bmierci oraz zmarli z obojga stron<\/td>\n<\/tr>\n<tr>\n<td width=\"85\">\n<p style=\"text-align: center;\"><strong>13:00<\/strong><\/p>\n<\/td>\n<td width=\"571\">1.\u00a0\u00a0\u00a0\u00a0\u00a0 + Helena i Tytus, Natalia i Wincenty oraz zmarli z rodziny Ciesielskich<\/p>\n<p>2.\u00a0\u00a0\u00a0\u00a0\u00a0 + Rodzice Walenty i Helena, rodze\u0144stwo i zmarli z rodziny<\/td>\n<\/tr>\n<tr>\n<td width=\"85\">\n<p style=\"text-align: center;\"><strong>18:30<\/strong><\/p>\n<\/td>\n<td width=\"571\">1.\u00a0\u00a0\u00a0\u00a0\u00a0 W intencji o uzdrowienie duszy i cia\u0142a<\/p>\n<p>2.\u00a0\u00a0\u00a0\u00a0\u00a0 W intencji o Bo\u017ce b\u0142ogos\u0142awie\u0144stwo dla rodziny<\/td>\n<\/tr>\n<tr>\n<td width=\"85\"><strong>17:00DK<\/strong><\/td>\n<td width=\"571\">+ Kazimierz Mossakowski w 3 rocz. \u015bmierci, rodzice z obojga stron oraz Irena, Marzena i Jan<\/td>\n<\/tr>\n<\/tbody>\n<\/table>\n","protected":false},"excerpt":{"rendered":"<p>11\/01\/2021 Poniedzia\u0142ek 08:00 1.\u00a0\u00a0\u00a0\u00a0\u00a0 Dzi\u0119kczynno-b\u0142agalna z pro\u015bb\u0105 o dar zdrowia, Bo\u017ce b\u0142ogos\u0142awie\u0144stwo i opiek\u0119 Matki Bo\u017cej w 90 rocz. urodzin Marii Burzawy &#8211; intencja od Czcicieli Bo\u017cego Mi\u0142osierdzia 2.\u00a0\u00a0\u00a0\u00a0\u00a0 Dzi\u0119kczynno-b\u0142agalna w intencji Szymona z pro\u015bb\u0105 o Bo\u017ce b\u0142ogos\u0142awie\u0144stwo, potrzebne \u0142aski i opiek\u0119 Matki Naj\u015bwi\u0119tszej 3.\u00a0\u00a0\u00a0\u00a0\u00a0 + Maria Bigus &#8211; gregoria\u0144ska 18:30 + Helena w 20 [&hellip;]<\/p>\n","protected":false},"author":6,"featured_media":0,"comment_status":"closed","ping_status":"closed","sticky":false,"template":"","format":"standard","meta":{"footnotes":""},"categories":[10],"tags":[],"publishpress_future_action":{"enabled":false,"date":"1970-01-01 01:00:00","action":"","terms":[],"taxonomy":"","browser_timezone_offset":0},"_links":{"self":[{"href":"https:\/\/swmikolaj.org\/index.php\/wp-json\/wp\/v2\/posts\/6088"}],"collection":[{"href":"https:\/\/swmikolaj.org\/index.php\/wp-json\/wp\/v2\/posts"}],"about":[{"href":"https:\/\/swmikolaj.org\/index.php\/wp-json\/wp\/v2\/types\/post"}],"author":[{"embeddable":true,"href":"https:\/\/swmikolaj.org\/index.php\/wp-json\/wp\/v2\/users\/6"}],"replies":[{"embeddable":true,"href":"https:\/\/swmikolaj.org\/index.php\/wp-json\/wp\/v2\/comments?post=6088"}],"version-history":[{"count":3,"href":"https:\/\/swmikolaj.org\/index.php\/wp-json\/wp\/v2\/posts\/6088\/revisions"}],"predecessor-version":[{"id":6092,"href":"https:\/\/swmikolaj.org\/index.php\/wp-json\/wp\/v2\/posts\/6088\/revisions\/6092"}],"wp:attachment":[{"href":"https:\/\/swmikolaj.org\/index.php\/wp-json\/wp\/v2\/media?parent=6088"}],"wp:term":[{"taxonomy":"category","embeddable":true,"href":"https:\/\/swmikolaj.org\/index.php\/wp-json\/wp\/v2\/categories?post=6088"},{"taxonomy":"post_tag","embeddable":true,"href":"https:\/\/swmikolaj.org\/index.php\/wp-json\/wp\/v2\/tags?post=6088"}],"curies":[{"name":"wp","href":"https:\/\/api.w.org\/{rel}","templated":true}]}}