{"id":5441,"date":"2020-11-06T12:27:36","date_gmt":"2020-11-06T10:27:36","guid":{"rendered":"https:\/\/swmikolaj.org\/?p=5441"},"modified":"2020-11-06T12:27:37","modified_gmt":"2020-11-06T10:27:37","slug":"intencje-mszy-swietych-02-08-11-2020","status":"publish","type":"post","link":"https:\/\/swmikolaj.org\/index.php\/2020\/11\/06\/intencje-mszy-swietych-02-08-11-2020\/","title":{"rendered":"INTENCJE MSZY \u015aWI\u0118TYCH 02 &#8211; 08\/11\/2020"},"content":{"rendered":"<table width=\"647\">\n<tbody>\n<tr>\n<td colspan=\"2\" width=\"647\">\n<p style=\"text-align: center;\"><strong>02\/11\/2020 Poniedzia\u0142ek<\/strong><\/p>\n<\/td>\n<\/tr>\n<tr>\n<td width=\"85\">\n<p style=\"text-align: center;\"><strong>08:00<\/strong><\/p>\n<\/td>\n<td width=\"562\">1.\u00a0\u00a0\u00a0\u00a0\u00a0 + Rodzice Genowefa i Wiktor oraz bratowa i rodzice S\u0142oma<\/p>\n<p>2.\u00a0\u00a0\u00a0\u00a0\u00a0 + Zmarli z rodziny Jaroszewicz\u00f3w<\/p>\n<p>3.\u00a0\u00a0\u00a0\u00a0\u00a0 + Krystyna oraz zmarli spoczywaj\u0105cy na cmentarzu parafialnym<\/td>\n<\/tr>\n<tr>\n<td width=\"85\">\n<p style=\"text-align: center;\"><strong>10:00<\/strong><\/p>\n<\/td>\n<td width=\"562\">Dzi\u0119kczynno-b\u0142agalna o Bo\u017ce b\u0142ogos\u0142awie\u0144stwo, dar zdrowia i opiek\u0119 Matki Bo\u017cej dla Henryki, Grzegorza z \u017con\u0105, Katarzyny z m\u0119\u017cem, Eweliny z m\u0119\u017cem i c\u00f3reczk\u0105, Agnieszki z m\u0119\u017cem i synkiem, Daniela z \u017con\u0105 i synkiem oraz o oddalenie pandemii koronawirusa<\/td>\n<\/tr>\n<tr>\n<td width=\"85\">\n<p style=\"text-align: center;\"><strong>18:30<\/strong><\/p>\n<\/td>\n<td width=\"562\">1.\u00a0\u00a0\u00a0\u00a0\u00a0 MSZA ZBIOROWA ZA ZMAR\u0141YCH<\/p>\n<p>2.\u00a0\u00a0\u00a0\u00a0\u00a0 + Jan oraz rodzice Hy\u017cy i Trafalscy<\/td>\n<\/tr>\n<tr>\n<td colspan=\"2\" width=\"647\">\n<p style=\"text-align: center;\"><strong>03\/11\/2020 Wtorek<\/strong><\/p>\n<\/td>\n<\/tr>\n<tr>\n<td width=\"85\">\n<p style=\"text-align: center;\"><strong>08:00<\/strong><\/p>\n<\/td>\n<td width=\"562\">1.\u00a0\u00a0\u00a0\u00a0\u00a0 + Maria i Roman Brieger, Genowefa i Miko\u0142aj Ma\u0142aszczyccy<\/p>\n<p>2.\u00a0\u00a0\u00a0\u00a0\u00a0 + Jadwiga, Stefania, Helena, Mieczys\u0142aw, Bernard, Gerard, Franciszek, Zbigniew oraz dziadkowie z obojga stron i zmarli w czy\u015b\u0107cu<\/td>\n<\/tr>\n<tr>\n<td width=\"85\">\n<p style=\"text-align: center;\"><strong>09:30<\/strong><\/p>\n<\/td>\n<td width=\"562\">Pogrzeb: \u015bp. Zofia Stasiak, lat 67<\/td>\n<\/tr>\n<tr>\n<td width=\"85\">\n<p style=\"text-align: center;\"><strong>12:15<\/strong><\/p>\n<\/td>\n<td width=\"562\">Pogrzeb: \u015bp. Lechos\u0142aw Bro\u017cyna-Kr\u00f3l, lat 76<\/td>\n<\/tr>\n<tr>\n<td width=\"85\">\n<p style=\"text-align: center;\"><strong>18:30<\/strong><\/p>\n<\/td>\n<td width=\"562\">1.\u00a0\u00a0\u00a0\u00a0\u00a0 MSZA ZBIOROWA ZA ZMAR\u0141YCH<\/p>\n<p>2.\u00a0\u00a0\u00a0\u00a0\u00a0 + Wojciech Bigus w 11 rocz. \u015bmierci<\/td>\n<\/tr>\n<tr>\n<td width=\"85\">\n<p style=\"text-align: center;\"><strong>19:30<\/strong><\/p>\n<\/td>\n<td width=\"562\">Dzi\u0119kczynno-b\u0142agalna w intencji Karoliny z okazji urodzin<\/td>\n<\/tr>\n<tr>\n<td colspan=\"2\" width=\"647\">\n<p style=\"text-align: center;\"><strong>04\/11\/2020 \u015aroda<\/strong><\/p>\n<\/td>\n<\/tr>\n<tr>\n<td width=\"85\">\n<p style=\"text-align: center;\"><strong>08:00<\/strong><\/p>\n<\/td>\n<td width=\"562\">1.\u00a0\u00a0\u00a0\u00a0\u00a0 + Zmarli z rodzin Mica\u0142 i Bary\u0142a<\/p>\n<p>2.\u00a0\u00a0\u00a0\u00a0\u00a0 + Anastazja Tyszkiewicz \u2013 intencja od XI R\u00f3\u017cy \u017bywego R\u00f3\u017ca\u0144ca<\/p>\n<p>3.\u00a0\u00a0\u00a0\u00a0\u00a0 + Bogumi\u0142 i rodzice z obojga stron<\/td>\n<\/tr>\n<tr>\n<td width=\"85\">\n<p style=\"text-align: center;\"><strong>09:30<\/strong><\/p>\n<\/td>\n<td width=\"562\">Pogrzeb: \u015bp. Teresa Mierska, lat 84<\/td>\n<\/tr>\n<tr>\n<td width=\"85\">\n<p style=\"text-align: center;\"><strong>18:30<\/strong><\/p>\n<\/td>\n<td width=\"562\">1.\u00a0\u00a0\u00a0\u00a0\u00a0 MSZA ZBIOROWA ZA ZMAR\u0141YCH<\/p>\n<p>2.\u00a0\u00a0\u00a0\u00a0\u00a0 + Zmarli z rodzin Spirydowicz, Ciesielskich, Marcinowskich, Wojciechowskich i Wojtczak\u00f3w<\/td>\n<\/tr>\n<tr>\n<td colspan=\"2\" width=\"647\">\n<p style=\"text-align: center;\"><strong>05\/11\/2020 Czwartek<\/strong><\/p>\n<\/td>\n<\/tr>\n<tr>\n<td width=\"85\">\n<p style=\"text-align: center;\"><strong>08:00<\/strong><\/p>\n<\/td>\n<td width=\"562\">1.\u00a0\u00a0\u00a0\u00a0\u00a0 + Florian Ko\u017cyczkowski oraz Mieczys\u0142aw Littwitz<\/p>\n<p>2.\u00a0\u00a0\u00a0\u00a0\u00a0 + Dziadkowie\u00a0 i rodzice chrzestni z obojga stron<\/p>\n<p>3.\u00a0\u00a0\u00a0\u00a0\u00a0 + Augustyn w 2 rocz. \u015bmierci<\/td>\n<\/tr>\n<tr>\n<td width=\"85\">\n<p style=\"text-align: center;\"><strong>11:00<\/strong><\/p>\n<\/td>\n<td width=\"562\">Pogrzeb: \u015bp. Izabela Patkowska, lat 54<\/td>\n<\/tr>\n<tr>\n<td width=\"85\">\n<p style=\"text-align: center;\"><strong>18:30<\/strong><\/p>\n<\/td>\n<td width=\"562\">1.\u00a0\u00a0\u00a0\u00a0\u00a0 MSZA ZBIOROWA ZA ZMAR\u0141YCH<\/p>\n<p>2.\u00a0\u00a0\u00a0\u00a0\u00a0 + Zmarli z rodziny z obojga stron<\/td>\n<\/tr>\n<tr>\n<td colspan=\"2\" width=\"647\">\n<p style=\"text-align: center;\"><strong>06\/11\/2020 Pi\u0105tek<\/strong><\/p>\n<\/td>\n<\/tr>\n<tr>\n<td width=\"85\">\n<p style=\"text-align: center;\"><strong>08:00<\/strong><\/p>\n<\/td>\n<td width=\"562\">1.\u00a0\u00a0\u00a0\u00a0\u00a0 + Marta i Otton<\/p>\n<p>2.\u00a0\u00a0\u00a0\u00a0\u00a0 + M\u0105\u017c Adam, rodzice z obojga stron, W\u0142adys\u0142awa i Tadeusz, Janina i Stanis\u0142aw, ks. J\u00f3zef, brat Jan i wszyscy krewni<\/td>\n<\/tr>\n<tr>\n<td width=\"85\">\n<p style=\"text-align: center;\"><strong>10:00<\/strong><\/p>\n<\/td>\n<td width=\"562\">Pogrzeb: \u015bp. Jerzy Mr\u00f3wczy\u0144ski, lat 82<\/td>\n<\/tr>\n<tr>\n<td width=\"85\">\n<p style=\"text-align: center;\"><strong>11:30<\/strong><\/p>\n<\/td>\n<td width=\"562\">Pogrzeb: \u015bp. Iwona Szyma\u0144ska, lat 86<\/td>\n<\/tr>\n<tr>\n<td width=\"85\">\n<p style=\"text-align: center;\"><strong>12:45<\/strong><\/p>\n<\/td>\n<td width=\"562\">Pogrzeb: \u015bp. Jerzy Maciejewski, lat 81<\/td>\n<\/tr>\n<tr>\n<td width=\"85\">\n<p style=\"text-align: center;\"><strong>17:00<\/strong><\/p>\n<\/td>\n<td width=\"562\">B\u0142agalna o uzdrowienie taty Miros\u0142awa oraz o dar wiary dla Ma\u0142gorzaty<\/td>\n<\/tr>\n<tr>\n<td width=\"85\">\n<p style=\"text-align: center;\"><strong>18:30<\/strong><\/p>\n<\/td>\n<td width=\"562\">1.\u00a0\u00a0\u00a0\u00a0\u00a0 MSZA ZBIOROWA ZA ZMAR\u0141YCH<\/p>\n<p>2.\u00a0\u00a0\u00a0\u00a0\u00a0 + Rodzice i te\u015bciowie El\u017cbieta i Julian oraz zmarli z rodzin Brzezi\u0144skich i Szreder<\/td>\n<\/tr>\n<tr>\n<td colspan=\"2\" width=\"647\">\n<p style=\"text-align: center;\"><strong>07\/11\/2020 Sobota<\/strong><\/p>\n<\/td>\n<\/tr>\n<tr>\n<td width=\"85\">\n<p style=\"text-align: center;\"><strong>08:00<\/strong><\/p>\n<\/td>\n<td width=\"562\">1.\u00a0\u00a0\u00a0\u00a0\u00a0 Dzi\u0119kczynno-b\u0142agalna w intencji XII R\u00f3\u017cy \u017bywego R\u00f3\u017ca\u0144ca z pro\u015bb\u0105 o zdrowie, Bo\u017ce b\u0142ogos\u0142awie\u0144stwo i opiek\u0119 Matki Bo\u017cej dla cz\u0142onki\u0144 i ich rodzin oraz o \u017cycie wieczne dla zmar\u0142ych<\/p>\n<p>2.\u00a0\u00a0\u00a0\u00a0\u00a0 + Helena i Bronis\u0142aw Pawelec<\/p>\n<p>3.\u00a0\u00a0\u00a0\u00a0\u00a0 + Helena Helak w 1 rocz. \u015bmierci oraz Jerzy Helak<\/td>\n<\/tr>\n<tr>\n<td width=\"85\">\n<p style=\"text-align: center;\"><strong>18:30<\/strong><\/p>\n<\/td>\n<td width=\"562\">MSZA ZBIOROWA ZA ZMAR\u0141YCH<\/td>\n<\/tr>\n<tr>\n<td colspan=\"2\" width=\"647\">\n<p style=\"text-align: center;\"><strong>08\/11\/2020 <\/strong><\/p>\n<p style=\"text-align: center;\"><strong>XXXII Niedziela Zwyk\u0142a<\/strong><\/p>\n<\/td>\n<\/tr>\n<tr>\n<td width=\"85\">\n<p style=\"text-align: center;\"><strong>08:00<\/strong><\/p>\n<\/td>\n<td width=\"562\">1.\u00a0\u00a0\u00a0\u00a0\u00a0 + Zmarli z rodzin Kulaszewicz, Wro\u0144skich i P\u0142otka oraz znajomi<\/p>\n<p>2.\u00a0\u00a0\u00a0\u00a0\u00a0 + Rafa\u0142 Capa\u0142a w 4 rocz. \u015bmierci<\/td>\n<\/tr>\n<tr>\n<td width=\"85\">\n<p style=\"text-align: center;\"><strong>10:00<\/strong><\/p>\n<\/td>\n<td width=\"562\">MSZA ZBIOROWA ZA ZMAR\u0141YCH<\/td>\n<\/tr>\n<tr>\n<td width=\"85\">\n<p style=\"text-align: center;\"><strong>11:30<\/strong><\/p>\n<\/td>\n<td width=\"562\">+ Stefania Kl\u00f3skowska w 3 rocz. \u015bmierci oraz Robert Kl\u00f3skowski w 20 rocz. \u015bmierci<\/td>\n<\/tr>\n<tr>\n<td width=\"85\">\n<p style=\"text-align: center;\"><strong>13:00<\/strong><\/p>\n<\/td>\n<td width=\"562\">W intencji nowoochrzczonych<\/td>\n<\/tr>\n<tr>\n<td width=\"85\">\n<p style=\"text-align: center;\"><strong>18:30<\/strong><\/p>\n<\/td>\n<td width=\"562\">+ Czes\u0142aw Czarnecki w 4 rocz. \u015bmierci<\/td>\n<\/tr>\n<tr>\n<td width=\"85\"><strong>17:00DK<\/strong><\/td>\n<td width=\"562\">+ M\u0105\u017c Karol w 35 rocz. \u015bmierci, Zygmunt oraz rodzice z obojga stron<\/td>\n<\/tr>\n<\/tbody>\n<\/table>\n","protected":false},"excerpt":{"rendered":"<p>02\/11\/2020 Poniedzia\u0142ek 08:00 1.\u00a0\u00a0\u00a0\u00a0\u00a0 + Rodzice Genowefa i Wiktor oraz bratowa i rodzice S\u0142oma 2.\u00a0\u00a0\u00a0\u00a0\u00a0 + Zmarli z rodziny Jaroszewicz\u00f3w 3.\u00a0\u00a0\u00a0\u00a0\u00a0 + Krystyna oraz zmarli spoczywaj\u0105cy na cmentarzu parafialnym 10:00 Dzi\u0119kczynno-b\u0142agalna o Bo\u017ce b\u0142ogos\u0142awie\u0144stwo, dar zdrowia i opiek\u0119 Matki Bo\u017cej dla Henryki, Grzegorza z \u017con\u0105, Katarzyny z m\u0119\u017cem, Eweliny z m\u0119\u017cem i c\u00f3reczk\u0105, Agnieszki z [&hellip;]<\/p>\n","protected":false},"author":6,"featured_media":0,"comment_status":"closed","ping_status":"closed","sticky":false,"template":"","format":"standard","meta":{"footnotes":""},"categories":[10],"tags":[],"publishpress_future_action":{"enabled":false,"date":"1970-01-01 01:00:00","action":"","terms":[],"taxonomy":"","browser_timezone_offset":0},"_links":{"self":[{"href":"https:\/\/swmikolaj.org\/index.php\/wp-json\/wp\/v2\/posts\/5441"}],"collection":[{"href":"https:\/\/swmikolaj.org\/index.php\/wp-json\/wp\/v2\/posts"}],"about":[{"href":"https:\/\/swmikolaj.org\/index.php\/wp-json\/wp\/v2\/types\/post"}],"author":[{"embeddable":true,"href":"https:\/\/swmikolaj.org\/index.php\/wp-json\/wp\/v2\/users\/6"}],"replies":[{"embeddable":true,"href":"https:\/\/swmikolaj.org\/index.php\/wp-json\/wp\/v2\/comments?post=5441"}],"version-history":[{"count":1,"href":"https:\/\/swmikolaj.org\/index.php\/wp-json\/wp\/v2\/posts\/5441\/revisions"}],"predecessor-version":[{"id":5442,"href":"https:\/\/swmikolaj.org\/index.php\/wp-json\/wp\/v2\/posts\/5441\/revisions\/5442"}],"wp:attachment":[{"href":"https:\/\/swmikolaj.org\/index.php\/wp-json\/wp\/v2\/media?parent=5441"}],"wp:term":[{"taxonomy":"category","embeddable":true,"href":"https:\/\/swmikolaj.org\/index.php\/wp-json\/wp\/v2\/categories?post=5441"},{"taxonomy":"post_tag","embeddable":true,"href":"https:\/\/swmikolaj.org\/index.php\/wp-json\/wp\/v2\/tags?post=5441"}],"curies":[{"name":"wp","href":"https:\/\/api.w.org\/{rel}","templated":true}]}}