{"id":5221,"date":"2020-10-01T09:38:06","date_gmt":"2020-10-01T07:38:06","guid":{"rendered":"https:\/\/swmikolaj.org\/?p=5221"},"modified":"2020-10-01T22:56:23","modified_gmt":"2020-10-01T20:56:23","slug":"moje-ksiegarnie-i-papiez-franciszek","status":"publish","type":"post","link":"https:\/\/swmikolaj.org\/index.php\/2020\/10\/01\/moje-ksiegarnie-i-papiez-franciszek\/","title":{"rendered":"Moje ksi\u0119garnie i papie\u017c Franciszek"},"content":{"rendered":"\n<div class=\"o9v6fnle cxmmr5t8 oygrvhab hcukyx3x c1et5uql ii04i59q\">\n<div dir=\"auto\">\u00a0<\/div>\n<\/div>\n<div class=\"o9v6fnle cxmmr5t8 oygrvhab hcukyx3x c1et5uql ii04i59q\">\n<div dir=\"auto\" style=\"text-align: justify;\">\u00a0\u00a0\u00a0Gdziekolwiek jestem, \u00a0lubi\u0119 wchodzi\u0107 do ksi\u0119garni. Sprawdzam wtedy, co nowego ukaza\u0142o si\u0119 ostatnio i obwi\u0105zkowo odwiedzam dzia\u0142 z ksi\u0105\u017ckami teologicznymi czy religijnym. Czytam, przegl\u0105dam, dotykam, co jest pewnym moim rytua\u0142em.<\/div>\n<div dir=\"auto\" style=\"text-align: justify;\">\u00a0\u00a0\u00a0W 2019 roku zwiedza\u0142em Oxford, a w nim jedn\u0105 z najstarszych ksi\u0119garni angielskich, mieszcz\u0105c\u0105 si\u0119 przy Broad Street 50. Musz\u0119 przyzna\u0107, \u017ce dzia\u0142 teologiczny by\u0142 tam imponuj\u0105cy. Ludzie kupuj\u0105 ksi\u0105\u017cki w tym miejscu od ponad 140 lat, a jednak dzieje si\u0119 co\u015b niepokoj\u0105cego w kontek\u015bcie ksi\u0119gar\u0144 z ksi\u0105\u017ckami religijnymi czy te\u017c teologicznymi. Ciekawie pisze o tym papie\u017c Franciszek we wczoraj opublikowanym li\u015bcie, \u00a0w zwi\u0105zku z 1600 rocznic\u0105 \u015bmierci \u015bw. Hieronima: &#8222;&#8230;my\u015bl\u0119 o do\u015bwiadczeniu, jakie mo\u017ce mie\u0107 dzi\u015b m\u0142ody cz\u0142owiek, wchodz\u0105c do ksi\u0119garni w swoim mie\u015bcie lub na stron\u0119 internetow\u0105 i szukaj\u0105c tam ksi\u0105\u017cek religijnych. Jest to dzia\u0142, kt\u00f3ry, je\u015bli istnieje, w wi\u0119kszo\u015bci przypadk\u00f3w jest nie tylko marginalny, ale brakuje w nim znacz\u0105cych dzie\u0142. Patrz\u0105c na te p\u00f3\u0142ki, albo na te strony w sieci, trudno m\u0142odemu cz\u0142owiekowi zrozumie\u0107, \u017ce poszukiwania religijne mog\u0105 by\u0107 ekscytuj\u0105c\u0105 przygod\u0105, kt\u00f3ra \u0142\u0105czy my\u015bl i serce; \u017ce pragnienie Boga rozpala\u0142o wielkie umys\u0142y na przestrzeni wiek\u00f3w a\u017c do dnia dzisiejszego; \u017ce dojrzewanie \u017cycia duchowego udziela\u0142o si\u0119 teologom i filozofom, artystom i poetom, historykom i naukowcom. Jednym z dzisiejszych problem\u00f3w, nie tylko religijnych, jest analfabetyzm: brakuje nam umiej\u0119tno\u015bci hermeneutycznych, kt\u00f3re uczyni\u0142yby nas wiarygodnymi t\u0142umaczami naszej w\u0142asnej tradycji kulturowej. W szczeg\u00f3lno\u015bci chc\u0119 rzuci\u0107 wyzwanie ludziom m\u0142odym: wyjd\u017acie na poszukiwanie waszego dziedzictwa. Chrze\u015bcija\u0144stwo czyni was spadkobiercami niezr\u00f3wnanego dziedzictwa kulturowego, kt\u00f3re musicie obj\u0105\u0107 w posiadanie. B\u0105d\u017acie pasjonatami tej historii, kt\u00f3ra jest wasz\u0105&#8221;.<\/div>\n<div dir=\"auto\"><img decoding=\"async\" loading=\"lazy\" class=\"alignnone  wp-image-5222\" src=\"https:\/\/swmikolaj.org\/wp-content\/uploads\/2020\/10\/IMG_1436-300x225.jpg\" alt=\"\" width=\"689\" height=\"517\" srcset=\"https:\/\/swmikolaj.org\/wp-content\/uploads\/2020\/10\/IMG_1436-300x225.jpg 300w, https:\/\/swmikolaj.org\/wp-content\/uploads\/2020\/10\/IMG_1436-1024x768.jpg 1024w, https:\/\/swmikolaj.org\/wp-content\/uploads\/2020\/10\/IMG_1436-768x576.jpg 768w, https:\/\/swmikolaj.org\/wp-content\/uploads\/2020\/10\/IMG_1436-1536x1152.jpg 1536w, https:\/\/swmikolaj.org\/wp-content\/uploads\/2020\/10\/IMG_1436-2048x1536.jpg 2048w, https:\/\/swmikolaj.org\/wp-content\/uploads\/2020\/10\/IMG_1436-676x507.jpg 676w\" sizes=\"(max-width: 689px) 100vw, 689px\" \/><\/div>\n<\/div>\n","protected":false},"excerpt":{"rendered":"<p>\u00a0 \u00a0\u00a0\u00a0Gdziekolwiek jestem, \u00a0lubi\u0119 wchodzi\u0107 do ksi\u0119garni. Sprawdzam wtedy, co nowego ukaza\u0142o si\u0119 ostatnio i obwi\u0105zkowo odwiedzam dzia\u0142 z ksi\u0105\u017ckami teologicznymi czy religijnym. Czytam, przegl\u0105dam, dotykam, co jest pewnym moim rytua\u0142em. \u00a0\u00a0\u00a0W 2019 roku zwiedza\u0142em Oxford, a w nim jedn\u0105 z najstarszych ksi\u0119garni angielskich, mieszcz\u0105c\u0105 si\u0119 przy Broad Street 50. Musz\u0119 przyzna\u0107, \u017ce dzia\u0142 teologiczny [&hellip;]<\/p>\n","protected":false},"author":4,"featured_media":0,"comment_status":"closed","ping_status":"closed","sticky":false,"template":"","format":"standard","meta":{"footnotes":""},"categories":[9],"tags":[],"publishpress_future_action":{"enabled":false,"date":"1970-01-01 01:00:00","action":"","terms":[],"taxonomy":"","browser_timezone_offset":0},"_links":{"self":[{"href":"https:\/\/swmikolaj.org\/index.php\/wp-json\/wp\/v2\/posts\/5221"}],"collection":[{"href":"https:\/\/swmikolaj.org\/index.php\/wp-json\/wp\/v2\/posts"}],"about":[{"href":"https:\/\/swmikolaj.org\/index.php\/wp-json\/wp\/v2\/types\/post"}],"author":[{"embeddable":true,"href":"https:\/\/swmikolaj.org\/index.php\/wp-json\/wp\/v2\/users\/4"}],"replies":[{"embeddable":true,"href":"https:\/\/swmikolaj.org\/index.php\/wp-json\/wp\/v2\/comments?post=5221"}],"version-history":[{"count":4,"href":"https:\/\/swmikolaj.org\/index.php\/wp-json\/wp\/v2\/posts\/5221\/revisions"}],"predecessor-version":[{"id":5231,"href":"https:\/\/swmikolaj.org\/index.php\/wp-json\/wp\/v2\/posts\/5221\/revisions\/5231"}],"wp:attachment":[{"href":"https:\/\/swmikolaj.org\/index.php\/wp-json\/wp\/v2\/media?parent=5221"}],"wp:term":[{"taxonomy":"category","embeddable":true,"href":"https:\/\/swmikolaj.org\/index.php\/wp-json\/wp\/v2\/categories?post=5221"},{"taxonomy":"post_tag","embeddable":true,"href":"https:\/\/swmikolaj.org\/index.php\/wp-json\/wp\/v2\/tags?post=5221"}],"curies":[{"name":"wp","href":"https:\/\/api.w.org\/{rel}","templated":true}]}}