{"id":5152,"date":"2020-09-10T15:21:35","date_gmt":"2020-09-10T13:21:35","guid":{"rendered":"https:\/\/swmikolaj.org\/?p=5152"},"modified":"2020-09-10T15:21:36","modified_gmt":"2020-09-10T13:21:36","slug":"intencje-mszy-swietych-14-20-09-2020","status":"publish","type":"post","link":"https:\/\/swmikolaj.org\/index.php\/2020\/09\/10\/intencje-mszy-swietych-14-20-09-2020\/","title":{"rendered":"INTENCJE MSZY \u015aWI\u0118TYCH 14 &#8211; 20\/09\/2020"},"content":{"rendered":"\n\n\n<table width=\"657\">\n<tbody>\n<tr>\n<td colspan=\"2\" width=\"657\">\n<p style=\"text-align: center;\"><strong>14\/09\/2020 Poniedzia\u0142ek<\/strong><\/p>\n<\/td>\n<\/tr>\n<tr>\n<td width=\"85\">\n<p style=\"text-align: center;\"><strong>08:00<\/strong><\/p>\n<\/td>\n<td width=\"571\">\n<p>1.\u00a0\u00a0\u00a0\u00a0\u00a0 Dzi\u0119kczynno-b\u0142agalna w 11 rocz. \u015blubu Barbary i\u00a0 Tomasza z pro\u015bb\u0105 o Bo\u017ce b\u0142ogos\u0142awie\u0144stwo i opiek\u0119 Matki Bo\u017cej<\/p>\n<p>2.\u00a0\u00a0\u00a0\u00a0\u00a0 + Jadwiga Rekowska &#8211; gregoria\u0144ska<\/p>\n<\/td>\n<\/tr>\n<tr>\n<td width=\"85\">\n<p style=\"text-align: center;\"><strong>12:00<\/strong><\/p>\n<\/td>\n<td width=\"571\">\n<p>Pogrzeb: \u015bp. Jan Karpi\u0144ski, lat 67<\/p>\n<\/td>\n<\/tr>\n<tr>\n<td width=\"85\">\n<p style=\"text-align: center;\"><strong>18:30<\/strong><\/p>\n<\/td>\n<td width=\"571\">\n<p>1.\u00a0\u00a0\u00a0\u00a0\u00a0 Dzi\u0119kczynno-b\u0142agalna w intencji Biruty z okazji 88 urodzin oraz o dar zdrowia dla El\u017cbiety<\/p>\n<p>2.\u00a0\u00a0\u00a0\u00a0\u00a0 + Za zmar\u0142ych s\u0105siad\u00f3w z ul. Wejherowskiej 36-42<\/p>\n<p>3.\u00a0\u00a0\u00a0\u00a0\u00a0 + M\u0105\u017c Antoni w 9 rocz. \u015bmierci oraz rodzice z obojga stron.<\/p>\n<\/td>\n<\/tr>\n<tr>\n<td colspan=\"2\" width=\"657\">\n<p style=\"text-align: center;\"><strong>15\/09\/2020 Wtorek<\/strong><\/p>\n<\/td>\n<\/tr>\n<tr>\n<td width=\"85\">\n<p style=\"text-align: center;\"><strong>08:00<\/strong><\/p>\n<\/td>\n<td width=\"571\">\n<p>1.\u00a0\u00a0\u00a0\u00a0\u00a0 + Jadwiga Rekowska &#8211; gregoria\u0144ska<\/p>\n<p>2.\u00a0\u00a0\u00a0\u00a0\u00a0 + Rodzice Leon i Gertruda Dzienisz, J\u00f3zef i Jadwiga G\u0142adkowscy<\/p>\n<\/td>\n<\/tr>\n<tr>\n<td width=\"85\">\n<p style=\"text-align: center;\"><strong>18:30<\/strong><\/p>\n<\/td>\n<td width=\"571\">\n<p>1.\u00a0\u00a0\u00a0\u00a0\u00a0 + Henryk Butowski w 18 rocz. \u015bmierci oraz rodzice z obojga stron, Irena, Aleksander i Apolonia Milanowscy<\/p>\n<p>2.\u00a0\u00a0\u00a0\u00a0\u00a0 + Franciszek Sommer oraz zmarli z rodziny R\u0105balskich, Teresa, Krzysztof, Witos\u0142aw<\/p>\n<\/td>\n<\/tr>\n<tr>\n<td colspan=\"2\" width=\"657\">\n<p style=\"text-align: center;\"><strong>16\/09\/2020 \u015aroda<\/strong><\/p>\n<\/td>\n<\/tr>\n<tr>\n<td width=\"85\">\n<p style=\"text-align: center;\"><strong>08:00<\/strong><\/p>\n<\/td>\n<td width=\"571\">\n<p>1.\u00a0\u00a0\u00a0\u00a0\u00a0 + Jadwiga Rekowska &#8211; gregoria\u0144ska<\/p>\n<p>2.\u00a0\u00a0\u00a0\u00a0\u00a0 + Jan Richert w rocznic\u0119 urodzin<\/p>\n<\/td>\n<\/tr>\n<tr>\n<td width=\"85\">\n<p style=\"text-align: center;\"><strong>18:30<\/strong><\/p>\n<\/td>\n<td width=\"571\">\n<p>1.\u00a0\u00a0\u00a0\u00a0\u00a0 + Rodzice i te\u015bciowie oraz babcia Gertruda<\/p>\n<p>2.\u00a0\u00a0\u00a0\u00a0\u00a0 + Stanis\u0142aw Rachwa\u0142, Stanis\u0142aw Kotarski, Marianna i W\u0142adys\u0142aw Mieszkowscy<\/p>\n<\/td>\n<\/tr>\n<tr>\n<td colspan=\"2\" width=\"657\">\n<p style=\"text-align: center;\"><strong>17\/09\/2020 Czwartek<\/strong><\/p>\n<\/td>\n<\/tr>\n<tr>\n<td width=\"85\">\n<p style=\"text-align: center;\"><strong>08:00<\/strong><\/p>\n<\/td>\n<td width=\"571\">\n<p>1.\u00a0\u00a0\u00a0\u00a0\u00a0 + Jadwiga Rekowska &#8211; gregoria\u0144ska<\/p>\n<p>2.\u00a0\u00a0\u00a0\u00a0\u00a0 + Tadeusz<\/p>\n<\/td>\n<\/tr>\n<tr>\n<td width=\"85\">\n<p style=\"text-align: center;\"><strong>18:30<\/strong><\/p>\n<\/td>\n<td width=\"571\">\n<p>1.\u00a0\u00a0\u00a0\u00a0\u00a0 BIERZMOWANIE<\/p>\n<p>2.\u00a0\u00a0\u00a0\u00a0\u00a0 + Jan Lizakowski w 5 rocz. \u015bmierci oraz rodzice z obojga stron, J\u00f3zef, Apolonia, Kazimierz<\/p>\n<p>3.\u00a0\u00a0\u00a0\u00a0\u00a0 + W\u0142adys\u0142aw Mach, rodzice z obojga stron, brat Bernard oraz zmarli z rodziny Czaja i Mach<\/p>\n<\/td>\n<\/tr>\n<tr>\n<td colspan=\"2\" width=\"657\">\n<p style=\"text-align: center;\"><strong>18\/09\/2020 Pi\u0105tek<\/strong><\/p>\n<\/td>\n<\/tr>\n<tr>\n<td width=\"85\">\n<p style=\"text-align: center;\"><strong>08:00<\/strong><\/p>\n<\/td>\n<td width=\"571\">\n<p>1.\u00a0\u00a0\u00a0\u00a0\u00a0 + Julian Pob\u0142ocki<\/p>\n<p>2.\u00a0\u00a0\u00a0\u00a0\u00a0 + Jadwiga Rekowska &#8211; gregoria\u0144ska<\/p>\n<\/td>\n<\/tr>\n<tr>\n<td width=\"85\">\n<p style=\"text-align: center;\"><strong>18:30<\/strong><\/p>\n<\/td>\n<td width=\"571\">\n<p>1.\u00a0\u00a0\u00a0\u00a0\u00a0 Dzi\u0119kczynna w 60 rocz. \u015blubu Jadwigi i Zygmunta, z pro\u015bb\u0105 o potrzebne \u0142aski na dalsze lata \u017cycia dla jubilat\u00f3w i rodziny<\/p>\n<p>2.\u00a0\u00a0\u00a0\u00a0\u00a0 + Danuta Soko\u0142owska oraz kuzynostwo<\/p>\n<\/td>\n<\/tr>\n<tr>\n<td colspan=\"2\" width=\"657\">\n<p style=\"text-align: center;\"><strong>19\/09\/2020 Sobota<\/strong><\/p>\n<\/td>\n<\/tr>\n<tr>\n<td width=\"85\">\n<p style=\"text-align: center;\"><strong>08:00<\/strong><\/p>\n<\/td>\n<td width=\"571\">\n<p>1.\u00a0\u00a0\u00a0\u00a0\u00a0 + Aniela, Helena, Edward, Leon<\/p>\n<p>2.\u00a0\u00a0\u00a0\u00a0\u00a0 + Jadwiga Rekowska &#8211; gregoria\u0144ska<\/p>\n<p>3.\u00a0\u00a0\u00a0\u00a0\u00a0 + Marianna i Wincenty oraz zmarli z rodziny Kili\u0144skich i Stenka<\/p>\n<\/td>\n<\/tr>\n<tr>\n<td width=\"85\">\n<p style=\"text-align: center;\"><strong>16:00<\/strong><\/p>\n<\/td>\n<td width=\"571\">\n<p>\u015alub: Monika i Krystian<\/p>\n<\/td>\n<\/tr>\n<tr>\n<td width=\"85\">\n<p style=\"text-align: center;\"><strong>18:30<\/strong><\/p>\n<\/td>\n<td width=\"571\">\n<p>+ M\u0105\u017c Antoni w dniu urodzin, za rodzic\u00f3w z obojga stron oraz rodze\u0144stwo.<\/p>\n<\/td>\n<\/tr>\n<tr>\n<td colspan=\"2\" width=\"657\">\n<p style=\"text-align: center;\"><strong>20\/09\/2020 <\/strong><\/p>\n<p style=\"text-align: center;\"><strong>XXV Niedziela Zwyk\u0142a<\/strong><\/p>\n<\/td>\n<\/tr>\n<tr>\n<td width=\"85\">\n<p style=\"text-align: center;\"><strong>08:00<\/strong><\/p>\n<\/td>\n<td width=\"571\">\n<p>Dzi\u0119kczynno-b\u0142agalna w 65 rocz. \u015blubu Jan i Teresa z pro\u015bb\u0105 o dar zdrowia Bo\u017ce b\u0142ogos\u0142awie\u0144stwo dla ca\u0142ej rodziny<\/p>\n<\/td>\n<\/tr>\n<tr>\n<td width=\"85\">\n<p style=\"text-align: center;\"><strong>10:00<\/strong><\/p>\n<\/td>\n<td width=\"571\">\n<p>W intencji parafii<\/p>\n<\/td>\n<\/tr>\n<tr>\n<td width=\"85\">\n<p style=\"text-align: center;\"><strong>11:30<\/strong><\/p>\n<\/td>\n<td width=\"571\">\n<p>+ Gerard Pakur w dniu urodzin oraz Rozalia, Stanis\u0142aw, Franciszek i Irena<\/p>\n<\/td>\n<\/tr>\n<tr>\n<td width=\"85\">\n<p style=\"text-align: center;\"><strong>13:00<\/strong><\/p>\n<\/td>\n<td width=\"571\">\n<p>1.\u00a0\u00a0\u00a0\u00a0\u00a0 Dzi\u0119kczynna za dar \u017cycia Haliny z pro\u015bb\u0105 o \u0142ask\u0119 zdrowia, Bo\u017ce b\u0142ogos\u0142awie\u0144stwo i opiek\u0119 Matki Bo\u017cej<\/p>\n<p>2.\u00a0\u00a0\u00a0\u00a0\u00a0 + Zofia Formela w 25 rocz. \u015bmierci oraz rodzice z obojga stron<\/p>\n<\/td>\n<\/tr>\n<tr>\n<td width=\"85\">\n<p style=\"text-align: center;\"><strong>18:30<\/strong><\/p>\n<\/td>\n<td width=\"571\">\n<p>W intencji Szymona z okazji 18 urodzin, a tak\u017ce Magdaleny i Micha\u0142a w 20 rocz. \u015blubu z podzi\u0119kowaniem za otrzymane \u0142aski z pro\u015bb\u0105 o Bo\u017ce b\u0142ogos\u0142awie\u0144stwo, zdrowie i opiek\u0119 Matki Bo\u017cej na dalsze lata<\/p>\n<\/td>\n<\/tr>\n<tr>\n<td width=\"85\">\n<p><strong>17:00DK<\/strong><\/p>\n<\/td>\n<td width=\"571\">\n<p>+ Jadwiga Rekowska &#8211; gregoria\u0144ska<\/p>\n<\/td>\n<\/tr>\n<\/tbody>\n<\/table>\n","protected":false},"excerpt":{"rendered":"<p>14\/09\/2020 Poniedzia\u0142ek 08:00 1.\u00a0\u00a0\u00a0\u00a0\u00a0 Dzi\u0119kczynno-b\u0142agalna w 11 rocz. \u015blubu Barbary i\u00a0 Tomasza z pro\u015bb\u0105 o Bo\u017ce b\u0142ogos\u0142awie\u0144stwo i opiek\u0119 Matki Bo\u017cej 2.\u00a0\u00a0\u00a0\u00a0\u00a0 + Jadwiga Rekowska &#8211; gregoria\u0144ska 12:00 Pogrzeb: \u015bp. Jan Karpi\u0144ski, lat 67 18:30 1.\u00a0\u00a0\u00a0\u00a0\u00a0 Dzi\u0119kczynno-b\u0142agalna w intencji Biruty z okazji 88 urodzin oraz o dar zdrowia dla El\u017cbiety 2.\u00a0\u00a0\u00a0\u00a0\u00a0 + Za zmar\u0142ych s\u0105siad\u00f3w [&hellip;]<\/p>\n","protected":false},"author":6,"featured_media":0,"comment_status":"closed","ping_status":"closed","sticky":false,"template":"","format":"standard","meta":{"footnotes":""},"categories":[10],"tags":[],"publishpress_future_action":{"enabled":false,"date":"1970-01-01 01:00:00","action":"","terms":[],"taxonomy":"","browser_timezone_offset":0},"_links":{"self":[{"href":"https:\/\/swmikolaj.org\/index.php\/wp-json\/wp\/v2\/posts\/5152"}],"collection":[{"href":"https:\/\/swmikolaj.org\/index.php\/wp-json\/wp\/v2\/posts"}],"about":[{"href":"https:\/\/swmikolaj.org\/index.php\/wp-json\/wp\/v2\/types\/post"}],"author":[{"embeddable":true,"href":"https:\/\/swmikolaj.org\/index.php\/wp-json\/wp\/v2\/users\/6"}],"replies":[{"embeddable":true,"href":"https:\/\/swmikolaj.org\/index.php\/wp-json\/wp\/v2\/comments?post=5152"}],"version-history":[{"count":1,"href":"https:\/\/swmikolaj.org\/index.php\/wp-json\/wp\/v2\/posts\/5152\/revisions"}],"predecessor-version":[{"id":5153,"href":"https:\/\/swmikolaj.org\/index.php\/wp-json\/wp\/v2\/posts\/5152\/revisions\/5153"}],"wp:attachment":[{"href":"https:\/\/swmikolaj.org\/index.php\/wp-json\/wp\/v2\/media?parent=5152"}],"wp:term":[{"taxonomy":"category","embeddable":true,"href":"https:\/\/swmikolaj.org\/index.php\/wp-json\/wp\/v2\/categories?post=5152"},{"taxonomy":"post_tag","embeddable":true,"href":"https:\/\/swmikolaj.org\/index.php\/wp-json\/wp\/v2\/tags?post=5152"}],"curies":[{"name":"wp","href":"https:\/\/api.w.org\/{rel}","templated":true}]}}