{"id":5041,"date":"2020-08-21T11:39:29","date_gmt":"2020-08-21T09:39:29","guid":{"rendered":"https:\/\/swmikolaj.org\/?p=5041"},"modified":"2020-08-21T14:21:08","modified_gmt":"2020-08-21T12:21:08","slug":"ogloszenia-duszpasterskie-23-08-2020-r","status":"publish","type":"post","link":"https:\/\/swmikolaj.org\/index.php\/2020\/08\/21\/ogloszenia-duszpasterskie-23-08-2020-r\/","title":{"rendered":"Og\u0142oszenia duszpasterskie, 23.08.2020 r."},"content":{"rendered":"\n<ol>\n<li style=\"text-align: justify;\">Z rado\u015bci\u0105 zawiadamiamy, \u017ce Siostra Anunzia (Anna W\u0119grzynowska), pochodz\u0105ca z naszej parafii, z\u0142o\u017cy \u015bluby wieczyste w rodzinie monastycznej si\u00f3str betlejemitek we Francji, \u00a0w sobot\u0119, 29 sierpnia.<\/li>\n<li style=\"text-align: justify;\">Uroczysto\u015b\u0107 NMP Cz\u0119stochowskiej obchodzi\u0107 b\u0119dziemy w \u015brod\u0119, 26 sierpnia. Zapraszamy na Eucharystie o 8:00 lub 18:30.<\/li>\n<li style=\"text-align: justify;\">Wszystkich prze\u017cywaj\u0105cych kryzysy ma\u0142\u017ce\u0144skie zach\u0119camy do udzia\u0142u w spotkaniu Wsp\u00f3lnoty Trudnych Ma\u0142\u017ce\u0144stw Sychar w poniedzia\u0142ek, 24 sierpnia. W planie Msza \u015awi\u0119ta o 18:30 w ko\u015bciele, nast\u0119pnie spotkanie w sali nr 4 domu parafialnego.<\/li>\n<li style=\"text-align: justify;\">Msza \u015awi\u0119ta na rozpocz\u0119cie roku szkolnego dla dzieci z klas od 0 do 6 b\u0119dzie sprawowana w niedziel\u0119, 6 wrze\u015bnia o 11:30. Spowied\u017a dla dzieci odb\u0119dzie si\u0119 w pi\u0105tek, 4 wrze\u015bnia od 16:30 (pierwszy pi\u0105tek miesi\u0105ca).<\/li>\n<li style=\"text-align: justify;\">Eucharystia na rozpocz\u0119cie roku szkolnego dla m\u0142odzie\u017cy klas 7 i 8 oraz dla szk\u00f3\u0142 \u015brednich b\u0119dzie w niedziel\u0119, 6 wrze\u015bnia o 17:00 w dolnym ko\u015bciele.<\/li>\n<li style=\"text-align: justify;\">Ca\u0142odzienna adoracja Naj\u015bwi\u0119tszego Sakramentu odbywa si\u0119 w dolnym ko\u015bciele od poniedzia\u0142ku do soboty od 8:40 do 18:15.<\/li>\n<li style=\"text-align: justify;\">Biuro Parafialne jest czynne w sierpniu w trybie wakacyjnym: w poniedzia\u0142ek, wtorek, czwartek i pi\u0105tek od 9:15 do 10:15.<\/li>\n<li style=\"text-align: justify;\">Podczas kwesty na pomoc dla poszkodowanych w wyniku katastrofy w Bejrucie zebrali\u015bmy tydzie\u0144 temu 3200 z\u0142.<\/li>\n<\/ol>\n<p>\u00a0<\/p>\n<p style=\"text-align: center;\">W minionych dniach zmar\u0142y :<\/p>\n<p style=\"text-align: center;\">Zofia Kr\u0171ger, l. 89 ; Irena Pikulska, l. 91; Natalia Rejek l. 97<\/p>\n","protected":false},"excerpt":{"rendered":"<p>Z rado\u015bci\u0105 zawiadamiamy, \u017ce Siostra Anunzia (Anna W\u0119grzynowska), pochodz\u0105ca z naszej parafii, z\u0142o\u017cy \u015bluby wieczyste w rodzinie monastycznej si\u00f3str betlejemitek we Francji, \u00a0w sobot\u0119, 29 sierpnia. Uroczysto\u015b\u0107 NMP Cz\u0119stochowskiej obchodzi\u0107 b\u0119dziemy w \u015brod\u0119, 26 sierpnia. Zapraszamy na Eucharystie o 8:00 lub 18:30. Wszystkich prze\u017cywaj\u0105cych kryzysy ma\u0142\u017ce\u0144skie zach\u0119camy do udzia\u0142u w spotkaniu Wsp\u00f3lnoty Trudnych Ma\u0142\u017ce\u0144stw Sychar [&hellip;]<\/p>\n","protected":false},"author":4,"featured_media":0,"comment_status":"closed","ping_status":"closed","sticky":false,"template":"","format":"standard","meta":{"footnotes":""},"categories":[12],"tags":[],"publishpress_future_action":{"enabled":false,"date":"1970-01-01 01:00:00","action":"","terms":[],"taxonomy":"","browser_timezone_offset":0},"_links":{"self":[{"href":"https:\/\/swmikolaj.org\/index.php\/wp-json\/wp\/v2\/posts\/5041"}],"collection":[{"href":"https:\/\/swmikolaj.org\/index.php\/wp-json\/wp\/v2\/posts"}],"about":[{"href":"https:\/\/swmikolaj.org\/index.php\/wp-json\/wp\/v2\/types\/post"}],"author":[{"embeddable":true,"href":"https:\/\/swmikolaj.org\/index.php\/wp-json\/wp\/v2\/users\/4"}],"replies":[{"embeddable":true,"href":"https:\/\/swmikolaj.org\/index.php\/wp-json\/wp\/v2\/comments?post=5041"}],"version-history":[{"count":4,"href":"https:\/\/swmikolaj.org\/index.php\/wp-json\/wp\/v2\/posts\/5041\/revisions"}],"predecessor-version":[{"id":5056,"href":"https:\/\/swmikolaj.org\/index.php\/wp-json\/wp\/v2\/posts\/5041\/revisions\/5056"}],"wp:attachment":[{"href":"https:\/\/swmikolaj.org\/index.php\/wp-json\/wp\/v2\/media?parent=5041"}],"wp:term":[{"taxonomy":"category","embeddable":true,"href":"https:\/\/swmikolaj.org\/index.php\/wp-json\/wp\/v2\/categories?post=5041"},{"taxonomy":"post_tag","embeddable":true,"href":"https:\/\/swmikolaj.org\/index.php\/wp-json\/wp\/v2\/tags?post=5041"}],"curies":[{"name":"wp","href":"https:\/\/api.w.org\/{rel}","templated":true}]}}