{"id":4957,"date":"2020-07-16T18:02:23","date_gmt":"2020-07-16T16:02:23","guid":{"rendered":"https:\/\/swmikolaj.org\/?p=4957"},"modified":"2020-07-16T18:02:24","modified_gmt":"2020-07-16T16:02:24","slug":"intencje-mszy-swietych-13-19-07-2020","status":"publish","type":"post","link":"https:\/\/swmikolaj.org\/index.php\/2020\/07\/16\/intencje-mszy-swietych-13-19-07-2020\/","title":{"rendered":"INTENCJE MSZY \u015aWI\u0118TYCH 13 &#8211; 19\/07\/2020"},"content":{"rendered":"<table width=\"647\">\n<tbody>\n<tr>\n<td colspan=\"2\" width=\"647\">\n<p style=\"text-align: center;\"><strong>13\/07\/2020 Poniedzia\u0142ek<\/strong><\/p>\n<\/td>\n<\/tr>\n<tr>\n<td width=\"85\">\n<p style=\"text-align: center;\"><strong>08:00<\/strong><\/p>\n<\/td>\n<td width=\"562\">1.\u00a0\u00a0\u00a0\u00a0\u00a0 + Syn Tomasz w 11 rocz. \u015bmierci<\/p>\n<p>2.\u00a0\u00a0\u00a0\u00a0\u00a0 + Henryk Niemczyk &#8211; gregoria\u0144ska<\/td>\n<\/tr>\n<tr>\n<td width=\"85\">\n<p style=\"text-align: center;\"><strong>18:30<\/strong><\/p>\n<\/td>\n<td width=\"562\">+ Stanis\u0142aw i Teresa Klimaszewscy w dniu urodzin oraz rodzice i rodze\u0144stwo<\/td>\n<\/tr>\n<tr>\n<td colspan=\"2\" width=\"647\">\n<p style=\"text-align: center;\"><strong>14\/07\/2020 Wtorek<\/strong><\/p>\n<\/td>\n<\/tr>\n<tr>\n<td width=\"85\">\n<p style=\"text-align: center;\"><strong>08:00<\/strong><\/p>\n<\/td>\n<td width=\"562\">1.\u00a0\u00a0\u00a0\u00a0\u00a0 + Henryk Niemczyk &#8211; gregoria\u0144ska<\/p>\n<p>2.\u00a0\u00a0\u00a0\u00a0\u00a0 + Bogdan Taciak oraz rodzice z obojga stron Marianna<br \/>\ni Jan Taciak, J\u00f3zefa i Jan Stawiasz<\/td>\n<\/tr>\n<tr>\n<td width=\"85\">\n<p style=\"text-align: center;\"><strong>18:30<\/strong><\/p>\n<\/td>\n<td width=\"562\">+ Dariusz Andryszczyk w 23 rocz. \u015bmierci<\/td>\n<\/tr>\n<tr>\n<td colspan=\"2\" width=\"647\">\n<p style=\"text-align: center;\"><strong>15\/07\/2020 \u015aroda<\/strong><\/p>\n<\/td>\n<\/tr>\n<tr>\n<td width=\"85\">\n<p style=\"text-align: center;\"><strong>08:00<\/strong><\/p>\n<\/td>\n<td width=\"562\">1.\u00a0\u00a0\u00a0\u00a0\u00a0 Dzi\u0119kczynno-b\u0142agalna z pro\u015bb\u0105 o Bo\u017ce b\u0142ogos\u0142awie\u0144stwo, zdrowie duszy i cia\u0142a, dary Ducha \u015bw. i opiek\u0119 Matki Naj\u015bwi\u0119tsze dla Kasi, Przemka, Artura i Norberta<\/p>\n<p>2.\u00a0\u00a0\u00a0\u00a0\u00a0 Dzi\u0119kczynno-b\u0142agalna w 90 rocznic\u0119 urodzin m\u0119\u017ca Zygfryda w pro\u015bb\u0105 o potrzebne \u0142aski, dar zdrowia<br \/>\ni opiek\u0119 Matki Bo\u017cej na dalsze lata<\/p>\n<p>3.\u00a0\u00a0\u00a0\u00a0\u00a0 + Henryk Niemczyk &#8211; gregoria\u0144ska<\/td>\n<\/tr>\n<tr>\n<td width=\"85\">\n<p style=\"text-align: center;\"><strong>10:30<\/strong><\/p>\n<\/td>\n<td width=\"562\">Pogrzeb: \u015bp. Czes\u0142aw Wolniak, lat 91<\/td>\n<\/tr>\n<tr>\n<td width=\"85\">\n<p style=\"text-align: center;\"><strong>18:30<\/strong><\/p>\n<\/td>\n<td width=\"562\">+ Syn Ryszard i m\u0105\u017c Henryk<\/td>\n<\/tr>\n<tr>\n<td colspan=\"2\" width=\"647\">\n<p style=\"text-align: center;\"><strong>16\/07\/2020 Czwartek<\/strong><\/p>\n<\/td>\n<\/tr>\n<tr>\n<td width=\"85\">\n<p style=\"text-align: center;\"><strong>08:00<\/strong><\/p>\n<\/td>\n<td width=\"562\">1.\u00a0\u00a0\u00a0\u00a0\u00a0 Dzi\u0119kczynno-b\u0142agalna w 55 urodziny Marka<br \/>\ni w 80 urodziny Lucyny<\/p>\n<p>2.\u00a0\u00a0\u00a0\u00a0\u00a0 + Henryk Niemczyk &#8211; gregoria\u0144ska<\/td>\n<\/tr>\n<tr>\n<td width=\"85\">\n<p style=\"text-align: center;\"><strong>18:30<\/strong><\/p>\n<\/td>\n<td width=\"562\">+ Jan Holz w 2 rocz. \u015bmierci i zmarli z rodziny<\/td>\n<\/tr>\n<tr>\n<td colspan=\"2\" width=\"647\">\n<p style=\"text-align: center;\"><strong>17\/07\/2020 Pi\u0105tek<\/strong><\/p>\n<\/td>\n<\/tr>\n<tr>\n<td width=\"85\">\n<p style=\"text-align: center;\"><strong>08:00<\/strong><\/p>\n<\/td>\n<td width=\"562\">+ Henryk Niemczyk &#8211; gregoria\u0144ska<\/td>\n<\/tr>\n<tr>\n<td width=\"85\">\n<p style=\"text-align: center;\"><strong>10:00<\/strong><\/p>\n<\/td>\n<td width=\"562\">Pogrzeb: \u015bp. Andrzej Pedynkowski, lat 65<\/td>\n<\/tr>\n<tr>\n<td width=\"85\">\n<p style=\"text-align: center;\"><strong>11:20<\/strong><\/p>\n<\/td>\n<td width=\"562\">Pogrzeb: \u015bp. Zbigniew Dobielewski, lat 74<\/td>\n<\/tr>\n<tr>\n<td width=\"85\">\n<p style=\"text-align: center;\"><strong>18:30<\/strong><\/p>\n<\/td>\n<td width=\"562\">1.\u00a0\u00a0\u00a0\u00a0\u00a0 + Mama Anna w 100 rocz. urodzin oraz rodzice<br \/>\ni rodze\u0144stwo z rodzin Rogowskich i Labud\u00f3w<\/p>\n<p>2.\u00a0\u00a0\u00a0\u00a0\u00a0 + Zmarli z rodzin P\u0142otka, Wro\u0144skich, Labuda<br \/>\ni Studzi\u0144skich<\/td>\n<\/tr>\n<tr>\n<td colspan=\"2\" width=\"647\">\n<p style=\"text-align: center;\"><strong>18\/07\/2020 Sobota<\/strong><\/p>\n<\/td>\n<\/tr>\n<tr>\n<td width=\"85\">\n<p style=\"text-align: center;\"><strong>08:00<\/strong><\/p>\n<\/td>\n<td width=\"562\">1.\u00a0\u00a0\u00a0\u00a0\u00a0 + Henryk Niemczyk &#8211; gregoria\u0144ska<\/p>\n<p>2.\u00a0\u00a0\u00a0\u00a0\u00a0 + Lidia i J\u00f3zef Plichta oraz rodzice z obojga stron<\/td>\n<\/tr>\n<tr>\n<td width=\"85\">\n<p style=\"text-align: center;\"><strong>09:30<\/strong><\/p>\n<\/td>\n<td width=\"562\">Pogrzeb: \u015bp. Maria Ptak, lat 72<\/td>\n<\/tr>\n<tr>\n<td width=\"85\">\n<p style=\"text-align: center;\"><strong>11:15<\/strong><\/p>\n<\/td>\n<td width=\"562\">Pogrzeb: \u015bp. Andrzej Domicz, lat 79<\/td>\n<\/tr>\n<tr>\n<td width=\"85\">\n<p style=\"text-align: center;\"><strong>16:00<\/strong><\/p>\n<\/td>\n<td width=\"562\">\u015alub: Bart\u0142omiej i Marta<\/td>\n<\/tr>\n<tr>\n<td width=\"85\">\n<p style=\"text-align: center;\"><strong>18:30<\/strong><\/p>\n<\/td>\n<td width=\"562\">+ \u0141ukasz i W\u0142adys\u0142awa oraz zmarli z rodziny Kanka<\/td>\n<\/tr>\n<tr>\n<td width=\"85\"><strong>19:30DK<\/strong><\/td>\n<td width=\"562\">+ Kazimiera<\/td>\n<\/tr>\n<tr>\n<td colspan=\"2\" width=\"647\">\n<p style=\"text-align: center;\"><strong>19\/07\/2020 <\/strong><\/p>\n<p style=\"text-align: center;\"><strong>XVI Niedziela Zwyk\u0142a<\/strong><\/p>\n<\/td>\n<\/tr>\n<tr>\n<td width=\"85\">\n<p style=\"text-align: center;\"><strong>08:00<\/strong><\/p>\n<\/td>\n<td width=\"562\">1.\u00a0\u00a0\u00a0\u00a0\u00a0 + \u017bona Irena w 3 rocz. \u015bmierci oraz rodzice Franciszek<br \/>\ni Agnieszka, rodze\u0144stwo i c\u00f3rka Danuta<\/p>\n<p>2.\u00a0\u00a0\u00a0\u00a0\u00a0 + Genowefa i Edmund oraz Bernard i Julianna<\/td>\n<\/tr>\n<tr>\n<td width=\"85\">\n<p style=\"text-align: center;\"><strong>10:00<\/strong><\/p>\n<\/td>\n<td width=\"562\">W intencji parafii<\/td>\n<\/tr>\n<tr>\n<td width=\"85\">\n<p style=\"text-align: center;\"><strong>11:30<\/strong><\/p>\n<\/td>\n<td width=\"562\">+ Henryk Niemczyk &#8211; gregoria\u0144ska<\/td>\n<\/tr>\n<tr>\n<td width=\"85\">\n<p style=\"text-align: center;\"><strong>13:00<\/strong><\/p>\n<\/td>\n<td width=\"562\">+ Tadeusz i Jaros\u0142aw Jastrz\u0119bscy oraz rodzice i rodze\u0144stwo<br \/>\nz oboga stron<\/td>\n<\/tr>\n<tr>\n<td width=\"85\">\n<p style=\"text-align: center;\"><strong>18:30<\/strong><\/p>\n<\/td>\n<td width=\"562\">+ Gertruda w 89 urodziny, Zygmunt, Sebastian i Teresa<\/td>\n<\/tr>\n<\/tbody>\n<\/table>\n","protected":false},"excerpt":{"rendered":"<p>13\/07\/2020 Poniedzia\u0142ek 08:00 1.\u00a0\u00a0\u00a0\u00a0\u00a0 + Syn Tomasz w 11 rocz. \u015bmierci 2.\u00a0\u00a0\u00a0\u00a0\u00a0 + Henryk Niemczyk &#8211; gregoria\u0144ska 18:30 + Stanis\u0142aw i Teresa Klimaszewscy w dniu urodzin oraz rodzice i rodze\u0144stwo 14\/07\/2020 Wtorek 08:00 1.\u00a0\u00a0\u00a0\u00a0\u00a0 + Henryk Niemczyk &#8211; gregoria\u0144ska 2.\u00a0\u00a0\u00a0\u00a0\u00a0 + Bogdan Taciak oraz rodzice z obojga stron Marianna i Jan Taciak, J\u00f3zefa i Jan [&hellip;]<\/p>\n","protected":false},"author":6,"featured_media":0,"comment_status":"closed","ping_status":"closed","sticky":false,"template":"","format":"standard","meta":{"footnotes":""},"categories":[10],"tags":[],"publishpress_future_action":{"enabled":false,"date":"1970-01-01 01:00:00","action":"","terms":[],"taxonomy":"","browser_timezone_offset":0},"_links":{"self":[{"href":"https:\/\/swmikolaj.org\/index.php\/wp-json\/wp\/v2\/posts\/4957"}],"collection":[{"href":"https:\/\/swmikolaj.org\/index.php\/wp-json\/wp\/v2\/posts"}],"about":[{"href":"https:\/\/swmikolaj.org\/index.php\/wp-json\/wp\/v2\/types\/post"}],"author":[{"embeddable":true,"href":"https:\/\/swmikolaj.org\/index.php\/wp-json\/wp\/v2\/users\/6"}],"replies":[{"embeddable":true,"href":"https:\/\/swmikolaj.org\/index.php\/wp-json\/wp\/v2\/comments?post=4957"}],"version-history":[{"count":1,"href":"https:\/\/swmikolaj.org\/index.php\/wp-json\/wp\/v2\/posts\/4957\/revisions"}],"predecessor-version":[{"id":4958,"href":"https:\/\/swmikolaj.org\/index.php\/wp-json\/wp\/v2\/posts\/4957\/revisions\/4958"}],"wp:attachment":[{"href":"https:\/\/swmikolaj.org\/index.php\/wp-json\/wp\/v2\/media?parent=4957"}],"wp:term":[{"taxonomy":"category","embeddable":true,"href":"https:\/\/swmikolaj.org\/index.php\/wp-json\/wp\/v2\/categories?post=4957"},{"taxonomy":"post_tag","embeddable":true,"href":"https:\/\/swmikolaj.org\/index.php\/wp-json\/wp\/v2\/tags?post=4957"}],"curies":[{"name":"wp","href":"https:\/\/api.w.org\/{rel}","templated":true}]}}