{"id":4915,"date":"2020-07-06T17:04:04","date_gmt":"2020-07-06T15:04:04","guid":{"rendered":"https:\/\/swmikolaj.org\/?p=4915"},"modified":"2020-07-13T00:33:28","modified_gmt":"2020-07-12T22:33:28","slug":"modlic-sie-z-drwalami-z-bieniszewa","status":"publish","type":"post","link":"https:\/\/swmikolaj.org\/index.php\/2020\/07\/06\/modlic-sie-z-drwalami-z-bieniszewa\/","title":{"rendered":"Modli\u0107 si\u0119 z &#8222;drwalami&#8221; z Bieniszewa"},"content":{"rendered":"\n\n\n<p>\u00a0\u00a0\u00a0Od czasu do czasu przyje\u017cd\u017cam tutaj na tydzie\u0144, by wej\u015b\u0107 w rytm kamedulskiej modlitwy. Ich Liturgia Godzin i sprawowanie Eucharystii nie maj\u0105 w sobie finezji i nie s\u0105 podobne do pi\u0119knej pod wzgl\u0119dem muzycznym modlitwy si\u00f3str betelejemitek. Oni modl\u0105 si\u0119 jakby r\u0105bali drewno. Rytmicznie, prosto, czasem si\u0119 nawet kto\u015b pomyli. Modl\u0105 si\u0119 hojnie, co wida\u0107 w programie dnia np wstaj\u0105 co noc na Godzin\u0119 Czyta\u0144 o 3:45. Lubi\u0119 t\u0119<span class=\"text_exposed_show\">&#8222;r\u0105bank\u0119&#8221; i modlitw\u0119 z dziesi\u0119cioma bia\u0142ymi mnichami. Nawet Brewiarz maj\u0105 tak du\u017cy (tzw. studyjny monastyczny), &#8222;drwalski&#8221;, \u017ce mogliby si\u0119 nim broni\u0107. <\/span><\/p>\n\n\n\n<!--more-->\n\n\n\n<p style=\"text-align: justify;\"><span class=\"text_exposed_show\">\u00a0 \u00a0Wok\u00f3\u0142 kamedulskich budynk\u00f3w z XVIII wieku rozci\u0105gaj\u0105 si\u0119 pi\u0119kne lasy koni\u0144skie. Chodzenie po nich jest nie tylko cz\u0119\u015bci\u0105 rekolekcji, ale i ma wymiar edukacyjny. Np wczoraj dowiedzia\u0142em si\u0119, czytaj\u0105c tablic\u0119 &#8222;le\u015bn\u0105&#8221;, \u017ce sze\u015b\u0107dziesi\u0119cioletnia sosna produkuje dziennie tlen, kt\u00f3rego potrzebuje troje doros\u0142ych os\u00f3b. Chodz\u0119 wi\u0119c, czasami nawet z kijkami, i wdycham, i u\u015bmiecham si\u0119 do sosen. Potem wracam do eremu kamedulskiego i oddycham &#8222;tlenem&#8221;, kt\u00f3ry rodzi si\u0119 z modlitwy. <br \/>\u00a0\u00a0\u00a0Czytam w tych dniach dwie ksi\u0105\u017cki. Kolejny tomik &#8222;Lectio Divina do Ewangelii Mateusza&#8221; autorstwa o. Innocezo Gargano. \u00d3w autor jest w\u0142oskim kamedu\u0142\u0105 i wspomina, \u017ce chrze\u015bcijanin potrzebuje nieustannego prze\u017cywania trzech faz \u017cycia: we wsp\u00f3lnocie, w samotno\u015bci i w ewangelizacji. Ciekawe! <br \/>Druga ksi\u0105\u017cka to &#8222;S\u0142owa pe\u0142ne ognia. Nie b\u00f3j si\u0119 w\u0142asnej s\u0142abo\u015bci&#8221;. Jest to historia Piotra Goursat, \u015bwieckiego katolika, kt\u00f3ry zaanga\u017cowa\u0142 si\u0119 w odnow\u0119 Ko\u015bcio\u0142a we Francji w XX wieku. Zmar\u0142 w 1991 roku. Dzisiaj toczy si\u0119 jego proces beatyfikacyjny. Piotr, cz\u0142owiek kultury, bogata osobowo\u015b\u0107, uczy\u0142 ludzi modlitwy. Tak powsta\u0142a Wsp\u00f3lnota Emmanuel, kt\u00f3ra dzisiaj liczy oko\u0142o 9 tys. cz\u0142onk\u00f3w i dzia\u0142a w 57 krajach. Jego duchowo\u015b\u0107 by\u0142a oparta na adoracji Naj\u015bwi\u0119tszego Sakramentu, modlitwie uwielbienia, mi\u0142o\u015bci do NMP i pragnieniu g\u0142oszenia Ewangelii. Cz\u0142onkowie za\u0142o\u017conej przez Piotra wsp\u00f3lnoty \u017cyj\u0105 w \u015bwiecie. Ciekawe, \u017ce arcybiskup Pary\u017ca, kardyna\u0142 Suhard by\u0142 bardzo zainteresowany dzia\u0142alno\u015bci\u0105 Piotra i spotyka\u0142 si\u0119 z nim co 3 tygodnie. We wspomnianej ksi\u0105\u017cce napotka\u0142em stwierdzenie, \u017ce kardyna\u0142 mia\u0142 dar s\u0142uchania, to umiej\u0119tno\u015b\u0107 bardzo dzisiaj potrzebna nam duchownym.\u00a0<\/span><\/p>\n\n\n","protected":false},"excerpt":{"rendered":"<p>\u00a0\u00a0\u00a0Od czasu do czasu przyje\u017cd\u017cam tutaj na tydzie\u0144, by wej\u015b\u0107 w rytm kamedulskiej modlitwy. Ich Liturgia Godzin i sprawowanie Eucharystii nie maj\u0105 w sobie finezji i nie s\u0105 podobne do pi\u0119knej pod wzgl\u0119dem muzycznym modlitwy si\u00f3str betelejemitek. Oni modl\u0105 si\u0119 jakby r\u0105bali drewno. Rytmicznie, prosto, czasem si\u0119 nawet kto\u015b pomyli. Modl\u0105 si\u0119 hojnie, co wida\u0107 [&hellip;]<\/p>\n","protected":false},"author":4,"featured_media":0,"comment_status":"closed","ping_status":"closed","sticky":false,"template":"","format":"standard","meta":{"footnotes":""},"categories":[9],"tags":[],"publishpress_future_action":{"enabled":false,"date":"1970-01-01 01:00:00","action":"","terms":[],"taxonomy":"","browser_timezone_offset":0},"_links":{"self":[{"href":"https:\/\/swmikolaj.org\/index.php\/wp-json\/wp\/v2\/posts\/4915"}],"collection":[{"href":"https:\/\/swmikolaj.org\/index.php\/wp-json\/wp\/v2\/posts"}],"about":[{"href":"https:\/\/swmikolaj.org\/index.php\/wp-json\/wp\/v2\/types\/post"}],"author":[{"embeddable":true,"href":"https:\/\/swmikolaj.org\/index.php\/wp-json\/wp\/v2\/users\/4"}],"replies":[{"embeddable":true,"href":"https:\/\/swmikolaj.org\/index.php\/wp-json\/wp\/v2\/comments?post=4915"}],"version-history":[{"count":5,"href":"https:\/\/swmikolaj.org\/index.php\/wp-json\/wp\/v2\/posts\/4915\/revisions"}],"predecessor-version":[{"id":4952,"href":"https:\/\/swmikolaj.org\/index.php\/wp-json\/wp\/v2\/posts\/4915\/revisions\/4952"}],"wp:attachment":[{"href":"https:\/\/swmikolaj.org\/index.php\/wp-json\/wp\/v2\/media?parent=4915"}],"wp:term":[{"taxonomy":"category","embeddable":true,"href":"https:\/\/swmikolaj.org\/index.php\/wp-json\/wp\/v2\/categories?post=4915"},{"taxonomy":"post_tag","embeddable":true,"href":"https:\/\/swmikolaj.org\/index.php\/wp-json\/wp\/v2\/tags?post=4915"}],"curies":[{"name":"wp","href":"https:\/\/api.w.org\/{rel}","templated":true}]}}