{"id":4903,"date":"2020-07-01T13:00:08","date_gmt":"2020-07-01T11:00:08","guid":{"rendered":"https:\/\/swmikolaj.org\/?p=4903"},"modified":"2020-07-01T13:00:08","modified_gmt":"2020-07-01T11:00:08","slug":"intencje-mszy-swietych-29-6-05-07-2020","status":"publish","type":"post","link":"https:\/\/swmikolaj.org\/index.php\/2020\/07\/01\/intencje-mszy-swietych-29-6-05-07-2020\/","title":{"rendered":"INTENCJE MSZY \u015aWI\u0118TYCH 29\/6 &#8211; 05\/07\/2020"},"content":{"rendered":"<table width=\"647\">\n<tbody>\n<tr>\n<td colspan=\"2\" width=\"647\">\n<p style=\"text-align: center;\"><strong>29\/06\/2020 Poniedzia\u0142ek<\/strong><\/p>\n<\/td>\n<\/tr>\n<tr>\n<td width=\"85\">\n<p style=\"text-align: center;\"><strong>08:00<\/strong><\/p>\n<\/td>\n<td width=\"562\">1.\u00a0\u00a0\u00a0\u00a0\u00a0 + Maria Szmidt &#8211; gregoria\u0144ska<\/p>\n<p>2.\u00a0\u00a0\u00a0\u00a0\u00a0 + Jan Czechowicz, Czes\u0142aw, J\u00f3zefa i Pawe\u0142, Anna i Pawe\u0142<\/td>\n<\/tr>\n<tr>\n<td width=\"85\">\n<p style=\"text-align: center;\"><strong>18:30<\/strong><\/p>\n<\/td>\n<td width=\"562\">1.\u00a0\u00a0\u00a0\u00a0\u00a0 B\u0142agalna o dar zdrowia i pomy\u015bln\u0105 operacj\u0119 dla Beaty<\/p>\n<p>2.\u00a0\u00a0\u00a0\u00a0\u00a0 + Piotr i Pawe\u0142 oraz rodzice z obojga stron<\/td>\n<\/tr>\n<tr>\n<td colspan=\"2\" width=\"647\">\n<p style=\"text-align: center;\"><strong>30\/06\/2020 Wtorek<\/strong><\/p>\n<\/td>\n<\/tr>\n<tr>\n<td width=\"85\">\n<p style=\"text-align: center;\"><strong>08:00<\/strong><\/p>\n<\/td>\n<td width=\"562\">1.\u00a0\u00a0\u00a0\u00a0\u00a0 + Maria Szmidt &#8211; gregoria\u0144ska<\/p>\n<p>2.\u00a0\u00a0\u00a0\u00a0\u00a0 + Lucyna, Stefan, W\u0142odzimierz, Krystyna, zmarli z rodziny Rogalskich, Makarewicz i Rejek<\/td>\n<\/tr>\n<tr>\n<td width=\"85\">\n<p style=\"text-align: center;\"><strong>18:30<\/strong><\/p>\n<\/td>\n<td width=\"562\">1.\u00a0\u00a0\u00a0\u00a0\u00a0 + Piotr Urban oraz Adam i rodzice z obojga stron<\/p>\n<p>2.\u00a0\u00a0\u00a0\u00a0\u00a0 + Helena Pek, Stanis\u0142aw, Roch i Roman<\/td>\n<\/tr>\n<tr>\n<td colspan=\"2\" width=\"647\">\n<p style=\"text-align: center;\"><strong>01\/07\/2020 \u015aroda<\/strong><\/p>\n<\/td>\n<\/tr>\n<tr>\n<td width=\"85\">\n<p style=\"text-align: center;\"><strong>08:00<\/strong><\/p>\n<\/td>\n<td width=\"562\">1.\u00a0\u00a0\u00a0\u00a0\u00a0 Dzi\u0119kczynno-b\u0142agalna w 20 rocznic\u0119 \u015bwi\u0119ce\u0144 kap\u0142a\u0144skich ks. Tomasza z pro\u015bb\u0105 o potrzebne \u0142aski i opiek\u0119 Matki Bo\u017cej<\/p>\n<p>2.\u00a0\u00a0\u00a0\u00a0\u00a0 + Henryk Niemczyk &#8211; gregoria\u0144ska<\/td>\n<\/tr>\n<tr>\n<td width=\"85\">\n<p style=\"text-align: center;\"><strong>10:00<\/strong><\/p>\n<\/td>\n<td width=\"562\">Pogrzeb \u015bp. Halina Flisikowska<\/td>\n<\/tr>\n<tr>\n<td width=\"85\">\n<p style=\"text-align: center;\"><strong>12:00<\/strong><\/p>\n<\/td>\n<td width=\"562\">Pogrzeb: \u015bp. Lucyna Grabowska<\/td>\n<\/tr>\n<tr>\n<td width=\"85\">\n<p style=\"text-align: center;\"><strong>18:30<\/strong><\/p>\n<\/td>\n<td width=\"562\">+ Danuta Soko\u0142owska w 2 rocz. \u015bmierci oraz dziadkowie<\/td>\n<\/tr>\n<tr>\n<td colspan=\"2\" width=\"647\">\n<p style=\"text-align: center;\"><strong>02\/07\/2020 Czwartek<\/strong><\/p>\n<\/td>\n<\/tr>\n<tr>\n<td width=\"85\">\n<p style=\"text-align: center;\"><strong>08:00<\/strong><\/p>\n<\/td>\n<td width=\"562\">+ Henryk Niemczyk &#8211; gregoria\u0144ska<\/td>\n<\/tr>\n<tr>\n<td width=\"85\">\n<p style=\"text-align: center;\"><strong>10:00<\/strong><\/p>\n<\/td>\n<td width=\"562\">Pogrzeb: \u015bp. Halina Sierzputowska<\/td>\n<\/tr>\n<tr>\n<td width=\"85\">\n<p style=\"text-align: center;\"><strong>18:30<\/strong><\/p>\n<\/td>\n<td width=\"562\">1.\u00a0\u00a0\u00a0\u00a0\u00a0 + Rodzice Janina i Stanis\u0142aw, dziadkowie z obojga stron, rodze\u0144stwo oraz ciocia Anna<\/p>\n<p>2.\u00a0\u00a0\u00a0\u00a0\u00a0 + Tadeusz w rocz. \u015bmierci oraz rodzice Bernadeta i Stanis\u0142aw, zmarli z rodziny Kurzy\u0144skich i Stankiewicz.<\/td>\n<\/tr>\n<tr>\n<td colspan=\"2\" width=\"647\">\n<p style=\"text-align: center;\"><strong>03\/07\/2020 Pi\u0105tek<\/strong><\/p>\n<\/td>\n<\/tr>\n<tr>\n<td width=\"85\">\n<p style=\"text-align: center;\"><strong>08:00<\/strong><\/p>\n<\/td>\n<td width=\"562\">1.\u00a0\u00a0\u00a0\u00a0\u00a0 + Henryk Niemczyk &#8211; gregoria\u0144ska<\/p>\n<p>2.\u00a0\u00a0\u00a0\u00a0\u00a0 + Jan \u015amilgiewicz w 8 rocz. \u015bmierci<\/td>\n<\/tr>\n<tr>\n<td width=\"85\">\n<p style=\"text-align: center;\"><strong>18:30<\/strong><\/p>\n<\/td>\n<td width=\"562\">+ \u0141ukasz Myszograj w 1 rocz. \u015bmierci<\/td>\n<\/tr>\n<tr>\n<td colspan=\"2\" width=\"647\">\n<p style=\"text-align: center;\"><strong>04\/07\/2020 Sobota<\/strong><\/p>\n<\/td>\n<\/tr>\n<tr>\n<td width=\"85\">\n<p style=\"text-align: center;\"><strong>08:00<\/strong><\/p>\n<\/td>\n<td width=\"562\">1.\u00a0\u00a0\u00a0\u00a0\u00a0 Dzi\u0119kczynno-b\u0142agalna w intencji IX R\u00f3\u017cy \u017bywego R\u00f3\u017ca\u0144ca z pro\u015bb\u0105 o zdrowie, Bo\u017ce b\u0142ogos\u0142awie\u0144stwo i opiek\u0119 Matki Bo\u017cej dla cz\u0142onki\u0144 i ich rodzin oraz o \u017cycie wieczne dla zmar\u0142ych<\/p>\n<p>2.\u00a0\u00a0\u00a0\u00a0\u00a0 + Henryk Niemczyk &#8211; gregoria\u0144ska<\/td>\n<\/tr>\n<tr>\n<td width=\"85\">\n<p style=\"text-align: center;\"><strong>10:30<\/strong><\/p>\n<\/td>\n<td width=\"562\">Pogrzeb: \u015bp. Krzysztof Stolarczyk, lat 70<\/td>\n<\/tr>\n<tr>\n<td width=\"85\">\n<p style=\"text-align: center;\"><strong>11:30<\/strong><\/p>\n<\/td>\n<td width=\"562\">Pogrzeb: \u015bp. J\u00f3zef Olszak, lat 85<\/td>\n<\/tr>\n<tr>\n<td width=\"85\">\n<p style=\"text-align: center;\"><strong>18:30<\/strong><\/p>\n<\/td>\n<td width=\"562\">+ Ewa w rocz. \u015bmierci i Ryszard Merk oraz zmarli z rodziny<\/td>\n<\/tr>\n<tr>\n<td width=\"85\"><strong>19:30DK<\/strong><\/td>\n<td width=\"562\">+ Kunegunda Kraus w 10 rocz. \u015bmierci<\/td>\n<\/tr>\n<tr>\n<td colspan=\"2\" width=\"647\">\n<p style=\"text-align: center;\"><strong>05\/07\/2020 <\/strong><\/p>\n<p style=\"text-align: center;\"><strong>XIV Niedziela Zwyk\u0142a<\/strong><\/p>\n<\/td>\n<\/tr>\n<tr>\n<td width=\"85\">\n<p style=\"text-align: center;\"><strong>08:00<\/strong><\/p>\n<\/td>\n<td width=\"562\">1.\u00a0\u00a0\u00a0\u00a0\u00a0 + Henryk Niemczyk &#8211; gregoria\u0144ska<\/p>\n<p>2.\u00a0\u00a0\u00a0\u00a0\u00a0 + Dawid w 3 rocz. \u015bmierci, Henryk, Anna, Bazyli, Zofia, Feliks, zmarli z rodziny Kortas i Kancyr.<\/td>\n<\/tr>\n<tr>\n<td width=\"85\">\n<p style=\"text-align: center;\"><strong>10:00<\/strong><\/p>\n<\/td>\n<td width=\"562\">W intencji parafii<\/td>\n<\/tr>\n<tr>\n<td width=\"85\">\n<p style=\"text-align: center;\"><strong>11:30<\/strong><\/p>\n<\/td>\n<td width=\"562\">+ Zdzis\u0142aw i te\u015bciowie<\/td>\n<\/tr>\n<tr>\n<td width=\"85\">\n<p style=\"text-align: center;\"><strong>13:00<\/strong><\/p>\n<\/td>\n<td width=\"562\">+ Dzi\u0119kczynno-b\u0142agalna w intencji dzieci i wnuk\u00f3w<\/td>\n<\/tr>\n<tr>\n<td width=\"85\">\n<p style=\"text-align: center;\"><strong>18:30<\/strong><\/p>\n<\/td>\n<td width=\"562\">+ Jan Fras w 17 rocz. \u015bmierci, Alfons Naczke oraz Wanda, Zenon, Leon i Franciszek Konkol<\/td>\n<\/tr>\n<\/tbody>\n<\/table>\n","protected":false},"excerpt":{"rendered":"<p>29\/06\/2020 Poniedzia\u0142ek 08:00 1.\u00a0\u00a0\u00a0\u00a0\u00a0 + Maria Szmidt &#8211; gregoria\u0144ska 2.\u00a0\u00a0\u00a0\u00a0\u00a0 + Jan Czechowicz, Czes\u0142aw, J\u00f3zefa i Pawe\u0142, Anna i Pawe\u0142 18:30 1.\u00a0\u00a0\u00a0\u00a0\u00a0 B\u0142agalna o dar zdrowia i pomy\u015bln\u0105 operacj\u0119 dla Beaty 2.\u00a0\u00a0\u00a0\u00a0\u00a0 + Piotr i Pawe\u0142 oraz rodzice z obojga stron 30\/06\/2020 Wtorek 08:00 1.\u00a0\u00a0\u00a0\u00a0\u00a0 + Maria Szmidt &#8211; gregoria\u0144ska 2.\u00a0\u00a0\u00a0\u00a0\u00a0 + Lucyna, Stefan, W\u0142odzimierz, [&hellip;]<\/p>\n","protected":false},"author":6,"featured_media":0,"comment_status":"closed","ping_status":"closed","sticky":false,"template":"","format":"standard","meta":{"footnotes":""},"categories":[10],"tags":[],"publishpress_future_action":{"enabled":false,"date":"1970-01-01 01:00:00","action":"","terms":[],"taxonomy":"","browser_timezone_offset":0},"_links":{"self":[{"href":"https:\/\/swmikolaj.org\/index.php\/wp-json\/wp\/v2\/posts\/4903"}],"collection":[{"href":"https:\/\/swmikolaj.org\/index.php\/wp-json\/wp\/v2\/posts"}],"about":[{"href":"https:\/\/swmikolaj.org\/index.php\/wp-json\/wp\/v2\/types\/post"}],"author":[{"embeddable":true,"href":"https:\/\/swmikolaj.org\/index.php\/wp-json\/wp\/v2\/users\/6"}],"replies":[{"embeddable":true,"href":"https:\/\/swmikolaj.org\/index.php\/wp-json\/wp\/v2\/comments?post=4903"}],"version-history":[{"count":1,"href":"https:\/\/swmikolaj.org\/index.php\/wp-json\/wp\/v2\/posts\/4903\/revisions"}],"predecessor-version":[{"id":4904,"href":"https:\/\/swmikolaj.org\/index.php\/wp-json\/wp\/v2\/posts\/4903\/revisions\/4904"}],"wp:attachment":[{"href":"https:\/\/swmikolaj.org\/index.php\/wp-json\/wp\/v2\/media?parent=4903"}],"wp:term":[{"taxonomy":"category","embeddable":true,"href":"https:\/\/swmikolaj.org\/index.php\/wp-json\/wp\/v2\/categories?post=4903"},{"taxonomy":"post_tag","embeddable":true,"href":"https:\/\/swmikolaj.org\/index.php\/wp-json\/wp\/v2\/tags?post=4903"}],"curies":[{"name":"wp","href":"https:\/\/api.w.org\/{rel}","templated":true}]}}