{"id":4810,"date":"2020-06-19T15:54:42","date_gmt":"2020-06-19T13:54:42","guid":{"rendered":"https:\/\/swmikolaj.org\/?p=4810"},"modified":"2020-06-19T15:54:42","modified_gmt":"2020-06-19T13:54:42","slug":"intencje-mszy-swietych-22-28-06-2020","status":"publish","type":"post","link":"https:\/\/swmikolaj.org\/index.php\/2020\/06\/19\/intencje-mszy-swietych-22-28-06-2020\/","title":{"rendered":"INTENCJE MSZY \u015aWI\u0118TYCH 22 &#8211; 28\/06\/2020"},"content":{"rendered":"<table width=\"647\">\n<tbody>\n<tr>\n<td colspan=\"2\" width=\"647\">\n<p style=\"text-align: center;\"><strong>22\/06\/2020 Poniedzia\u0142ek<\/strong><\/p>\n<\/td>\n<\/tr>\n<tr>\n<td width=\"85\">\n<p style=\"text-align: center;\"><strong>08:00<\/strong><\/p>\n<\/td>\n<td width=\"562\">1.\u00a0\u00a0\u00a0\u00a0\u00a0 + Maria Szmidt &#8211; gregoria\u0144ska<\/p>\n<p>2.\u00a0\u00a0\u00a0\u00a0\u00a0 + Rodzice z obojga stron W\u0142adys\u0142awa i Marcel Dolata, Anna i Stanis\u0142aw Izdebscy oraz zmarli z rodziny<\/td>\n<\/tr>\n<tr>\n<td width=\"85\">\n<p style=\"text-align: center;\"><strong>10:30<\/strong><\/p>\n<\/td>\n<td width=\"562\">Pogrzeb: \u015bp. Janina Jacak, lat 88<\/td>\n<\/tr>\n<tr>\n<td width=\"85\">\n<p style=\"text-align: center;\"><strong>12:00<\/strong><\/p>\n<\/td>\n<td width=\"562\">Pogrzeb: \u015bp. Krystyna Baltyn, lat 88<\/td>\n<\/tr>\n<tr>\n<td width=\"85\">\n<p style=\"text-align: center;\"><strong>18:30<\/strong><\/p>\n<\/td>\n<td width=\"562\">1.\u00a0\u00a0\u00a0\u00a0\u00a0 Dzi\u0119kczynno-b\u0142agalna w intencji Joanny i Marka w 30 rocz. \u015blubu z pro\u015bb\u0105 o Bo\u017ce b\u0142ogos\u0142awie\u0144stwo i opiek\u0119 Matki Bo\u017cej dla Jubilat\u00f3w i ca\u0142ej rodziny<\/p>\n<p>2.\u00a0\u00a0\u00a0\u00a0\u00a0 B\u0142agalna o dar zdrowia i wszelkie potrzebne \u0142aski dla Magdaleny<\/p>\n<p>3.\u00a0\u00a0\u00a0\u00a0\u00a0 + Ojciec Bronis\u0142aw Kila<\/td>\n<\/tr>\n<tr>\n<td colspan=\"2\" width=\"647\">\n<p style=\"text-align: center;\"><strong>23\/06\/2020 Wtorek<\/strong><\/p>\n<\/td>\n<\/tr>\n<tr>\n<td width=\"85\">\n<p style=\"text-align: center;\"><strong>08:00<\/strong><\/p>\n<\/td>\n<td width=\"562\">1.\u00a0\u00a0\u00a0\u00a0\u00a0 + Maria Szmidt \u2013 gregoria\u0144ska<\/p>\n<p>2.\u00a0\u00a0\u00a0\u00a0\u00a0 + Barbara Sob\u00f3l\u00a0 w 1 rocz. \u015bmierci<\/td>\n<\/tr>\n<tr>\n<td width=\"85\">\n<p style=\"text-align: center;\"><strong>18:30<\/strong><\/p>\n<\/td>\n<td width=\"562\">1.\u00a0\u00a0\u00a0\u00a0\u00a0 Dzi\u0119kczynno-b\u0142agalna w intencji Iwony i Janusza w 35 rocz. \u015blubu z pro\u015bb\u0105 o Bo\u017ce b\u0142ogos\u0142awie\u0144stwo i opiek\u0119 Matki Bo\u017cej dla Jubilat\u00f3w i ca\u0142ej rodziny<\/p>\n<p>2.\u00a0\u00a0\u00a0\u00a0\u00a0 + Stanis\u0142awa w 15 rocz. \u015bmierci<\/p>\n<p>3.\u00a0\u00a0\u00a0\u00a0\u00a0 + Zmarli z rodzin Krawczyk, Gerke, Miko\u0142ajewskich, Mrozi\u0144skich oraz dziadkowie z obojga stron<\/td>\n<\/tr>\n<tr>\n<td width=\"85\"><strong>20:00DK<\/strong><\/td>\n<td width=\"562\">+ Eugeniusz Grucha\u0142a w 10 rocz. \u015bmierci oraz \u017cona Alicja i rodzice z obojga stron<\/td>\n<\/tr>\n<tr>\n<td colspan=\"2\" width=\"647\">\n<p style=\"text-align: center;\"><strong>24\/06\/2020 \u015aroda<\/strong><\/p>\n<\/td>\n<\/tr>\n<tr>\n<td width=\"85\">\n<p style=\"text-align: center;\"><strong>08:00<\/strong><\/p>\n<\/td>\n<td width=\"562\">1.\u00a0\u00a0\u00a0\u00a0\u00a0 Dzi\u0119kczynno-b\u0142agalna w 59 rocz. \u015blubu Heleny i W\u0142adys\u0142awa z podzi\u0119kowaniem za odebrane \u0142aski z pro\u015bb\u0105 z pro\u015bb\u0105 o dar zdrowia i dalsze b\u0142ogos\u0142awie\u0144stwo dla ca\u0142ej rodziny<\/p>\n<p>2.\u00a0\u00a0\u00a0\u00a0\u00a0 Dzi\u0119kczynno-b\u0142agalna w dniu imienin Janiny<\/p>\n<p>3.\u00a0\u00a0\u00a0\u00a0\u00a0 + Maria Szmidt &#8211; gregoria\u0144ska<\/td>\n<\/tr>\n<tr>\n<td width=\"85\">\n<p style=\"text-align: center;\"><strong>18:30<\/strong><\/p>\n<\/td>\n<td width=\"562\">1.\u00a0\u00a0\u00a0\u00a0\u00a0 Dzi\u0119kczynno-b\u0142agalna z pro\u015bb\u0105 o Bo\u017ce b\u0142ogos\u0142awie\u0144stwo i opiek\u0119 Matki Bo\u017cej dla ca\u0142ej rodziny<\/p>\n<p>2.\u00a0\u00a0\u00a0\u00a0\u00a0 Dzi\u0119kczynno-b\u0142agalna w 1 rocz. urodzin Kacpra oraz za Roberta jego brat i za Macieja<\/td>\n<\/tr>\n<tr>\n<td colspan=\"2\" width=\"647\">\n<p style=\"text-align: center;\"><strong>25\/06\/2020 Czwartek<\/strong><\/p>\n<\/td>\n<\/tr>\n<tr>\n<td width=\"85\">\n<p style=\"text-align: center;\"><strong>08:00<\/strong><\/p>\n<\/td>\n<td width=\"562\">1.\u00a0\u00a0\u00a0\u00a0\u00a0 + Maria Szmidt &#8211; gregoria\u0144ska<\/p>\n<p>2.\u00a0\u00a0\u00a0\u00a0\u00a0 + Henryk Niemczyk w 3 rocz. \u015bmierci<\/td>\n<\/tr>\n<tr>\n<td width=\"85\">\n<p style=\"text-align: center;\"><strong>18:30<\/strong><\/p>\n<\/td>\n<td width=\"562\">1.\u00a0\u00a0\u00a0\u00a0\u00a0 + Irena Sander, Ryszard Indyk, W\u0142adys\u0142aw Zakrzacki, Stanis\u0142aw Krauze, Teresa Bara\u0144ska, Maria Kaszuba, Stefania Narloch, Marianna Jeszke, Barbara W\u00f3jcik, Urszula Rylska, Halina Kosiedowska, Bronis\u0142aw Bieszke, Mariann Kallas,<\/p>\n<p>2.\u00a0\u00a0\u00a0\u00a0\u00a0 + Dariusz Fitu\u0142\u0105 w 4 rocz. \u015bmier\u0107, Cecylia w 26 rocz. \u015bmierci, Mieczys\u0142aw, Kazimierz, Zofia, Zbigniew, Arkadiusz, Micha\u0142 i Stanis\u0142awa<\/p>\n<p>3.\u00a0\u00a0\u00a0\u00a0\u00a0 + Maria Kaszuba<\/td>\n<\/tr>\n<tr>\n<td colspan=\"2\" width=\"647\">\n<p style=\"text-align: center;\"><strong>26\/06\/2020 Pi\u0105tek<\/strong><\/p>\n<\/td>\n<\/tr>\n<tr>\n<td width=\"85\">\n<p style=\"text-align: center;\"><strong>08:00<\/strong><\/p>\n<\/td>\n<td width=\"562\">1.\u00a0\u00a0\u00a0\u00a0\u00a0 + Janina i Jan Basiak oraz Janina i W\u0142adys\u0142awa Czubaszak<\/p>\n<p>2.\u00a0\u00a0\u00a0\u00a0\u00a0 + Jan, Tadeusz, Gertruda, Helena<\/td>\n<\/tr>\n<tr>\n<td width=\"85\">\n<p style=\"text-align: center;\"><strong>18:30<\/strong><\/p>\n<\/td>\n<td width=\"562\">1.\u00a0\u00a0\u00a0\u00a0\u00a0 + Maria Szmidt \u2013 gregoria\u0144ska<\/p>\n<p>2.\u00a0\u00a0\u00a0\u00a0\u00a0 + Zygmunt, Ryszard, Janina zmarli z rodziny Naumiler, Wro\u0144skich i Marcjanik, kuzyni Dariusz i Mariusz, zmarli w czy\u015b\u0107cu<\/p>\n<p>3.\u00a0\u00a0\u00a0\u00a0\u00a0 + Jan Ciechowicz z okazji imienin i urodzin<\/td>\n<\/tr>\n<tr>\n<td colspan=\"2\" width=\"647\">\n<p style=\"text-align: center;\"><strong>27\/06\/2020 Sobota<\/strong><\/p>\n<\/td>\n<\/tr>\n<tr>\n<td width=\"85\">\n<p style=\"text-align: center;\"><strong>08:00<\/strong><\/p>\n<\/td>\n<td width=\"562\">1.\u00a0\u00a0\u00a0\u00a0\u00a0 Dzi\u0119kczynno-b\u0142agalna w rocz. urodzin Matyldy z pro\u015bb\u0105 o wszelkie dobro dla Jubilatki i ca\u0142ej rodziny<\/p>\n<p>2.\u00a0\u00a0\u00a0\u00a0\u00a0 + Maria Szmidt \u2013 gregoria\u0144ska<\/p>\n<p>3.\u00a0\u00a0\u00a0\u00a0\u00a0 + Rodzice Stanis\u0142aw i Maria Koty\u0144scy<\/td>\n<\/tr>\n<tr>\n<td width=\"85\">\n<p style=\"text-align: center;\"><strong>18:30<\/strong><\/p>\n<\/td>\n<td width=\"562\">+ M\u0105\u017c W\u0142adys\u0142aw w dniu imienin oraz rodzice z obojga stron<\/td>\n<\/tr>\n<tr>\n<td colspan=\"2\" width=\"647\">\n<p style=\"text-align: center;\"><strong>28\/06\/2020<\/strong><\/p>\n<p style=\"text-align: center;\"><strong>XIII Niedziela Zwyk\u0142a<\/strong><\/p>\n<\/td>\n<\/tr>\n<tr>\n<td width=\"85\">\n<p style=\"text-align: center;\"><strong>08:00<\/strong><\/p>\n<\/td>\n<td width=\"562\">1.\u00a0\u00a0\u00a0\u00a0\u00a0 + Kamil w dniu urodzin, Anna w 17 rocz. \u015bmierci, rodzice z obojga stron, zmarli z rodz. Nierzwickich i Wons<\/p>\n<p>2.\u00a0\u00a0\u00a0\u00a0\u00a0 + Maria Szmidt &#8211; gregoria\u0144ska<\/td>\n<\/tr>\n<tr>\n<td width=\"85\">\n<p style=\"text-align: center;\"><strong>10:00<\/strong><\/p>\n<\/td>\n<td width=\"562\">W intencji parafii<\/td>\n<\/tr>\n<tr>\n<td width=\"85\">\n<p style=\"text-align: center;\"><strong>11:30<\/strong><\/p>\n<\/td>\n<td width=\"562\">+ Kazimierz Korzeniewski w 3 rocz. \u015bmierci Stanis\u0142aw i Helena Szwarc, Stanis\u0142aw i Julianna Korzeniewscy, Teresa, Piotr, Renata, Regina<\/td>\n<\/tr>\n<tr>\n<td width=\"85\">\n<p style=\"text-align: center;\"><strong>13:00<\/strong><\/p>\n<\/td>\n<td width=\"562\">Dzi\u0119kuj\u0105c Bogu za wsp\u00f3lnie prze\u017cytych 50 lat prosimy o zdrowie, b\u0142ogos\u0142awie\u0144stwo na dalsze lata, opiek\u0119 Matki Boskiej dla Danuty i Jana Iwa\u0144owskich oraz rodziny<\/td>\n<\/tr>\n<tr>\n<td width=\"85\">\n<p style=\"text-align: center;\"><strong>18:30<\/strong><\/p>\n<\/td>\n<td width=\"562\">Dzi\u0119kczynno-b\u0142agalna w 31 rocz. urodzin syna Micha\u0142a z pro\u015bb\u0105 o potrzebne \u0142aski na dalsze lata<\/td>\n<\/tr>\n<\/tbody>\n<\/table>\n","protected":false},"excerpt":{"rendered":"<p>22\/06\/2020 Poniedzia\u0142ek 08:00 1.\u00a0\u00a0\u00a0\u00a0\u00a0 + Maria Szmidt &#8211; gregoria\u0144ska 2.\u00a0\u00a0\u00a0\u00a0\u00a0 + Rodzice z obojga stron W\u0142adys\u0142awa i Marcel Dolata, Anna i Stanis\u0142aw Izdebscy oraz zmarli z rodziny 10:30 Pogrzeb: \u015bp. Janina Jacak, lat 88 12:00 Pogrzeb: \u015bp. Krystyna Baltyn, lat 88 18:30 1.\u00a0\u00a0\u00a0\u00a0\u00a0 Dzi\u0119kczynno-b\u0142agalna w intencji Joanny i Marka w 30 rocz. \u015blubu z pro\u015bb\u0105 [&hellip;]<\/p>\n","protected":false},"author":6,"featured_media":0,"comment_status":"closed","ping_status":"closed","sticky":false,"template":"","format":"standard","meta":{"footnotes":""},"categories":[10],"tags":[],"publishpress_future_action":{"enabled":false,"date":"1970-01-01 01:00:00","action":"","terms":[],"taxonomy":"","browser_timezone_offset":0},"_links":{"self":[{"href":"https:\/\/swmikolaj.org\/index.php\/wp-json\/wp\/v2\/posts\/4810"}],"collection":[{"href":"https:\/\/swmikolaj.org\/index.php\/wp-json\/wp\/v2\/posts"}],"about":[{"href":"https:\/\/swmikolaj.org\/index.php\/wp-json\/wp\/v2\/types\/post"}],"author":[{"embeddable":true,"href":"https:\/\/swmikolaj.org\/index.php\/wp-json\/wp\/v2\/users\/6"}],"replies":[{"embeddable":true,"href":"https:\/\/swmikolaj.org\/index.php\/wp-json\/wp\/v2\/comments?post=4810"}],"version-history":[{"count":1,"href":"https:\/\/swmikolaj.org\/index.php\/wp-json\/wp\/v2\/posts\/4810\/revisions"}],"predecessor-version":[{"id":4811,"href":"https:\/\/swmikolaj.org\/index.php\/wp-json\/wp\/v2\/posts\/4810\/revisions\/4811"}],"wp:attachment":[{"href":"https:\/\/swmikolaj.org\/index.php\/wp-json\/wp\/v2\/media?parent=4810"}],"wp:term":[{"taxonomy":"category","embeddable":true,"href":"https:\/\/swmikolaj.org\/index.php\/wp-json\/wp\/v2\/categories?post=4810"},{"taxonomy":"post_tag","embeddable":true,"href":"https:\/\/swmikolaj.org\/index.php\/wp-json\/wp\/v2\/tags?post=4810"}],"curies":[{"name":"wp","href":"https:\/\/api.w.org\/{rel}","templated":true}]}}