{"id":44274,"date":"2022-12-09T15:26:44","date_gmt":"2022-12-09T14:26:44","guid":{"rendered":"https:\/\/swmikolaj.org\/?p=44274"},"modified":"2022-12-14T23:24:09","modified_gmt":"2022-12-14T22:24:09","slug":"ogloszenia-duszpasterskie-11-12-2022-r","status":"publish","type":"post","link":"https:\/\/swmikolaj.org\/index.php\/2022\/12\/09\/ogloszenia-duszpasterskie-11-12-2022-r\/","title":{"rendered":"Og\u0142oszenia Duszpasterskie, 11.12.2022 r."},"content":{"rendered":"<p style=\"text-align: justify;\"><span style=\"font-size: 18pt;\"><strong>1.<\/strong> <\/span>Roraty sprawujemy od poniedzia\u0142ku do soboty o 6:45; dzieci zapraszamy od poniedzia\u0142ku do pi\u0105tku. Po Roratach b\u0119dzie kakao w domu parafialnym.<br><span style=\"font-size: 18pt;\"><strong>2.<\/strong> <\/span>Jutrznia sprawowana jest w Adwencie od poniedzia\u0142ku do pi\u0105tku o 5:45 w sali nr 10. Zapraszamy wszystkich ch\u0119tnych. Modlitwa potrwa ok. 45 min.<\/p>\n\n\n<!--more-->\n\n\n<p style=\"text-align: justify;\"><span style=\"font-size: 18pt;\"><strong>3.<\/strong> <\/span>Adoracja Naj\u015bwi\u0119tszego Sakramentu odbywa si\u0119 w dolnym ko\u015bciele od poniedzia\u0142ku do soboty, od 8:40 do 18:20.<br \/><span style=\"font-size: 18pt;\"><strong>4.<\/strong> <\/span>W sobot\u0119, 17 grudnia przypada 52 rocznica wydarze\u0144 z grudnia 1970 roku. W modlitwie wspomina\u0107 b\u0119dziemy zabitych naszych parafian m.in.: Brunona Dryw\u0119, Janusza \u017bebrowskiego i Zygmunta Glinieckiego.<br \/><span style=\"font-size: 18pt;\"><strong>5.<\/strong><\/span> Msza \u015bwi\u0119ta w intencji o uproszenie zdrowia duszy i cia\u0142a b\u0119dzie sprawowana w niedziel\u0119, 18 grudnia o 18:30. Zapraszamy wszystkich chorych i cierpi\u0105cych.<br \/><span style=\"font-size: 18pt;\"><strong>6.<\/strong> <\/span>W Wigili\u0119, w sobot\u0119, 24 grudnia b\u0119dziemy sprawowa\u0107 Msze \u015bwi\u0119te w nast\u0119puj\u0105cym porz\u0105dku: 6:45 i 8:00 (Liturgie adwentowe) , a wieczorem: Msza \u015awi\u0119ta wigilijna z uroczysto\u015bci Bo\u017cego Narodzenia o 16:00 z udzia\u0142em dzieci, z kol\u0119dowaniem na r\u00f3\u017cnych instrumentach. W nocy za\u015b zapraszamy na tradycyjne Msze Pasterskie o 22:00 i 24:00.<br \/><span style=\"font-size: 18pt;\"><strong>7.<\/strong> <\/span>Szczeg\u00f3ln\u0105 okazj\u0105 do spowiedzi przed\u015bwi\u0105tecznej b\u0119dzie nabo\u017ce\u0144stwo pokutne ze spowiedzi\u0105 \u015bwi\u0119t\u0105 we czwartek, 22 grudnia o 19:15 w g\u00f3rnym ko\u015bciele. To nabo\u017ce\u0144stwo pozwoli nam g\u0142\u0119biej prze\u017cy\u0107 Sakrament Pokuty.<br \/><span style=\"font-size: 18pt;\"><strong>8.<\/strong> <\/span>Ju\u017c dzisiaj zapraszamy osoby samotne na spotkanie wigilijne z wydawaniem ciep\u0142ego posi\u0142ku i paczki oraz ze \u015bpiewem kol\u0119d w sobot\u0119, 24 grudnia o 15:00. Po spotkaniu pod ko\u015bcio\u0142em udamy si\u0119 do domu parafialnego na kol\u0119dowanie. <br \/><span style=\"font-size: 18pt;\"><strong>9.<\/strong> <\/span>Trwa zbi\u00f3rka \u017cywno\u015bci, kt\u00f3r\u0105 chcemy przekaza\u0107 na \u015awi\u0119ta najbardziej potrzebuj\u0105cym. Zach\u0119camy te\u017c do wsparcia Parafialnego Zespo\u0142u Caritas, poprzez wp\u0142aty na konto. <br \/><span style=\"font-size: 18pt;\"><strong>10.<\/strong><\/span> Szko\u0142a Ewangelizacji Magnifiacat zaprasza wszystkich ch\u0119tnych na Eucharysti\u0119 we wtorek, 13 grudnia o 19:15 w dolnym ko\u015bciele.<br \/><span style=\"font-size: 18pt;\"><strong>11.<\/strong> <\/span>Spotkanie Klubu Seniora odb\u0119dzie si\u0119 w \u015brod\u0119 o 9:00 w sali nr 5 domu parafialnego.<br \/><span style=\"font-size: 18pt;\"><strong>12.<\/strong><\/span> Cykl trzech wyk\u0142ad\u00f3w \u201e\u0141aska i natura\u201d odbywa si\u0119 w dolnym ko\u015bciele przez trzy kolejne \u015brody o 19:15. G\u0142osi je Ewa Kuczkowska. Drugi odb\u0119dzie si\u0119 14 grudnia i jest zatytu\u0142owany \u201ePrzebaczenie\u201d. Wst\u0119p wolny. <br \/><span style=\"font-size: 18pt;\"><strong>13.<\/strong><\/span> Serdecznie zapraszamy do \u015awi\u0105tecznej Kawiarenki prowadzonej przez m\u0142odzie\u017c ze Stowarzyszenia \u015awi\u0119tego Miko\u0142aja Biskupa. W ofercie kawa, herbata, s\u0142odki pocz\u0119stunek i wyst\u0119py artystyczne. Kawiarenka b\u0119dzie czynna w sobot\u0119, 17 grudnia od godz. 15:30 w budynku starej plebanii, wej\u015bcie przez furtk\u0119 ogrodow\u0105.<br \/><span style=\"font-size: 18pt;\"><strong>14.<\/strong><\/span> Spotkanie op\u0142atkowe Czcicieli Mi\u0142osierdzia Bo\u017cego i Apostolatu Maryjnego, odb\u0119dzie si\u0119 w niedziel\u0119, 18 grudnia o godz. 16:00 w kawiarence w domu parafialnym.<br \/><span style=\"font-size: 18pt;\"><strong>15.<\/strong><\/span> Op\u0142atek mo\u017cna naby\u0107 dzisiaj po ka\u017cdej Mszy \u015bwi\u0119tej u pana organisty.<br \/><span style=\"font-size: 18pt;\"><strong>16.<\/strong><\/span> Do poniedzia\u0142ku w\u0142\u0105cznie zbieramy zapisy na zbli\u017caj\u0105c\u0105 si\u0119 kol\u0119d\u0119.<\/p>\n<p style=\"text-align: center;\">W minionych dniach zmarli:<br \/>Janina G\u0142\u0105biowska, lat 84; Adam Myszkowski, lat 48; <br \/>Krzysztof Rachwalski, lat 51; Gerard Hebel, lat 42.<\/p>\n\n\n<div class=\"wp-block-file\"><a href=\"https:\/\/swmikolaj.org\/wp-content\/uploads\/2022\/12\/Biuletyn-Parafialny-2022-12-11.pdf\">Biuletyn-Parafialny-2022-12-11<\/a><a href=\"https:\/\/swmikolaj.org\/wp-content\/uploads\/2022\/12\/Biuletyn-Parafialny-2022-12-11.pdf\" class=\"wp-block-file__button\" download>Pobierz<\/a><\/div>\n","protected":false},"excerpt":{"rendered":"<p>1. Roraty sprawujemy od poniedzia\u0142ku do soboty o 6:45; dzieci zapraszamy od poniedzia\u0142ku do pi\u0105tku. Po Roratach b\u0119dzie kakao w domu parafialnym.2. Jutrznia sprawowana jest w Adwencie od poniedzia\u0142ku do pi\u0105tku o 5:45 w sali nr 10. Zapraszamy wszystkich ch\u0119tnych. Modlitwa potrwa ok. 45 min.<\/p>\n","protected":false},"author":6,"featured_media":0,"comment_status":"closed","ping_status":"closed","sticky":false,"template":"","format":"standard","meta":{"footnotes":""},"categories":[8,12],"tags":[],"publishpress_future_action":{"enabled":false,"date":"1970-01-01 01:00:00","action":"","terms":[],"taxonomy":"","browser_timezone_offset":0},"_links":{"self":[{"href":"https:\/\/swmikolaj.org\/index.php\/wp-json\/wp\/v2\/posts\/44274"}],"collection":[{"href":"https:\/\/swmikolaj.org\/index.php\/wp-json\/wp\/v2\/posts"}],"about":[{"href":"https:\/\/swmikolaj.org\/index.php\/wp-json\/wp\/v2\/types\/post"}],"author":[{"embeddable":true,"href":"https:\/\/swmikolaj.org\/index.php\/wp-json\/wp\/v2\/users\/6"}],"replies":[{"embeddable":true,"href":"https:\/\/swmikolaj.org\/index.php\/wp-json\/wp\/v2\/comments?post=44274"}],"version-history":[{"count":2,"href":"https:\/\/swmikolaj.org\/index.php\/wp-json\/wp\/v2\/posts\/44274\/revisions"}],"predecessor-version":[{"id":44277,"href":"https:\/\/swmikolaj.org\/index.php\/wp-json\/wp\/v2\/posts\/44274\/revisions\/44277"}],"wp:attachment":[{"href":"https:\/\/swmikolaj.org\/index.php\/wp-json\/wp\/v2\/media?parent=44274"}],"wp:term":[{"taxonomy":"category","embeddable":true,"href":"https:\/\/swmikolaj.org\/index.php\/wp-json\/wp\/v2\/categories?post=44274"},{"taxonomy":"post_tag","embeddable":true,"href":"https:\/\/swmikolaj.org\/index.php\/wp-json\/wp\/v2\/tags?post=44274"}],"curies":[{"name":"wp","href":"https:\/\/api.w.org\/{rel}","templated":true}]}}