{"id":44141,"date":"2022-12-08T16:41:36","date_gmt":"2022-12-08T15:41:36","guid":{"rendered":"https:\/\/swmikolaj.org\/?p=44141"},"modified":"2022-12-08T16:41:38","modified_gmt":"2022-12-08T15:41:38","slug":"intencje-mszy-swietych-05-11-12-2022","status":"publish","type":"post","link":"https:\/\/swmikolaj.org\/index.php\/2022\/12\/08\/intencje-mszy-swietych-05-11-12-2022\/","title":{"rendered":"INTENCJE MSZY \u015aWI\u0118TYCH 05 &#8211; 11\/12\/2022"},"content":{"rendered":"\n<table width=\"647\">\n<tbody>\n<tr>\n<td colspan=\"2\" width=\"647\">\n<p><strong>05\/12\/2022 Poniedzia\u0142ek<\/strong><\/p>\n<\/td>\n<\/tr>\n<tr>\n<td width=\"85\">\n<p><strong>08:00<\/strong><\/p>\n<\/td>\n<td width=\"562\">\n<p>1.\u00a0\u00a0\u00a0\u00a0\u00a0 + Rodzice Katarzyna i Stanis\u0142aw, Leokadia i Mieczys\u0142aw, rodze\u0144stwo: J\u00f3zef, Halina, Jan, Barbara, Alicja, wnuk Rafa\u0142 oraz zmarli z rodziny Trojanowskich i Pikul<\/p>\n<p>2.\u00a0\u00a0\u00a0\u00a0\u00a0 + Zmarli w czy\u015b\u0107cu<\/p>\n<p>3.\u00a0\u00a0\u00a0\u00a0\u00a0 + Monika Hejducka &#8211; gregoria\u0144ska<\/p>\n<\/td>\n<\/tr>\n<tr>\n<td width=\"85\">\n<p><strong>18:30<\/strong><\/p>\n<\/td>\n<td width=\"562\">\n<p>1.\u00a0\u00a0\u00a0\u00a0\u00a0 + M\u0105\u017c Stanis\u0142aw w 32 rocz. \u015bmierci oraz zmarli z rodzin Klaman, Szatkowskich, Odya<\/p>\n<p>2.\u00a0\u00a0\u00a0\u00a0\u00a0 + \u017bona Zofia Lademann w 2 rocz. \u015bmierci<\/p>\n<p>3.\u00a0\u00a0\u00a0\u00a0\u00a0 + Halina Bonar &#8211; gregoria\u0144ska<\/p>\n<\/td>\n<\/tr>\n<tr>\n<td colspan=\"2\" width=\"647\">\n<p><strong>06\/12\/2022 Wtorek<\/strong><\/p>\n<\/td>\n<\/tr>\n<tr>\n<td width=\"85\">\n<p><strong>08:00<\/strong><\/p>\n<\/td>\n<td width=\"562\">\n<p>1.\u00a0\u00a0\u00a0\u00a0\u00a0 + Halina Bonar &#8211; gregoria\u0144ska<\/p>\n<p>2.\u00a0\u00a0\u00a0\u00a0\u00a0 + Monika Hejducka &#8211; gregoria\u0144ska<\/p>\n<\/td>\n<\/tr>\n<tr>\n<td width=\"85\">\n<p><strong>11:00<\/strong><\/p>\n<\/td>\n<td width=\"562\">\n<p>Pogrzeb: \u015bp. Czes\u0142aw Bobrek, lat 83<\/p>\n<\/td>\n<\/tr>\n<tr>\n<td width=\"85\">\n<p><strong>17:00<\/strong><\/p>\n<\/td>\n<td width=\"562\">\n<p>+ M\u0105\u017c Aleksander Bia\u0142k, rodzice z obojga stron, Anna i J\u00f3zef Kumorek oraz zmarli z rodziny Janik\u00f3w<\/p>\n<\/td>\n<\/tr>\n<tr>\n<td width=\"85\">\n<p><strong>18:30<\/strong><\/p>\n<\/td>\n<td width=\"562\">\n<p>1.\u00a0\u00a0\u00a0\u00a0\u00a0 W intencji gdy\u0144skiego ogniska Sychar w 6 rocz. powstania<\/p>\n<p>2.\u00a0\u00a0\u00a0\u00a0\u00a0 Dzi\u0119kczynno-b\u0142agalna w 75 rocz. urodzin Alicji z pro\u015bba o Bo\u017ce b\u0142ogos\u0142awie\u0144stwo i opiek\u0119 Matki Bo\u017cej<\/p>\n<p>3.\u00a0\u00a0\u00a0\u00a0\u00a0 + Wac\u0142aw Rdze\u0144 w 51 rocz. \u015bmierci oraz Teresa<\/p>\n<\/td>\n<\/tr>\n<tr>\n<td colspan=\"2\" width=\"647\">\n<p><strong>07\/12\/2022 \u015aroda<\/strong><\/p>\n<\/td>\n<\/tr>\n<tr>\n<td width=\"85\">\n<p><strong>06:45<\/strong><\/p>\n<\/td>\n<td width=\"562\">\n<p>+ Halina Bonar &#8211; gregoria\u0144ska<\/p>\n<\/td>\n<\/tr>\n<tr>\n<td width=\"85\">\n<p><strong>08:00<\/strong><\/p>\n<\/td>\n<td width=\"562\">\n<p>1.\u00a0\u00a0\u00a0\u00a0\u00a0 + W\u0142adys\u0142awa i Alfons Miotke<\/p>\n<p>2.\u00a0\u00a0\u00a0\u00a0\u00a0 + Monika Hejducka &#8211; gregoria\u0144ska<\/p>\n<\/td>\n<\/tr>\n<tr>\n<td width=\"85\">\n<p><strong>11:30<\/strong><\/p>\n<\/td>\n<td width=\"562\">\n<p>Pogrzeb: \u015bp. Janina G\u0142\u0105biowska, lat 84<\/p>\n<\/td>\n<\/tr>\n<tr>\n<td width=\"85\">\n<p><strong>18:30<\/strong><\/p>\n<\/td>\n<td width=\"562\">\n<p>1.\u00a0\u00a0\u00a0\u00a0\u00a0 + M\u0105\u017c Adam, rodzice z obojga stron, W\u0142adys\u0142awa i Tadeusz, Genowefa, Janina i Stanis\u0142aw oraz krewni<\/p>\n<p>2.\u00a0\u00a0\u00a0\u00a0\u00a0 + Zofia i Alfons Kujach<\/p>\n<p>3.\u00a0\u00a0\u00a0\u00a0\u00a0 + M\u0105\u017c W\u0142adys\u0142aw Wiczkowski w 16 rocz. \u015bmierci oraz rodzice z obojga stron,\u00a0 Jan i Kazimiera,\u00a0 Benedykt<\/p>\n<\/td>\n<\/tr>\n<tr>\n<td colspan=\"2\" width=\"647\">\n<p><strong>08\/12\/2022 Czwartek<\/strong><\/p>\n<\/td>\n<\/tr>\n<tr>\n<td width=\"85\">\n<p><strong>06:45<\/strong><\/p>\n<\/td>\n<td width=\"562\">\n<p>+ Edmund Konkel w 1 rocz. \u015bmierci.<\/p>\n<\/td>\n<\/tr>\n<tr>\n<td width=\"85\">\n<p><strong>08:00<\/strong><\/p>\n<\/td>\n<td width=\"562\">\n<p>1.\u00a0\u00a0\u00a0\u00a0\u00a0 + Izabela Dmowska, Sylwester Dmowski i Marian Hetma\u0144czyk<\/p>\n<p>2.\u00a0\u00a0\u00a0\u00a0\u00a0 + Irena oraz rodzice z obojga stron i zmarli z rodziny<\/p>\n<p>3.\u00a0\u00a0\u00a0\u00a0\u00a0 + Monika Hejducka &#8211; gregoria\u0144ska<\/p>\n<\/td>\n<\/tr>\n<tr>\n<td width=\"85\">\n<p><strong>11:30<\/strong><\/p>\n<\/td>\n<td width=\"562\">\n<p>Pogrzeb: \u015bp. Adam Myszkowski, lat 48<\/p>\n<\/td>\n<\/tr>\n<tr>\n<td width=\"85\">\n<p><strong>18:30<\/strong><\/p>\n<\/td>\n<td width=\"562\">\n<p>1.\u00a0\u00a0\u00a0\u00a0\u00a0 + M\u0105\u017c Krzysztof Dziedzic w 23 rocz. \u015bmierci oraz rodzice, rodze\u0144stwo i bliscy z obojga stron<\/p>\n<p>2.\u00a0\u00a0\u00a0\u00a0\u00a0 + Halina Bonar &#8211; gregoria\u0144ska<\/p>\n<\/td>\n<\/tr>\n<tr>\n<td colspan=\"2\" width=\"647\">\n<p><strong>09\/12\/2022 Pi\u0105tek<\/strong><\/p>\n<\/td>\n<\/tr>\n<tr>\n<td width=\"85\">\n<p><strong>06:45<\/strong><\/p>\n<\/td>\n<td width=\"562\">\n<p>+ Aleksandra Ko\u0142aczkowska &#8211; intencja od uczestnik\u00f3w pogrzebu<\/p>\n<\/td>\n<\/tr>\n<tr>\n<td width=\"85\">\n<p><strong>08:00<\/strong><\/p>\n<\/td>\n<td width=\"562\">\n<p>1.\u00a0\u00a0\u00a0\u00a0\u00a0 Dzi\u0119kczynno-b\u0142agalna z podzi\u0119kowaniem za doznane i z pro\u015bb\u0105 o dalsze \u0142aski dla Martynki<\/p>\n<p>2.\u00a0\u00a0\u00a0\u00a0\u00a0 + Jerzy<\/p>\n<p>3.\u00a0\u00a0\u00a0\u00a0\u00a0 + zmarli w czy\u015b\u0107cu<\/p>\n<p>4.\u00a0\u00a0\u00a0\u00a0\u00a0 + Halina Bonar &#8211; gregoria\u0144ska<\/p>\n<\/td>\n<\/tr>\n<tr>\n<td width=\"85\">\n<p><strong>11:00<\/strong><\/p>\n<\/td>\n<td width=\"562\">\n<p>Pogrzeb: \u015bp. Krzysztof Rachwalski, lat 51<\/p>\n<\/td>\n<\/tr>\n<tr>\n<td width=\"85\">\n<p><strong>18:30<\/strong><\/p>\n<\/td>\n<td width=\"562\">\n<p>+ Stefan Wysocki<\/p>\n<\/td>\n<\/tr>\n<tr>\n<td colspan=\"2\" width=\"647\">\n<p><strong>10\/12\/2022 Sobota<\/strong><\/p>\n<\/td>\n<\/tr>\n<tr>\n<td width=\"85\">\n<p><strong>06:45<\/strong><\/p>\n<\/td>\n<td width=\"562\">\n<p>+ Dziadkowie<\/p>\n<\/td>\n<\/tr>\n<tr>\n<td width=\"85\">\n<p><strong>08:00<\/strong><\/p>\n<\/td>\n<td width=\"562\">\n<p>1.\u00a0\u00a0\u00a0\u00a0\u00a0 Dzi\u0119kczynno-b\u0142agalna R\u00f3\u017c R\u00f3\u017ca\u0144cowych Rodzic\u00f3w, z pro\u015bb\u0105 za dzieci i rodzic\u00f3w oraz o \u017cycie wieczne dla zmar\u0142ych i ks. Adam<\/p>\n<p>2.\u00a0\u00a0\u00a0\u00a0\u00a0 + Edmund Ringwelski rodzice i rodze\u0144stwo z obojga stron<\/p>\n<p>3.\u00a0\u00a0\u00a0\u00a0\u00a0 + Halina Bonar &#8211; gregoria\u0144ska<\/p>\n<\/td>\n<\/tr>\n<tr>\n<td width=\"85\">\n<p><strong>18:30<\/strong><\/p>\n<\/td>\n<td width=\"562\">\n<p>+ Helena w 39 rocz. \u015bmierci i zmarli z rodziny Masiak oraz Gertruda w 26 rocz. \u015bmierci i zmarli z rodziny Richert<\/p>\n<\/td>\n<\/tr>\n<tr>\n<td colspan=\"2\" width=\"647\">\n<p><strong>11\/12\/2022<\/strong><\/p>\n<p><strong>III Niedziela Adwentu<\/strong><\/p>\n<\/td>\n<\/tr>\n<tr>\n<td width=\"85\">\n<p><strong>08:00<\/strong><\/p>\n<\/td>\n<td width=\"562\">\n<p>1.\u00a0\u00a0\u00a0\u00a0\u00a0 B\u0142agalna o Bo\u017ce b\u0142ogos\u0142awie\u0144stwo, pomy\u015bln\u0105 operacj\u0119 i szybki powr\u00f3t do zdrowia dla Franciszka<\/p>\n<p>2.\u00a0\u00a0\u00a0\u00a0\u00a0 + M\u0105\u017c Tadeusz Kleina oraz rodzice z obojga stron<\/p>\n<\/td>\n<\/tr>\n<tr>\n<td width=\"85\">\n<p><strong>10:00<\/strong><\/p>\n<\/td>\n<td width=\"562\">\n<p>Dzi\u0119kczynno-b\u0142agalna w 5 rocz. powstania &#8222;Zupy Chylo\u0144skiej&#8221;<\/p>\n<\/td>\n<\/tr>\n<tr>\n<td width=\"85\">\n<p><strong>11:30<\/strong><\/p>\n<\/td>\n<td width=\"562\">\n<p>+ Pawe\u0142 \u017burawski w 1 rocz. \u015bmierci<\/p>\n<\/td>\n<\/tr>\n<tr>\n<td width=\"85\">\n<p><strong>13:00<\/strong><\/p>\n<\/td>\n<td width=\"562\">\n<p>1.\u00a0\u00a0\u00a0\u00a0\u00a0 + M\u0105\u017c Jan oraz rodzice z obojga stron<\/p>\n<p>2.\u00a0\u00a0\u00a0\u00a0\u00a0 + Edward Anczykowski w 1 rocz. \u015bmierci<\/p>\n<\/td>\n<\/tr>\n<tr>\n<td width=\"85\">\n<p><strong>18:30<\/strong><\/p>\n<\/td>\n<td width=\"562\">\n<p>+ Maria G\u00f3ra oraz Franciszek G\u00f3ra i zmarli z obojga stron<\/p>\n<\/td>\n<\/tr>\n<tr>\n<td width=\"85\">\n<p><strong>17:00DK<\/strong><\/p>\n<\/td>\n<td width=\"562\">\n<p>+ Halina Bonar &#8211; gregoria\u0144ska<\/p>\n<\/td>\n<\/tr>\n<\/tbody>\n<\/table>\n","protected":false},"excerpt":{"rendered":"<p>05\/12\/2022 Poniedzia\u0142ek 08:00 1.\u00a0\u00a0\u00a0\u00a0\u00a0 + Rodzice Katarzyna i Stanis\u0142aw, Leokadia i Mieczys\u0142aw, rodze\u0144stwo: J\u00f3zef, Halina, Jan, Barbara, Alicja, wnuk Rafa\u0142 oraz zmarli z rodziny Trojanowskich i Pikul 2.\u00a0\u00a0\u00a0\u00a0\u00a0 + Zmarli w czy\u015b\u0107cu 3.\u00a0\u00a0\u00a0\u00a0\u00a0 + Monika Hejducka &#8211; gregoria\u0144ska 18:30 1.\u00a0\u00a0\u00a0\u00a0\u00a0 + M\u0105\u017c Stanis\u0142aw w 32 rocz. \u015bmierci oraz zmarli z rodzin Klaman, Szatkowskich, Odya 2.\u00a0\u00a0\u00a0\u00a0\u00a0 [&hellip;]<\/p>\n","protected":false},"author":6,"featured_media":0,"comment_status":"closed","ping_status":"closed","sticky":false,"template":"","format":"standard","meta":{"footnotes":""},"categories":[10],"tags":[],"publishpress_future_action":{"enabled":false,"date":"1970-01-01 01:00:00","action":"","terms":[],"taxonomy":"","browser_timezone_offset":0},"_links":{"self":[{"href":"https:\/\/swmikolaj.org\/index.php\/wp-json\/wp\/v2\/posts\/44141"}],"collection":[{"href":"https:\/\/swmikolaj.org\/index.php\/wp-json\/wp\/v2\/posts"}],"about":[{"href":"https:\/\/swmikolaj.org\/index.php\/wp-json\/wp\/v2\/types\/post"}],"author":[{"embeddable":true,"href":"https:\/\/swmikolaj.org\/index.php\/wp-json\/wp\/v2\/users\/6"}],"replies":[{"embeddable":true,"href":"https:\/\/swmikolaj.org\/index.php\/wp-json\/wp\/v2\/comments?post=44141"}],"version-history":[{"count":1,"href":"https:\/\/swmikolaj.org\/index.php\/wp-json\/wp\/v2\/posts\/44141\/revisions"}],"predecessor-version":[{"id":44142,"href":"https:\/\/swmikolaj.org\/index.php\/wp-json\/wp\/v2\/posts\/44141\/revisions\/44142"}],"wp:attachment":[{"href":"https:\/\/swmikolaj.org\/index.php\/wp-json\/wp\/v2\/media?parent=44141"}],"wp:term":[{"taxonomy":"category","embeddable":true,"href":"https:\/\/swmikolaj.org\/index.php\/wp-json\/wp\/v2\/categories?post=44141"},{"taxonomy":"post_tag","embeddable":true,"href":"https:\/\/swmikolaj.org\/index.php\/wp-json\/wp\/v2\/tags?post=44141"}],"curies":[{"name":"wp","href":"https:\/\/api.w.org\/{rel}","templated":true}]}}