{"id":4397,"date":"2020-05-22T15:30:08","date_gmt":"2020-05-22T13:30:08","guid":{"rendered":"https:\/\/swmikolaj.org\/?p=4397"},"modified":"2020-05-22T15:30:09","modified_gmt":"2020-05-22T13:30:09","slug":"intencje-mszy-swietych-25-31-05-2020","status":"publish","type":"post","link":"https:\/\/swmikolaj.org\/index.php\/2020\/05\/22\/intencje-mszy-swietych-25-31-05-2020\/","title":{"rendered":"INTENCJE MSZY \u015aWI\u0118TYCH 25 &#8211; 31\/05\/2020"},"content":{"rendered":"\n<table style=\"width: 100%;\" width=\"647\">\n<tbody>\n<tr>\n<td style=\"width: 98.6207%;\" colspan=\"2\" width=\"647\">\n<p style=\"text-align: center;\"><strong>25\/05\/2020 Poniedzia\u0142ek<\/strong><\/p>\n<\/td>\n<\/tr>\n<tr>\n<td style=\"width: 14.4828%;\" width=\"85\">\n<p style=\"text-align: center;\"><strong>08:00<\/strong><\/p>\n<\/td>\n<td style=\"width: 84.1379%;\" width=\"562\">\n<p>1.\u00a0\u00a0\u00a0\u00a0\u00a0 + Wac\u0142aw Hewelt &#8211; gregoria\u0144ska<\/p>\n<p>2.\u00a0\u00a0\u00a0\u00a0\u00a0 + Jadwiga i Stanis\u0142aw Ignacik, Maria i Aleksander \u017buk<\/p>\n<\/td>\n<\/tr>\n<tr>\n<td style=\"width: 14.4828%;\" width=\"85\">\n<p style=\"text-align: center;\"><strong>18:30<\/strong><\/p>\n<\/td>\n<td style=\"width: 84.1379%;\" width=\"562\">\n<p>1.\u00a0\u00a0\u00a0\u00a0\u00a0 + Joanna i Mateusz<\/p>\n<p>2.\u00a0\u00a0\u00a0\u00a0\u00a0 + Krystyna i zmarli z rodziny, zmarli w czy\u015b\u0107cu<\/p>\n<\/td>\n<\/tr>\n<tr>\n<td style=\"width: 98.6207%;\" colspan=\"2\" width=\"647\">\n<p style=\"text-align: center;\"><strong>26\/05\/2020 Wtorek<\/strong><\/p>\n<\/td>\n<\/tr>\n<tr>\n<td style=\"width: 14.4828%;\" width=\"85\">\n<p style=\"text-align: center;\"><strong>08:00<\/strong><\/p>\n<\/td>\n<td style=\"width: 84.1379%;\" width=\"562\">\n<p>1.\u00a0\u00a0\u00a0\u00a0\u00a0 + Wac\u0142aw Hewelt &#8211; gregoria\u0144ska<\/p>\n<p>2.\u00a0\u00a0\u00a0\u00a0\u00a0 + Regina Wyka &#8211; intencja od s\u0105siad\u00f3w z Chylo\u0144skiej 7<\/p>\n<\/td>\n<\/tr>\n<tr>\n<td style=\"width: 14.4828%;\" width=\"85\">\n<p style=\"text-align: center;\"><strong>18:30<\/strong><\/p>\n<\/td>\n<td style=\"width: 84.1379%;\" width=\"562\">\n<p>1.\u00a0\u00a0\u00a0\u00a0\u00a0 + Zbigniew Gr\u0105dziel w 2 rocz. \u015bmierci<\/p>\n<p>2.\u00a0\u00a0\u00a0\u00a0\u00a0 + Barbara Sob\u00f3l<\/p>\n<\/td>\n<\/tr>\n<tr>\n<td style=\"width: 98.6207%;\" colspan=\"2\" width=\"647\">\n<p style=\"text-align: center;\"><strong>27\/05\/2020 \u015aroda<\/strong><\/p>\n<\/td>\n<\/tr>\n<tr>\n<td style=\"width: 14.4828%;\" width=\"85\">\n<p style=\"text-align: center;\"><strong>08:00<\/strong><\/p>\n<\/td>\n<td style=\"width: 84.1379%;\" width=\"562\">\n<p>1.\u00a0\u00a0\u00a0\u00a0\u00a0 O Bo\u017ce prowadzenia dla Micha\u0142a i Marcina<\/p>\n<p>2.\u00a0\u00a0\u00a0\u00a0\u00a0 + Wac\u0142aw Hewelt &#8211; gregoria\u0144ska<\/p>\n<\/td>\n<\/tr>\n<tr>\n<td style=\"width: 14.4828%;\" width=\"85\">\n<p style=\"text-align: center;\"><strong>18:30<\/strong><\/p>\n<\/td>\n<td style=\"width: 84.1379%;\" width=\"562\">\n<p>1.\u00a0\u00a0\u00a0\u00a0\u00a0 + Wac\u0142aw w 6 rocz. \u015bmierci<\/p>\n<p>2.\u00a0\u00a0\u00a0\u00a0\u00a0 + Eugeniusz w 1 rocz. \u015bmierci oraz rodzice i rodze\u0144stwo, Mieczys\u0142aw i Teresa<\/p>\n<\/td>\n<\/tr>\n<tr>\n<td style=\"width: 98.6207%;\" colspan=\"2\" width=\"647\">\n<p style=\"text-align: center;\"><strong>28\/05\/2020 Czwartek<\/strong><\/p>\n<\/td>\n<\/tr>\n<tr>\n<td style=\"width: 14.4828%;\" width=\"85\">\n<p style=\"text-align: center;\"><strong>08:00<\/strong><\/p>\n<\/td>\n<td style=\"width: 84.1379%;\" width=\"562\">\n<p>1.\u00a0\u00a0\u00a0\u00a0\u00a0 + Wac\u0142aw Hewelt \u2013 gregoria\u0144ska<\/p>\n<p>2.\u00a0\u00a0\u00a0\u00a0\u00a0 + Bogumi\u0142 i rodzice z obojga stron<\/p>\n<\/td>\n<\/tr>\n<tr>\n<td style=\"width: 14.4828%;\" width=\"85\">\n<p style=\"text-align: center;\"><strong>18:30<\/strong><\/p>\n<\/td>\n<td style=\"width: 84.1379%;\" width=\"562\">\n<p>1.\u00a0\u00a0\u00a0\u00a0\u00a0 + Edmund Szlaga, Dariusz Kapu\u015bci\u0144ski, Janusz Kuligowski, Stanis\u0142aw Pi\u0105tkowski, Zygmunt Lewi\u0144ski, Kazimierz Radtke, Tomira Stankiewicz, El\u017cbieta Irczuk, Kazimierz Hresiukowicz, J\u00f3zef Ku\u017ama, Maria Matusiak, Waldemar Grabowski, Stanis\u0142aw Miszewski<\/p>\n<p>2.\u00a0\u00a0\u00a0\u00a0\u00a0 + M\u0105\u017c Lucjan, rodzice z obojga stron, rodze\u0144stwo, Tadeusz, Stanis\u0142aw, Zygmunt, El\u017cbieta, Katarzyna, Roman<\/p>\n<\/td>\n<\/tr>\n<tr>\n<td style=\"width: 98.6207%;\" colspan=\"2\" width=\"647\">\n<p style=\"text-align: center;\"><strong>29\/05\/2020 Pi\u0105tek<\/strong><\/p>\n<\/td>\n<\/tr>\n<tr>\n<td style=\"width: 14.4828%;\" width=\"85\">\n<p style=\"text-align: center;\"><strong>08:00<\/strong><\/p>\n<\/td>\n<td style=\"width: 84.1379%;\" width=\"562\">\n<p>1.\u00a0\u00a0\u00a0\u00a0\u00a0 + Wac\u0142aw Hewelt \u2013 gregoria\u0144ska<\/p>\n<p>2.\u00a0\u00a0\u00a0\u00a0\u00a0 + Rodzice \u0141awniczak: Genowefa w 6 rocz. \u015bmierci i Czes\u0142aw w 27 rocz. \u015bmierci<\/p>\n<\/td>\n<\/tr>\n<tr>\n<td style=\"width: 14.4828%;\" width=\"85\">\n<p style=\"text-align: center;\"><strong>18:30<\/strong><\/p>\n<\/td>\n<td style=\"width: 84.1379%;\" width=\"562\">\n<p>1.\u00a0\u00a0\u00a0\u00a0\u00a0 Dzi\u0119kczynna za 9 lat abstynencji z pro\u015bb\u0105 o Bo\u017ce b\u0142ogos\u0142awie\u0144stwo na dalsze lata<\/p>\n<p>2.\u00a0\u00a0\u00a0\u00a0\u00a0 Dzi\u0119kczynno-b\u0142agalna w intencji Borysa w dniu urodzin z pro\u015bb\u0105 o Bo\u017ce b\u0142ogos\u0142awie\u0144stwo dla ca\u0142ej rodziny<\/p>\n<p>3.\u00a0\u00a0\u00a0\u00a0\u00a0 + Stanis\u0142aw Grzela w 1 rocz. \u015bmierci<\/p>\n<\/td>\n<\/tr>\n<tr>\n<td style=\"width: 98.6207%;\" colspan=\"2\" width=\"647\">\n<p style=\"text-align: center;\"><strong>30\/05\/2020 Sobota<\/strong><\/p>\n<\/td>\n<\/tr>\n<tr>\n<td style=\"width: 14.4828%;\" width=\"85\">\n<p style=\"text-align: center;\"><strong>08:00<\/strong><\/p>\n<\/td>\n<td style=\"width: 84.1379%;\" width=\"562\">\n<p>1.\u00a0\u00a0\u00a0\u00a0\u00a0 + Wac\u0142aw Hewelt \u2013 gregoria\u0144ska<\/p>\n<p>2.\u00a0\u00a0\u00a0\u00a0\u00a0 + Tomasz Murawski w 10 rocz. \u015bmierci, rodzice: Genowefa i Stefan, R\u00f3\u017ca i Miko\u0142aj, babcie i dziadkowie z obojga stron.<\/p>\n<p>3.\u00a0\u00a0\u00a0\u00a0\u00a0 + Zygmunt w 18 rocz. \u015bmierci oraz zmarli z rodziny<\/p>\n<\/td>\n<\/tr>\n<tr>\n<td style=\"width: 14.4828%;\" width=\"85\">\n<p style=\"text-align: center;\"><strong>12:30<\/strong><\/p>\n<\/td>\n<td style=\"width: 84.1379%;\" width=\"562\">\n<p>Pierwsza Komunia \u015awi\u0119ta &#8211; 3 dzieci<\/p>\n<\/td>\n<\/tr>\n<tr>\n<td style=\"width: 14.4828%;\" width=\"85\">\n<p style=\"text-align: center;\"><strong>18:30<\/strong><\/p>\n<\/td>\n<td style=\"width: 84.1379%;\" width=\"562\">\n<p>+ Rodzice z obojga stron oraz bracia i bratowe<\/p>\n<\/td>\n<\/tr>\n<tr>\n<td style=\"width: 98.6207%;\" colspan=\"2\" width=\"647\">\n<p style=\"text-align: center;\"><strong>31\/05\/2020<\/strong><\/p>\n<p style=\"text-align: center;\"><strong>Zes\u0142anie Ducha \u015awi\u0119tego<\/strong><\/p>\n<\/td>\n<\/tr>\n<tr>\n<td style=\"width: 14.4828%;\" width=\"85\">\n<p style=\"text-align: center;\"><strong>08:00<\/strong><\/p>\n<\/td>\n<td style=\"width: 84.1379%;\" width=\"562\">\n<p>1.\u00a0\u00a0\u00a0\u00a0\u00a0 + Rodzice Anastazja i Feliks Bartniccy oraz zmarli z rodziny<\/p>\n<p>2.\u00a0\u00a0\u00a0\u00a0\u00a0 + Krystyna i Janusz oraz Roman i Witold<\/p>\n<\/td>\n<\/tr>\n<tr>\n<td style=\"width: 14.4828%;\" width=\"85\">\n<p style=\"text-align: center;\"><strong>10:00<\/strong><\/p>\n<\/td>\n<td style=\"width: 84.1379%;\" width=\"562\">\n<p>W intencji parafii<\/p>\n<\/td>\n<\/tr>\n<tr>\n<td style=\"width: 14.4828%;\" width=\"85\">\n<p style=\"text-align: center;\"><strong>11:30<\/strong><\/p>\n<\/td>\n<td style=\"width: 84.1379%;\" width=\"562\">\n<p>+ Rodzice oraz Zenon<\/p>\n<\/td>\n<\/tr>\n<tr>\n<td style=\"width: 14.4828%;\" width=\"85\">\n<p style=\"text-align: center;\"><strong>13:00<\/strong><\/p>\n<\/td>\n<td style=\"width: 84.1379%;\" width=\"562\">\n<p>Dzi\u0119kczynno-b\u0142agalna w intencji wnuk\u00f3w<\/p>\n<\/td>\n<\/tr>\n<tr>\n<td style=\"width: 14.4828%;\" width=\"85\">\n<p style=\"text-align: center;\"><strong>18:30<\/strong><\/p>\n<\/td>\n<td style=\"width: 84.1379%;\" width=\"562\">\n<p>+ Zmarli z rodziny Paw\u0142owskich, Szelengowicz\u00f3w i Makowskich<\/p>\n<\/td>\n<\/tr>\n<tr>\n<td style=\"width: 14.4828%;\" width=\"85\">\n<p><strong>17:00DK<\/strong><\/p>\n<\/td>\n<td style=\"width: 84.1379%;\" width=\"562\">\n<p>+ Maria, Zenon i Danuta Kilichowscy, Barbara i Jan Ga\u0142\u0105zka<\/p>\n<\/td>\n<\/tr>\n<\/tbody>\n<\/table>\n","protected":false},"excerpt":{"rendered":"<p>25\/05\/2020 Poniedzia\u0142ek 08:00 1.\u00a0\u00a0\u00a0\u00a0\u00a0 + Wac\u0142aw Hewelt &#8211; gregoria\u0144ska 2.\u00a0\u00a0\u00a0\u00a0\u00a0 + Jadwiga i Stanis\u0142aw Ignacik, Maria i Aleksander \u017buk 18:30 1.\u00a0\u00a0\u00a0\u00a0\u00a0 + Joanna i Mateusz 2.\u00a0\u00a0\u00a0\u00a0\u00a0 + Krystyna i zmarli z rodziny, zmarli w czy\u015b\u0107cu 26\/05\/2020 Wtorek 08:00 1.\u00a0\u00a0\u00a0\u00a0\u00a0 + Wac\u0142aw Hewelt &#8211; gregoria\u0144ska 2.\u00a0\u00a0\u00a0\u00a0\u00a0 + Regina Wyka &#8211; intencja od s\u0105siad\u00f3w z Chylo\u0144skiej 7 [&hellip;]<\/p>\n","protected":false},"author":6,"featured_media":0,"comment_status":"closed","ping_status":"closed","sticky":false,"template":"","format":"standard","meta":{"footnotes":""},"categories":[10],"tags":[],"publishpress_future_action":{"enabled":false,"date":"1970-01-01 01:00:00","action":"","terms":[],"taxonomy":"","browser_timezone_offset":0},"_links":{"self":[{"href":"https:\/\/swmikolaj.org\/index.php\/wp-json\/wp\/v2\/posts\/4397"}],"collection":[{"href":"https:\/\/swmikolaj.org\/index.php\/wp-json\/wp\/v2\/posts"}],"about":[{"href":"https:\/\/swmikolaj.org\/index.php\/wp-json\/wp\/v2\/types\/post"}],"author":[{"embeddable":true,"href":"https:\/\/swmikolaj.org\/index.php\/wp-json\/wp\/v2\/users\/6"}],"replies":[{"embeddable":true,"href":"https:\/\/swmikolaj.org\/index.php\/wp-json\/wp\/v2\/comments?post=4397"}],"version-history":[{"count":1,"href":"https:\/\/swmikolaj.org\/index.php\/wp-json\/wp\/v2\/posts\/4397\/revisions"}],"predecessor-version":[{"id":4398,"href":"https:\/\/swmikolaj.org\/index.php\/wp-json\/wp\/v2\/posts\/4397\/revisions\/4398"}],"wp:attachment":[{"href":"https:\/\/swmikolaj.org\/index.php\/wp-json\/wp\/v2\/media?parent=4397"}],"wp:term":[{"taxonomy":"category","embeddable":true,"href":"https:\/\/swmikolaj.org\/index.php\/wp-json\/wp\/v2\/categories?post=4397"},{"taxonomy":"post_tag","embeddable":true,"href":"https:\/\/swmikolaj.org\/index.php\/wp-json\/wp\/v2\/tags?post=4397"}],"curies":[{"name":"wp","href":"https:\/\/api.w.org\/{rel}","templated":true}]}}