{"id":3979,"date":"2020-04-29T13:01:32","date_gmt":"2020-04-29T13:01:32","guid":{"rendered":"https:\/\/swmikolaj.org\/?p=3979"},"modified":"2020-05-07T09:59:06","modified_gmt":"2020-05-07T09:59:06","slug":"intencje-mszy-swietych-04-10-05-2020","status":"publish","type":"post","link":"https:\/\/swmikolaj.org\/index.php\/2020\/04\/29\/intencje-mszy-swietych-04-10-05-2020\/","title":{"rendered":"INTENCJE MSZY \u015aWI\u0118TYCH 04 &#8211; 10\/05\/2020"},"content":{"rendered":"<table width=\"647\">\n<tbody>\n<tr>\n<td colspan=\"2\" width=\"647\">\n<p style=\"text-align: center;\"><strong>04\/05\/2020 Poniedzia\u0142ek<\/strong><\/p>\n<\/td>\n<\/tr>\n<tr>\n<td width=\"85\">\n<p style=\"text-align: center;\"><strong>08:00<\/strong><\/p>\n<\/td>\n<td width=\"562\">1.\u00a0\u00a0\u00a0\u00a0\u00a0 + Wac\u0142aw Hewelt &#8211; gregoria\u0144ska<\/p>\n<p>2.\u00a0\u00a0\u00a0\u00a0\u00a0 + Monika Tandek w dniu imienin &#8211; intencja od s\u0105siad\u00f3w z M\u0142y\u0144skiej 25<\/td>\n<\/tr>\n<tr>\n<td width=\"85\">\n<p style=\"text-align: center;\"><strong>18:30<\/strong><\/p>\n<\/td>\n<td width=\"562\">1.\u00a0\u00a0\u00a0\u00a0\u00a0 + Teresa Andryszczyk w 6 rocz. \u015bmierci oraz rodzice z obojga stron<\/p>\n<p>2.\u00a0\u00a0\u00a0\u00a0\u00a0 + Franciszek D\u0105browski<\/td>\n<\/tr>\n<tr>\n<td colspan=\"2\" width=\"647\">\n<p style=\"text-align: center;\"><strong>05\/05\/2020 Wtorek<\/strong><\/p>\n<\/td>\n<\/tr>\n<tr>\n<td width=\"85\">\n<p style=\"text-align: center;\"><strong>08:00<\/strong><\/p>\n<\/td>\n<td width=\"562\">1.\u00a0\u00a0\u00a0\u00a0\u00a0 Dzi\u0119kczynno-b\u0142agalna w 8 rocz. urodzin Ali z pro\u015bb\u0105 o Bo\u017ce b\u0142ogos\u0142awie\u0144stwo i dar zdrowia tak\u017ce dla Hani, Janka i Ma\u0107ka<\/p>\n<p>2.\u00a0\u00a0\u00a0\u00a0\u00a0 + Czes\u0142aw \u017bynda w 11 rocz. \u015bmierci, S\u0142awomir w 10 rocz. \u015bmierci, Teresa, Halina i rodzice z obojga stron<\/td>\n<\/tr>\n<tr>\n<td width=\"85\">\n<p style=\"text-align: center;\"><strong>18:30<\/strong><\/p>\n<\/td>\n<td width=\"562\">1.\u00a0\u00a0\u00a0\u00a0\u00a0 + Wac\u0142aw Hewelt &#8211; gregoria\u0144ska<\/p>\n<p>2.\u00a0\u00a0\u00a0\u00a0\u00a0 + M\u0105\u017c Ludwik Wielb\u0142\u0105d w 11 rocz. \u015bmierci oraz zmarli z rodziny Wielb\u0142\u0105d, Bemowskich i Kotyni\u00f3w<\/td>\n<\/tr>\n<tr>\n<td colspan=\"2\" width=\"647\">\n<p style=\"text-align: center;\"><strong>06\/05\/2020 \u015aroda<\/strong><\/p>\n<\/td>\n<\/tr>\n<tr>\n<td width=\"85\">\n<p style=\"text-align: center;\"><strong>08:00<\/strong><\/p>\n<\/td>\n<td width=\"562\">1.\u00a0\u00a0\u00a0\u00a0\u00a0 + M\u0105\u017c Stanis\u0142aw Kami\u0144ski w 2 rocz. \u015bmierci<\/p>\n<p>2.\u00a0\u00a0\u00a0\u00a0\u00a0 + Krzysztof Antoniuk w rocz. \u015bmierci<\/td>\n<\/tr>\n<tr>\n<td width=\"85\">\n<p style=\"text-align: center;\"><strong>18:30<\/strong><\/p>\n<\/td>\n<td width=\"562\">1.\u00a0\u00a0\u00a0\u00a0\u00a0 O Bo\u017ce b\u0142ogos\u0142awie\u0144stwo na ka\u017cdy dzie\u0144, dar zdrowia i opiek\u0119 Matki Bo\u017cej w rocznic\u0119 \u015bwi\u0119ce\u0144 kap\u0142a\u0144skich dla Ks. Witolda.<\/p>\n<p>2.\u00a0\u00a0\u00a0\u00a0\u00a0 + Wac\u0142aw Hewelt &#8211; gregoria\u0144ska<\/td>\n<\/tr>\n<tr>\n<td colspan=\"2\" width=\"647\">\n<p style=\"text-align: center;\"><strong>07\/05\/2020 Czwartek<\/strong><\/p>\n<\/td>\n<\/tr>\n<tr>\n<td width=\"85\">\n<p style=\"text-align: center;\"><strong>08:00<\/strong><\/p>\n<\/td>\n<td width=\"562\">1.\u00a0\u00a0\u00a0\u00a0\u00a0 + Wac\u0142aw Hewelt &#8211; gregoria\u0144ska<\/p>\n<p>2.\u00a0\u00a0\u00a0\u00a0\u00a0 + C\u00f3rka El\u017cbieta w 8 rocz. \u015bmierci oraz zi\u0119\u0107 Jan<\/td>\n<\/tr>\n<tr>\n<td width=\"85\">\n<p style=\"text-align: center;\"><strong>18:30<\/strong><\/p>\n<\/td>\n<td width=\"562\">1.\u00a0\u00a0\u00a0\u00a0\u00a0 + Zygmunt i Zofia<\/p>\n<p>2.\u00a0\u00a0\u00a0\u00a0\u00a0 + W\u0142adys\u0142aw w 23 rocz. \u015bmierci oraz zmarli z rodziny Bach<\/td>\n<\/tr>\n<tr>\n<td colspan=\"2\" width=\"647\">\n<p style=\"text-align: center;\"><strong>08\/05\/2020 Pi\u0105tek<\/strong><\/p>\n<\/td>\n<\/tr>\n<tr>\n<td width=\"85\">\n<p style=\"text-align: center;\"><strong>08:00<\/strong><\/p>\n<\/td>\n<td width=\"562\">1.\u00a0\u00a0\u00a0\u00a0\u00a0 + Wac\u0142aw Hewelt &#8211; gregoria\u0144ska<\/p>\n<p>2.\u00a0\u00a0\u00a0\u00a0\u00a0 + Rodzice Jadwiga, Mieczys\u0142aw, siostra Alicja oraz dziadkowie z obojga stron<\/td>\n<\/tr>\n<tr>\n<td width=\"85\">\n<p style=\"text-align: center;\"><strong>18:30<\/strong><\/p>\n<\/td>\n<td width=\"562\">1.\u00a0\u00a0\u00a0\u00a0\u00a0 + M\u0105\u017c Stanis\u0142aw Komosi\u0144ski oraz rodzice z obojga stron<\/p>\n<p>2.\u00a0\u00a0\u00a0\u00a0\u00a0 + Stanis\u0142awa<\/p>\n<p>3.\u00a0\u00a0\u00a0\u00a0\u00a0 + Maria Dietzel z domu Jasi\u0144ska w 1 rocz. \u015bmierci<\/td>\n<\/tr>\n<tr>\n<td colspan=\"2\" width=\"647\">\n<p style=\"text-align: center;\"><strong>09\/05\/2020 Sobota<\/strong><\/p>\n<\/td>\n<\/tr>\n<tr>\n<td width=\"85\">\n<p style=\"text-align: center;\"><strong>08:00<\/strong><\/p>\n<\/td>\n<td width=\"562\">1.\u00a0\u00a0\u00a0\u00a0\u00a0 + Wac\u0142aw Hewelt &#8211; gregoria\u0144ska<\/p>\n<p>2.\u00a0\u00a0\u00a0\u00a0\u00a0 + Piotr \u017burawski oraz rodzice Emilia i Kazimierz<\/p>\n<p>3.\u00a0\u00a0\u00a0\u00a0\u00a0 + Stanis\u0142aw Linda w dniu imienin oraz rodzice z obojga stron<\/td>\n<\/tr>\n<tr>\n<td width=\"85\">\n<p style=\"text-align: center;\"><strong>18:30<\/strong><\/p>\n<\/td>\n<td width=\"562\">+ Jolanta w 2 rocz. \u015bmierci i zmarli z rodziny<\/td>\n<\/tr>\n<tr>\n<td colspan=\"2\" width=\"647\">\n<p style=\"text-align: center;\"><strong>10\/05\/2020 <\/strong><\/p>\n<p style=\"text-align: center;\"><strong>V Niedziela Wielkanocna<\/strong><\/p>\n<\/td>\n<\/tr>\n<tr>\n<td width=\"85\">\n<p style=\"text-align: center;\"><strong>08:00<\/strong><\/p>\n<\/td>\n<td width=\"562\">1.\u00a0\u00a0\u00a0\u00a0\u00a0 Dzi\u0119kczynno-b\u0142agalna w dniu urodzin Teresy<\/p>\n<p>2.\u00a0\u00a0\u00a0\u00a0\u00a0 + Leon, Anna i Brunon Ficht oraz Stanis\u0142aw i W\u0142adys\u0142awa Rosiakowie<\/td>\n<\/tr>\n<tr>\n<td width=\"85\">\n<p style=\"text-align: center;\"><strong>10:00<\/strong><\/p>\n<\/td>\n<td width=\"562\">W intencji parafii<\/td>\n<\/tr>\n<tr>\n<td width=\"85\">\n<p style=\"text-align: center;\"><strong>11:30<\/strong><\/p>\n<\/td>\n<td width=\"562\">1.\u00a0\u00a0\u00a0\u00a0\u00a0 + Leokadia Lemke i J\u00f3zef Merchel<\/p>\n<p>2.\u00a0\u00a0\u00a0\u00a0\u00a0 + Danuta Goli\u0144ska w 3 rocz. \u015bmierci<\/td>\n<\/tr>\n<tr>\n<td width=\"85\">\n<p style=\"text-align: center;\"><strong>13:00<\/strong><\/p>\n<\/td>\n<td width=\"562\">Dzi\u0119kczynno-b\u0142agalna w dniu urodzin Mariana Pichita<\/td>\n<\/tr>\n<tr>\n<td width=\"85\">\n<p style=\"text-align: center;\"><strong>18:30<\/strong><\/p>\n<\/td>\n<td width=\"562\">\n+ Wac\u0142aw Hewelt \u2013 gregoria\u0144ska<\/td>\n<\/tr>\n<tr>\n<td width=\"85\"><strong>17:00DK<\/strong><\/td>\n<td width=\"562\">+ Gerard Wejher w 3 rocz. \u015bmierci<\/td>\n<\/tr>\n<\/tbody>\n<\/table>\n","protected":false},"excerpt":{"rendered":"<p>04\/05\/2020 Poniedzia\u0142ek 08:00 1.\u00a0\u00a0\u00a0\u00a0\u00a0 + Wac\u0142aw Hewelt &#8211; gregoria\u0144ska 2.\u00a0\u00a0\u00a0\u00a0\u00a0 + Monika Tandek w dniu imienin &#8211; intencja od s\u0105siad\u00f3w z M\u0142y\u0144skiej 25 18:30 1.\u00a0\u00a0\u00a0\u00a0\u00a0 + Teresa Andryszczyk w 6 rocz. \u015bmierci oraz rodzice z obojga stron 2.\u00a0\u00a0\u00a0\u00a0\u00a0 + Franciszek D\u0105browski 05\/05\/2020 Wtorek 08:00 1.\u00a0\u00a0\u00a0\u00a0\u00a0 Dzi\u0119kczynno-b\u0142agalna w 8 rocz. urodzin Ali z pro\u015bb\u0105 o Bo\u017ce [&hellip;]<\/p>\n","protected":false},"author":6,"featured_media":0,"comment_status":"closed","ping_status":"closed","sticky":false,"template":"","format":"standard","meta":{"footnotes":""},"categories":[10],"tags":[],"publishpress_future_action":{"enabled":false,"date":"1970-01-01 01:00:00","action":"","terms":[],"taxonomy":"","browser_timezone_offset":0},"_links":{"self":[{"href":"https:\/\/swmikolaj.org\/index.php\/wp-json\/wp\/v2\/posts\/3979"}],"collection":[{"href":"https:\/\/swmikolaj.org\/index.php\/wp-json\/wp\/v2\/posts"}],"about":[{"href":"https:\/\/swmikolaj.org\/index.php\/wp-json\/wp\/v2\/types\/post"}],"author":[{"embeddable":true,"href":"https:\/\/swmikolaj.org\/index.php\/wp-json\/wp\/v2\/users\/6"}],"replies":[{"embeddable":true,"href":"https:\/\/swmikolaj.org\/index.php\/wp-json\/wp\/v2\/comments?post=3979"}],"version-history":[{"count":4,"href":"https:\/\/swmikolaj.org\/index.php\/wp-json\/wp\/v2\/posts\/3979\/revisions"}],"predecessor-version":[{"id":4109,"href":"https:\/\/swmikolaj.org\/index.php\/wp-json\/wp\/v2\/posts\/3979\/revisions\/4109"}],"wp:attachment":[{"href":"https:\/\/swmikolaj.org\/index.php\/wp-json\/wp\/v2\/media?parent=3979"}],"wp:term":[{"taxonomy":"category","embeddable":true,"href":"https:\/\/swmikolaj.org\/index.php\/wp-json\/wp\/v2\/categories?post=3979"},{"taxonomy":"post_tag","embeddable":true,"href":"https:\/\/swmikolaj.org\/index.php\/wp-json\/wp\/v2\/tags?post=3979"}],"curies":[{"name":"wp","href":"https:\/\/api.w.org\/{rel}","templated":true}]}}