{"id":3925,"date":"2020-04-24T10:30:19","date_gmt":"2020-04-24T10:30:19","guid":{"rendered":"http:\/\/swmikolaj.org\/?p=3925"},"modified":"2020-04-30T09:20:20","modified_gmt":"2020-04-30T09:20:20","slug":"intencje-mszy-swietych-27-4-03-05-2020","status":"publish","type":"post","link":"https:\/\/swmikolaj.org\/index.php\/2020\/04\/24\/intencje-mszy-swietych-27-4-03-05-2020\/","title":{"rendered":"INTENCJE MSZY \u015aWI\u0118TYCH 27\/4 &#8211; 03\/05\/2020"},"content":{"rendered":"<table width=\"647\">\n<tbody>\n<tr>\n<td colspan=\"2\" width=\"647\">\n<p style=\"text-align: center;\"><strong>27\/04\/2020 Poniedzia\u0142ek<\/strong><\/p>\n<\/td>\n<\/tr>\n<tr>\n<td width=\"85\">\n<p style=\"text-align: center;\"><strong>08:00<\/strong><\/p>\n<\/td>\n<td width=\"562\">1.\u00a0\u00a0\u00a0\u00a0\u00a0 + Stefan Fortowski w 13 rocz. \u015bmierci<\/p>\n<p>2.\u00a0\u00a0\u00a0\u00a0\u00a0 + Kazimierz Nowicki oraz rodzice i rodze\u0144stwo z obojga stron<\/td>\n<\/tr>\n<tr>\n<td width=\"85\">\n<p style=\"text-align: center;\"><strong>18:30<\/strong><\/p>\n<\/td>\n<td width=\"562\">1.\u00a0\u00a0\u00a0\u00a0\u00a0 + Jerzy Kozicki w 7 rocz. \u015bmierci<\/p>\n<p>2.\u00a0\u00a0\u00a0\u00a0\u00a0 + M\u0105\u017c W\u0142adys\u0142aw w dniu urodzin, mama Regina w 34 rocz. \u015bmierci<\/td>\n<\/tr>\n<tr>\n<td colspan=\"2\" width=\"647\">\n<p style=\"text-align: center;\"><strong>28\/04\/2020 Wtorek<\/strong><\/p>\n<\/td>\n<\/tr>\n<tr>\n<td width=\"85\">\n<p style=\"text-align: center;\"><strong>08:00<\/strong><\/p>\n<\/td>\n<td width=\"562\">1.\u00a0\u00a0\u00a0\u00a0\u00a0 Dzi\u0119kczynno-b\u0142agalna z pro\u015bb\u0105 o Bo\u017ce b\u0142ogos\u0142awie\u0144stwo, zdrowie duszy i cia\u0142a, dary Ducha \u015awi\u0119tego i opiek\u0119 Matki Naj\u015bwi\u0119tszej dla c\u00f3rek, wnucz\u0105t, prawnuk\u00f3w, m\u0119\u017ca i rodziny<\/p>\n<p>2.\u00a0\u00a0\u00a0\u00a0\u00a0 + Rodzice, bracia, bratowe i bratanek Perszewscy<\/td>\n<\/tr>\n<tr>\n<td width=\"85\">\n<p style=\"text-align: center;\"><strong>18:30<\/strong><\/p>\n<\/td>\n<td width=\"562\">1.\u00a0\u00a0\u00a0\u00a0\u00a0 + Anastazja oraz krewni, s\u0105siedzi i dusze w czy\u015b\u0107cu<\/p>\n<p>2.\u00a0\u00a0\u00a0\u00a0\u00a0 + Jan Rado\u0144ski oraz rodzice z obojga stron<\/td>\n<\/tr>\n<tr>\n<td colspan=\"2\" width=\"647\">\n<p style=\"text-align: center;\"><strong>29\/04\/2020 \u015aroda<\/strong><\/p>\n<\/td>\n<\/tr>\n<tr>\n<td width=\"85\">\n<p style=\"text-align: center;\"><strong>08:00<\/strong><\/p>\n<\/td>\n<td width=\"562\">1.\u00a0\u00a0\u00a0\u00a0\u00a0 + Ludomira i Henryk Derda w 5 rocz. \u015bmierci oraz Aleksandra Czapiewska w 1 rocz. \u015bmierci<\/p>\n<p>2.\u00a0\u00a0\u00a0\u00a0\u00a0 + M\u0105\u017c Zygmunt w 15 rocz. \u015bmierci, mama Zofia w 2 rocz. \u015bmierci oraz Zofia w 17 rocz. \u015bmierci<\/td>\n<\/tr>\n<tr>\n<td width=\"85\">\n<p style=\"text-align: center;\"><strong>18:30<\/strong><\/p>\n<\/td>\n<td width=\"562\">1.\u00a0\u00a0\u00a0\u00a0\u00a0 + Franciszek, Franciszka, Pawe\u0142 Wittbrodt oraz Dorota, Jan, Grzegorz, Jerzy Paj\u0105k<\/p>\n<p>2.\u00a0\u00a0\u00a0\u00a0\u00a0 + Agnieszka, Mieczys\u0142aw, Marianna i W\u0142adys\u0142aw<\/td>\n<\/tr>\n<tr>\n<td colspan=\"2\" width=\"647\">\n<p style=\"text-align: center;\"><strong>30\/04\/2020 Czwartek<\/strong><\/p>\n<\/td>\n<\/tr>\n<tr>\n<td width=\"85\">\n<p style=\"text-align: center;\"><strong>08:00<\/strong><\/p>\n<\/td>\n<td width=\"562\">1.\u00a0\u00a0\u00a0\u00a0\u00a0 Dzi\u0119kczynno-b\u0142agalna w intencji Doroty o dar zdrowia i wszelkie potrzebne \u0142aski<\/p>\n<p>2. O szcz\u0119\u015bliw\u0105 operacj\u0119 i dar zdrowia dla Jana<\/p>\n<p>3.\u00a0 \u00a0 \u00a0+ Teodor Brzuzy w 24 rocz. \u015bmierci, Tadeusz i Krzysztof w 1 rocz. \u015bmierci oraz rodzice<\/td>\n<\/tr>\n<tr>\n<td width=\"85\">\n<p style=\"text-align: center;\"><strong>18:30<\/strong><\/p>\n<\/td>\n<td width=\"562\">\n<ol>\n<li>+ Kazimiera Kosza\u0142ka, Urszula Kopiec-Mazurek,<br \/>\nKrystyna Soboczy\u0144ska, Agnieszka Kulaszewicz, Regina Wyka, Helena Skutnik, Gertruda Machola, Ryszard Wojtaszak,<br \/>\nEugeniusz Dobiega\u0142a, Andrzej Puzdrowski,<br \/>\nKazimierz Szewczyk<\/li>\n<\/ol>\n<p>2.\u00a0\u00a0\u00a0\u00a0\u00a0 + Ignacy w 1 rocz. \u015bmierci<\/td>\n<\/tr>\n<tr>\n<td colspan=\"2\" width=\"647\">\n<p style=\"text-align: center;\"><strong>01\/05\/2020 Pi\u0105tek<\/strong><\/p>\n<\/td>\n<\/tr>\n<tr>\n<td width=\"85\">\n<p style=\"text-align: center;\"><strong>08:00<\/strong><\/p>\n<\/td>\n<td width=\"562\">\n<ol>\n<li>Dzi\u0119kczynno-b\u0142agalna z pro\u015bb\u0105 o wszelkie potrzebne \u0142aski dla rodziny Graban<\/li>\n<\/ol>\n<p>2. + Wac\u0142aw Hewelt &#8211; gregoria\u0144ska<\/td>\n<\/tr>\n<tr>\n<td width=\"85\">\n<p style=\"text-align: center;\"><strong>17:00<\/strong><\/p>\n<\/td>\n<td width=\"562\">+ M\u0105\u017c Edmund w 2 rocz. \u015bmierci oraz rodzice z obojga stron i zmarli z rodziny<\/td>\n<\/tr>\n<tr>\n<td width=\"85\">\n<p style=\"text-align: center;\"><strong>18:30<\/strong><\/p>\n<\/td>\n<td width=\"562\">1.\u00a0\u00a0\u00a0\u00a0\u00a0 + Zdzis\u0142aw Szwarc<\/p>\n<p>2.\u00a0\u00a0\u00a0\u00a0\u00a0 + Henryk, Wac\u0142awa, Wies\u0142awa, Jolanta, Irena i J\u00f3zef Jakubowscy<\/td>\n<\/tr>\n<tr>\n<td colspan=\"2\" width=\"647\">\n<p style=\"text-align: center;\"><strong>02\/05\/2020 Sobota<\/strong><\/p>\n<\/td>\n<\/tr>\n<tr>\n<td width=\"85\">\n<p style=\"text-align: center;\"><strong>08:00<\/strong><\/p>\n<\/td>\n<td width=\"562\">1.\u00a0\u00a0\u00a0\u00a0\u00a0 Dzi\u0119kczynno-b\u0142agalna w intencji VII R\u00f3\u017cy \u017bywego R\u00f3\u017ca\u0144ca z pro\u015bb\u0105 o zdrowie, Bo\u017ce b\u0142ogos\u0142awie\u0144stwo i opiek\u0119 Matki Bo\u017cej dla cz\u0142onki\u0144 i ich rodzin oraz o \u017cycie wieczne dla zmar\u0142ych<\/p>\n<p>2.\u00a0\u00a0\u00a0\u00a0\u00a0 + Wac\u0142aw Hewelt &#8211; gregoria\u0144ska<\/p>\n<p>3.\u00a0\u00a0\u00a0\u00a0\u00a0 + Zygmunt Kosznik w dniu imienin, rodzice z obojga stron oraz Jan Kwiatkowski<\/td>\n<\/tr>\n<tr>\n<td width=\"85\">\n<p style=\"text-align: center;\"><strong>18:30<\/strong><\/p>\n<\/td>\n<td width=\"562\">Dzi\u0119kczynno-b\u0142agalna z pro\u015bb\u0105 o Bo\u017ce b\u0142ogos\u0142awie\u0144stwo dla dzieci i wnuk\u00f3w<\/td>\n<\/tr>\n<tr>\n<td colspan=\"2\" width=\"647\">\n<p style=\"text-align: center;\"><strong>03\/05\/2020 <\/strong><\/p>\n<p style=\"text-align: center;\"><strong>IV Niedziela Wielkanocna<\/strong><\/p>\n<\/td>\n<\/tr>\n<tr>\n<td width=\"85\">\n<p style=\"text-align: center;\"><strong>08:00<\/strong><\/p>\n<\/td>\n<td width=\"562\">1.\u00a0\u00a0\u00a0\u00a0\u00a0 + Wac\u0142aw Hewelt &#8211; gregoria\u0144ska<\/p>\n<p>2.\u00a0\u00a0\u00a0\u00a0\u00a0 + Feliks, Henryk, Zofia, Dawid, Anna, Bazyli oraz zmarli z rodziny Kortas i Kancyr.<\/td>\n<\/tr>\n<tr>\n<td width=\"85\">\n<p style=\"text-align: center;\"><strong>10:00<\/strong><\/p>\n<\/td>\n<td width=\"562\">W intencji parafii<\/td>\n<\/tr>\n<tr>\n<td width=\"85\">\n<p style=\"text-align: center;\"><strong>11:30<\/strong><\/p>\n<\/td>\n<td width=\"562\">+ Rodzice Aniela i Jan, rodze\u0144stwo Maria i Jan z rodziny Dobke.<\/td>\n<\/tr>\n<tr>\n<td width=\"85\">\n<p style=\"text-align: center;\"><strong>13:00<\/strong><\/p>\n<\/td>\n<td width=\"562\">+ M\u0105\u017c \u0141ukasz Glembin w 3 rocz. \u015bmierci<\/td>\n<\/tr>\n<tr>\n<td width=\"85\">\n<p style=\"text-align: center;\"><strong>18:30<\/strong><\/p>\n<\/td>\n<td width=\"562\">+ Teresa i Stanis\u0142aw Klimaszewscy w dniu urodzin oraz rodzice i rodze\u0144stwo<\/td>\n<\/tr>\n<\/tbody>\n<\/table>\n","protected":false},"excerpt":{"rendered":"<p>27\/04\/2020 Poniedzia\u0142ek 08:00 1.\u00a0\u00a0\u00a0\u00a0\u00a0 + Stefan Fortowski w 13 rocz. \u015bmierci 2.\u00a0\u00a0\u00a0\u00a0\u00a0 + Kazimierz Nowicki oraz rodzice i rodze\u0144stwo z obojga stron 18:30 1.\u00a0\u00a0\u00a0\u00a0\u00a0 + Jerzy Kozicki w 7 rocz. \u015bmierci 2.\u00a0\u00a0\u00a0\u00a0\u00a0 + M\u0105\u017c W\u0142adys\u0142aw w dniu urodzin, mama Regina w 34 rocz. \u015bmierci 28\/04\/2020 Wtorek 08:00 1.\u00a0\u00a0\u00a0\u00a0\u00a0 Dzi\u0119kczynno-b\u0142agalna z pro\u015bb\u0105 o Bo\u017ce b\u0142ogos\u0142awie\u0144stwo, zdrowie [&hellip;]<\/p>\n","protected":false},"author":6,"featured_media":0,"comment_status":"closed","ping_status":"closed","sticky":false,"template":"","format":"standard","meta":{"footnotes":""},"categories":[10],"tags":[],"publishpress_future_action":{"enabled":false,"date":"1970-01-01 01:00:00","action":"","terms":[],"taxonomy":"","browser_timezone_offset":0},"_links":{"self":[{"href":"https:\/\/swmikolaj.org\/index.php\/wp-json\/wp\/v2\/posts\/3925"}],"collection":[{"href":"https:\/\/swmikolaj.org\/index.php\/wp-json\/wp\/v2\/posts"}],"about":[{"href":"https:\/\/swmikolaj.org\/index.php\/wp-json\/wp\/v2\/types\/post"}],"author":[{"embeddable":true,"href":"https:\/\/swmikolaj.org\/index.php\/wp-json\/wp\/v2\/users\/6"}],"replies":[{"embeddable":true,"href":"https:\/\/swmikolaj.org\/index.php\/wp-json\/wp\/v2\/comments?post=3925"}],"version-history":[{"count":3,"href":"https:\/\/swmikolaj.org\/index.php\/wp-json\/wp\/v2\/posts\/3925\/revisions"}],"predecessor-version":[{"id":3984,"href":"https:\/\/swmikolaj.org\/index.php\/wp-json\/wp\/v2\/posts\/3925\/revisions\/3984"}],"wp:attachment":[{"href":"https:\/\/swmikolaj.org\/index.php\/wp-json\/wp\/v2\/media?parent=3925"}],"wp:term":[{"taxonomy":"category","embeddable":true,"href":"https:\/\/swmikolaj.org\/index.php\/wp-json\/wp\/v2\/categories?post=3925"},{"taxonomy":"post_tag","embeddable":true,"href":"https:\/\/swmikolaj.org\/index.php\/wp-json\/wp\/v2\/tags?post=3925"}],"curies":[{"name":"wp","href":"https:\/\/api.w.org\/{rel}","templated":true}]}}