{"id":38456,"date":"2022-11-15T12:25:17","date_gmt":"2022-11-15T11:25:17","guid":{"rendered":"https:\/\/swmikolaj.org\/?p=38456"},"modified":"2022-11-15T12:25:19","modified_gmt":"2022-11-15T11:25:19","slug":"intencje-mszy-swietych-14-20-11-2022","status":"publish","type":"post","link":"https:\/\/swmikolaj.org\/index.php\/2022\/11\/15\/intencje-mszy-swietych-14-20-11-2022\/","title":{"rendered":"INTENCJE MSZY \u015aWI\u0118TYCH 14 &#8211; 20\/11\/2022"},"content":{"rendered":"<table width=\"647\">\n<tbody>\n<tr>\n<td colspan=\"2\" width=\"647\"><strong>14\/11\/2022 Poniedzia\u0142ek<\/strong><\/td>\n<\/tr>\n<tr>\n<td width=\"85\"><strong>08:00<\/strong><\/td>\n<td width=\"562\">1.\u00a0\u00a0\u00a0\u00a0\u00a0 Dzi\u0119kczynno-b\u0142agalna z okazji 70 urodzin Barbary z pro\u015bb\u0105 o zdrowie, b\u0142ogos\u0142awie\u0144stwo Bo\u017ce i opiek\u0119 Matko Bo\u017cej Niepokalanej<\/p>\n<p>2.\u00a0\u00a0\u00a0\u00a0\u00a0 + Urszula w 1 rocz. \u015bmierci<\/p>\n<p>3.\u00a0\u00a0\u00a0\u00a0\u00a0 + Monika Hejducka &#8211; gregoria\u0144ska<\/td>\n<\/tr>\n<tr>\n<td width=\"85\"><strong>18:30<\/strong><\/td>\n<td width=\"562\">1.\u00a0\u00a0\u00a0\u00a0\u00a0 + Halina Andryskowska w 11 rocz. \u015bmierci<\/p>\n<p>2.\u00a0\u00a0\u00a0\u00a0\u00a0 + Ojciec Tomasz w 33 rocz. \u015bmierci<\/p>\n<p>3.\u00a0\u00a0\u00a0\u00a0\u00a0 + Janusz Gaicki oraz zmarli z rodziny z obojga stron<\/td>\n<\/tr>\n<tr>\n<td colspan=\"2\" width=\"647\"><strong>15\/11\/2022 Wtorek<\/strong><\/td>\n<\/tr>\n<tr>\n<td width=\"85\"><strong>08:00<\/strong><\/td>\n<td width=\"562\">1.\u00a0\u00a0\u00a0\u00a0\u00a0 + M\u0105\u017c Tadeusz Nakonieczny w 1 rocz. \u015bmierci<\/p>\n<p>2.\u00a0\u00a0\u00a0\u00a0\u00a0 + Monika Hejducka &#8211; gregoria\u0144ska<\/td>\n<\/tr>\n<tr>\n<td width=\"85\"><strong>18:30<\/strong><\/td>\n<td width=\"562\">1.\u00a0\u00a0\u00a0\u00a0\u00a0 + Dionizy Zi\u00f3\u0142kowski w 1 rocz. \u015bmierci<\/p>\n<p>2.\u00a0\u00a0\u00a0\u00a0\u00a0 + Ludwik Soboczy\u0144ski<\/p>\n<p>3.\u00a0\u00a0\u00a0\u00a0\u00a0 + Marek Smu\u0142ka w 4 rocz. \u015bmierci oraz zmarli z rodzin Smu\u0142ka i Bia\u0142czak<\/td>\n<\/tr>\n<tr>\n<td colspan=\"2\" width=\"647\"><strong>16\/11\/2022 \u015aroda<\/strong><\/td>\n<\/tr>\n<tr>\n<td width=\"85\"><strong>08:00<\/strong><\/td>\n<td width=\"562\">1.\u00a0\u00a0\u00a0\u00a0\u00a0 + Edward Bas w dniu pogrzebu<\/p>\n<p>2.\u00a0\u00a0\u00a0\u00a0\u00a0 + Edmund Ringwelski rodzice i rodze\u0144stwo z obojga stron<\/p>\n<p>3.\u00a0\u00a0\u00a0\u00a0\u00a0 + Helena, Tadeusz, Leonard, Stanis\u0142awa<\/p>\n<p>4.\u00a0\u00a0\u00a0\u00a0\u00a0 + Monika Hejducka \u2013 gregoria\u0144ska<\/td>\n<\/tr>\n<tr>\n<td width=\"85\"><strong>11:30<\/strong><\/td>\n<td width=\"562\">Pogrzeb: \u015bp. Agnieszka Szulc, lat 94<\/td>\n<\/tr>\n<tr>\n<td width=\"85\"><strong>18:30<\/strong><\/td>\n<td width=\"562\">1.\u00a0\u00a0\u00a0\u00a0\u00a0 + Zmar\u0142e cz\u0142onkinie VI R\u00f3\u017cy \u017bywego R\u00f3\u017ca\u0144ca: Jadwiga Paluchowska, Ludwika Kamrowska, Helena Kempa, Henryka Jatczak, Urszula Gil, Danuta Jachimowicz, Zofia Olczyk, J\u00f3zefa Mielcarek, J\u00f3zefa Lendo, Kazimiera Kosza\u0142ka, Maria Franczak, Maria Hoppe i Irena Sosidko<\/p>\n<p>2.\u00a0\u00a0\u00a0\u00a0\u00a0 + Remigiusz Chuk w 20 rocz. \u015bmierci oraz rodzice z obojga stron<\/p>\n<p>3.\u00a0\u00a0\u00a0\u00a0\u00a0 + J\u00f3zef w 10 rocz. \u015bmierci i rodzice z obojga stron<\/td>\n<\/tr>\n<tr>\n<td colspan=\"2\" width=\"647\"><strong>17\/11\/2022 Czwartek<\/strong><\/td>\n<\/tr>\n<tr>\n<td width=\"85\"><strong>08:00<\/strong><\/td>\n<td width=\"562\">1.\u00a0\u00a0\u00a0\u00a0\u00a0 Dzi\u0119kczynna za udan\u0105 operacj\u0119 z pro\u015bb\u0105 o \u0142ask\u0119 zdrowia dla ca\u0142ej rodziny<\/p>\n<p>2.\u00a0\u00a0\u00a0\u00a0\u00a0 B\u0142agalna o \u0142ask\u0119 zdrowia dla Martynki<\/p>\n<p>3.\u00a0\u00a0\u00a0\u00a0\u00a0 + Teresa i Adam oraz zmarli z rodziny<\/p>\n<p>4.\u00a0\u00a0\u00a0\u00a0\u00a0 + Monika Hejducka &#8211; gregoria\u0144ska<\/td>\n<\/tr>\n<tr>\n<td width=\"85\"><strong>10:00<\/strong><\/td>\n<td width=\"562\">Pogrzeb: \u015bp. Urszula Kitowska, lat 89<\/td>\n<\/tr>\n<tr>\n<td width=\"85\"><strong>18:30<\/strong><\/td>\n<td width=\"562\">1.\u00a0\u00a0\u00a0\u00a0\u00a0 + Franciszek P\u0142oszczyca w 12 rocz. \u015bmierci oraz rodzice i rodze\u0144stwo z obojga stron<\/p>\n<p>2.\u00a0\u00a0\u00a0\u00a0\u00a0 + Zmarli z rodzice z obojga stron i zmarli z ich rodzin<\/td>\n<\/tr>\n<tr>\n<td colspan=\"2\" width=\"647\"><strong>18\/11\/2022 Pi\u0105tek<\/strong><\/td>\n<\/tr>\n<tr>\n<td width=\"85\"><strong>08:00<\/strong><\/td>\n<td width=\"562\">1.\u00a0\u00a0\u00a0\u00a0\u00a0 Dzi\u0119kczynno-b\u0142agalna w 50 rocz. urodzin Dariusza z pro\u015bb\u0105 o zdrowie i Bo\u017ce b\u0142ogos\u0142awie\u0144stwo dla jubilata i ca\u0142ej rodziny<\/p>\n<p>2.\u00a0\u00a0\u00a0\u00a0\u00a0 + Monika i Kleofas<\/p>\n<p>3.\u00a0\u00a0\u00a0\u00a0\u00a0 + Monika Hejducka &#8211; gregoria\u0144ska<\/td>\n<\/tr>\n<tr>\n<td width=\"85\"><strong>18:30<\/strong><\/td>\n<td width=\"562\">1.\u00a0\u00a0\u00a0\u00a0\u00a0 Dzi\u0119kczynno-b\u0142agalna w 86 rocz. urodzin Wies\u0142awy z pro\u015bb\u0105 o Bo\u017ce b\u0142ogos\u0142awie\u0144stwo, \u0142ask\u0119 zdrowia i opiek\u0119 Matki Bo\u017cej dla ca\u0142ej rodziny<\/p>\n<p>2.\u00a0\u00a0\u00a0\u00a0\u00a0 + Jan Schmidt &#8211; intencja od s\u0105siad\u00f3w z Lubawskiej 5<\/p>\n<p>3.\u00a0\u00a0\u00a0\u00a0\u00a0 + Alfons Cerowski w 50 rocz. \u015bmierci<\/td>\n<\/tr>\n<tr>\n<td colspan=\"2\" width=\"647\"><strong>19\/11\/2022 Sobota<\/strong><\/td>\n<\/tr>\n<tr>\n<td width=\"85\"><strong>08:00<\/strong><\/td>\n<td width=\"562\">1.\u00a0\u00a0\u00a0\u00a0\u00a0 + Emilia i Stanis\u0142aw, Tadeusz, Eugeniusz i Janusz<\/p>\n<p>2.\u00a0\u00a0\u00a0\u00a0\u00a0 + Ignacy<\/p>\n<p>3.\u00a0\u00a0\u00a0\u00a0\u00a0 + Aniela, Helena, Edward, Leon<\/p>\n<p>4.\u00a0\u00a0\u00a0\u00a0\u00a0 + Monika Hejducka &#8211; gregoria\u0144ska<\/td>\n<\/tr>\n<tr>\n<td width=\"85\"><strong>18:30<\/strong><\/td>\n<td width=\"562\">+ Kazimierz Mollin w 19 rocz. \u015bmierci<\/td>\n<\/tr>\n<tr>\n<td colspan=\"2\" width=\"647\"><strong>20\/11\/2022 <\/strong><\/p>\n<p><strong>XXXIV Niedziela Zwyk\u0142a<\/strong><\/p>\n<p><strong>Uroczysto\u015b\u0107 Jezusa Chrystusa, Kr\u00f3la Wszech\u015bwiata<\/strong><\/td>\n<\/tr>\n<tr>\n<td width=\"85\"><strong>08:00<\/strong><\/td>\n<td width=\"562\">1.\u00a0\u00a0\u00a0\u00a0\u00a0 Dzi\u0119kczynno-b\u0142agalna w 70 rocz. urodzin Bogumi\u0142y z pro\u015bb\u0105 o Bo\u017ce b\u0142ogos\u0142awie\u0144stwo i opiek\u0119 Matki Bo\u017cej dla Jubilata i ca\u0142ej rodziny<\/p>\n<p>2.\u00a0\u00a0\u00a0\u00a0\u00a0 + Rodzice Feliks w 54 rocz. \u015bmierci, Helena w 21 rocz. \u015bmieci, brat Edmund oraz zmarli z rodziny Koz\u0142owskich i Witkowskich<\/p>\n<p>3.\u00a0\u00a0\u00a0\u00a0\u00a0 + Czes\u0142aw<\/td>\n<\/tr>\n<tr>\n<td width=\"85\"><strong>10:00<\/strong><\/td>\n<td width=\"562\">W intencji parafii<\/td>\n<\/tr>\n<tr>\n<td width=\"85\"><strong>11:30<\/strong><\/td>\n<td width=\"562\">Dzi\u0119kczynno-b\u0142agalna w 40 rocz. \u015blubu Krystyny i Tadeusza Sobczy\u0144skich<\/td>\n<\/tr>\n<tr>\n<td width=\"85\"><strong>13:00<\/strong><\/td>\n<td width=\"562\">1.\u00a0\u00a0\u00a0\u00a0\u00a0 + M\u0105\u017c Aleksander Reszke siostra Marianna W\u0142ocka<\/p>\n<p>2.\u00a0\u00a0\u00a0\u00a0\u00a0 + Monika Hejducka &#8211; gregoria\u0144ska<\/td>\n<\/tr>\n<tr>\n<td width=\"85\"><strong>18:30<\/strong><\/td>\n<td width=\"562\">W intencji o uzdrowienie duszy i cia\u0142a<\/td>\n<\/tr>\n<tr>\n<td width=\"85\"><strong>17:00DK<\/strong><\/td>\n<td width=\"562\">+ Adam Szablewski w rocz. \u015bmierci oraz rodzice z obojga stron<\/td>\n<\/tr>\n<\/tbody>\n<\/table>\n","protected":false},"excerpt":{"rendered":"<p>14\/11\/2022 Poniedzia\u0142ek 08:00 1.\u00a0\u00a0\u00a0\u00a0\u00a0 Dzi\u0119kczynno-b\u0142agalna z okazji 70 urodzin Barbary z pro\u015bb\u0105 o zdrowie, b\u0142ogos\u0142awie\u0144stwo Bo\u017ce i opiek\u0119 Matko Bo\u017cej Niepokalanej 2.\u00a0\u00a0\u00a0\u00a0\u00a0 + Urszula w 1 rocz. \u015bmierci 3.\u00a0\u00a0\u00a0\u00a0\u00a0 + Monika Hejducka &#8211; gregoria\u0144ska 18:30 1.\u00a0\u00a0\u00a0\u00a0\u00a0 + Halina Andryskowska w 11 rocz. \u015bmierci 2.\u00a0\u00a0\u00a0\u00a0\u00a0 + Ojciec Tomasz w 33 rocz. \u015bmierci 3.\u00a0\u00a0\u00a0\u00a0\u00a0 + Janusz Gaicki [&hellip;]<\/p>\n","protected":false},"author":6,"featured_media":0,"comment_status":"closed","ping_status":"closed","sticky":false,"template":"","format":"standard","meta":{"footnotes":""},"categories":[10],"tags":[],"publishpress_future_action":{"enabled":false,"date":"1970-01-01 01:00:00","action":"","terms":[],"taxonomy":"","browser_timezone_offset":0},"_links":{"self":[{"href":"https:\/\/swmikolaj.org\/index.php\/wp-json\/wp\/v2\/posts\/38456"}],"collection":[{"href":"https:\/\/swmikolaj.org\/index.php\/wp-json\/wp\/v2\/posts"}],"about":[{"href":"https:\/\/swmikolaj.org\/index.php\/wp-json\/wp\/v2\/types\/post"}],"author":[{"embeddable":true,"href":"https:\/\/swmikolaj.org\/index.php\/wp-json\/wp\/v2\/users\/6"}],"replies":[{"embeddable":true,"href":"https:\/\/swmikolaj.org\/index.php\/wp-json\/wp\/v2\/comments?post=38456"}],"version-history":[{"count":1,"href":"https:\/\/swmikolaj.org\/index.php\/wp-json\/wp\/v2\/posts\/38456\/revisions"}],"predecessor-version":[{"id":38457,"href":"https:\/\/swmikolaj.org\/index.php\/wp-json\/wp\/v2\/posts\/38456\/revisions\/38457"}],"wp:attachment":[{"href":"https:\/\/swmikolaj.org\/index.php\/wp-json\/wp\/v2\/media?parent=38456"}],"wp:term":[{"taxonomy":"category","embeddable":true,"href":"https:\/\/swmikolaj.org\/index.php\/wp-json\/wp\/v2\/categories?post=38456"},{"taxonomy":"post_tag","embeddable":true,"href":"https:\/\/swmikolaj.org\/index.php\/wp-json\/wp\/v2\/tags?post=38456"}],"curies":[{"name":"wp","href":"https:\/\/api.w.org\/{rel}","templated":true}]}}