{"id":37876,"date":"2022-11-12T10:47:31","date_gmt":"2022-11-12T09:47:31","guid":{"rendered":"https:\/\/swmikolaj.org\/?p=37876"},"modified":"2022-11-12T10:47:33","modified_gmt":"2022-11-12T09:47:33","slug":"intencje-mszy-swietych-07-13-11-2022","status":"publish","type":"post","link":"https:\/\/swmikolaj.org\/index.php\/2022\/11\/12\/intencje-mszy-swietych-07-13-11-2022\/","title":{"rendered":"INTENCJE MSZY \u015aWI\u0118TYCH 07 &#8211; 13\/11\/2022"},"content":{"rendered":"<table width=\"647\">\n<tbody>\n<tr>\n<td colspan=\"2\" width=\"647\"><strong>07\/11\/2022 Poniedzia\u0142ek<\/strong><\/td>\n<\/tr>\n<tr>\n<td width=\"85\"><strong>08:00<\/strong><\/td>\n<td width=\"562\">1.\u00a0\u00a0\u00a0\u00a0\u00a0 + El\u017cbieta, Stanis\u0142aw, Leonard, Krystyna<\/p>\n<p>2.\u00a0\u00a0\u00a0\u00a0\u00a0 + Jan, Tadeusz, Gertruda, Helena<\/p>\n<p>3.\u00a0\u00a0\u00a0\u00a0\u00a0 + J\u00f3zef w 20 rocz. \u015bmierci, Helena, Anna, Grzegorz, Bogdan Kraft<\/td>\n<\/tr>\n<tr>\n<td width=\"85\"><strong>18:30<\/strong><\/td>\n<td width=\"562\">1.\u00a0\u00a0\u00a0\u00a0\u00a0 Zbiorowa za zmar\u0142ych &#8211; wypominki od godz. 17:30<\/p>\n<p>2.\u00a0\u00a0\u00a0\u00a0\u00a0 + Stanis\u0142aw S\u0142omski, jego rodzice i dziadkowie<\/p>\n<p>3.\u00a0\u00a0\u00a0\u00a0\u00a0 + Zmarli z rodziny Brzezi\u0144skich, Belgrau i Rudackich<\/td>\n<\/tr>\n<tr>\n<td colspan=\"2\" width=\"647\"><strong>08\/11\/2022 Wtorek<\/strong><\/td>\n<\/tr>\n<tr>\n<td width=\"85\"><strong>08:00<\/strong><\/td>\n<td width=\"562\">1.\u00a0\u00a0\u00a0\u00a0\u00a0 + Rafa\u0142 Capa\u0142a w 6 rocz. \u015bmierci<\/p>\n<p>2.\u00a0\u00a0\u00a0\u00a0\u00a0 + Stanis\u0142awa w 1 rocz. \u015bmierci (ona) oraz Czes\u0142aw i Teresa<\/td>\n<\/tr>\n<tr>\n<td width=\"85\"><strong>18:30<\/strong><\/td>\n<td width=\"562\">1.\u00a0\u00a0\u00a0\u00a0\u00a0 Zbiorowa za zmar\u0142ych &#8211; wypominki od godz. 17:30<\/p>\n<p>2.\u00a0\u00a0\u00a0\u00a0\u00a0 + Karol w 37 rocz. \u015bmierci zmarli z rodziny Staszak i Studzi\u0144skich<\/p>\n<p>3.\u00a0\u00a0\u00a0\u00a0\u00a0 + Joanna Zamorowska w 2 rocz. \u015bmierci<\/td>\n<\/tr>\n<tr>\n<td width=\"85\"><strong>19:15DK<\/strong><\/td>\n<td width=\"562\">Szko\u0142a Ewangelizacji Magnificat<\/td>\n<\/tr>\n<tr>\n<td colspan=\"2\" width=\"647\"><strong>09\/11\/2022 \u015aroda<\/strong><\/td>\n<\/tr>\n<tr>\n<td width=\"85\"><strong>08:00<\/strong><\/td>\n<td width=\"562\">1.\u00a0\u00a0\u00a0\u00a0\u00a0 + Halina Rubacha w rocz. \u015bmierci<\/p>\n<p>2.\u00a0\u00a0\u00a0\u00a0\u00a0 + Krystyna, Ireneusz, Barbara, Ryszard, Eugenia<\/p>\n<p>3.\u00a0\u00a0\u00a0\u00a0\u00a0 + Monika Hejducka &#8211; gregoria\u0144ska<\/td>\n<\/tr>\n<tr>\n<td width=\"85\"><strong>18:30<\/strong><\/td>\n<td width=\"562\">1.\u00a0\u00a0\u00a0\u00a0\u00a0 + Anna i W\u0142adys\u0142aw, W\u0142adys\u0142awa i Kazimierz, Maria, Zofia, Krzysztof i Adam<\/p>\n<p>2.\u00a0\u00a0\u00a0\u00a0\u00a0 + Rodzice El\u017cbieta i Julian Brzezi\u0144scy oraz rodze\u0144stwo Jan, Irena, Zygmunt, Julian, Arnold, Jerzy, W\u0142adys\u0142aw i bratowa Maria<\/p>\n<p>3.\u00a0\u00a0\u00a0\u00a0\u00a0 + M\u0105\u017c Lucjan, rodzice z obojga stron, rodze\u0144stwo: Stanis\u0142aw, Tadeusz, Zygmunt, Katarzyna, El\u017cbieta, Roman,\u00a0 Jadwiga, Ma\u0142gorzata<\/td>\n<\/tr>\n<tr>\n<td colspan=\"2\" width=\"647\"><strong>10\/11\/2022 Czwartek<\/strong><\/td>\n<\/tr>\n<tr>\n<td width=\"85\"><strong>08:00<\/strong><\/td>\n<td width=\"562\">1.\u00a0\u00a0\u00a0\u00a0\u00a0 B\u0142agalna o \u0142ask\u0119 zdrowia dla Martynki<\/p>\n<p>2.\u00a0\u00a0\u00a0\u00a0\u00a0 + Jadwiga w 2 rocz. \u015bmierci i Eugeniusz Linke<\/p>\n<p>3.\u00a0\u00a0\u00a0\u00a0\u00a0 + Helena Dziewulska w 12 rocz. \u015bmierci, Tadeusz Dziewulski w 13 rocz. \u015bmierci rodzice z obojga stron oraz Eugenia i Bronis\u0142aw Toppa<\/p>\n<p>4.\u00a0\u00a0\u00a0\u00a0\u00a0 + Monika Hejducka &#8211; gregoria\u0144ska<\/td>\n<\/tr>\n<tr>\n<td width=\"85\"><strong>18:30<\/strong><\/td>\n<td width=\"562\">1.\u00a0\u00a0\u00a0\u00a0\u00a0 Dzi\u0119kczynno-b\u0142agalna w 80 rocz. urodzin Henryka z pro\u015bb\u0105 o dar zdrowia, Bo\u017ce b\u0142ogos\u0142awie\u0144stwo i opiek\u0119 Matki Bo\u017cej na dalsze lata<\/p>\n<p>2.\u00a0\u00a0\u00a0\u00a0\u00a0 + Hubert Soko\u0142owski w rocz. \u015bmierci<\/td>\n<\/tr>\n<tr>\n<td colspan=\"2\" width=\"647\"><strong>11\/11\/2022 Pi\u0105tek<\/strong><\/td>\n<\/tr>\n<tr>\n<td width=\"85\"><strong>08:00<\/strong><\/td>\n<td width=\"562\">1.\u00a0\u00a0\u00a0\u00a0\u00a0 Dzi\u0119kczynno-b\u0142agalna z okazji imienin ks. Witolda prosz\u0105c o zdrowie i opiek\u0119 Matki Bo\u017cej i dary Ducha \u015awi\u0119tego<\/p>\n<p>2.\u00a0\u00a0\u00a0\u00a0\u00a0 + Ojciec Jan w rocz. \u015bmierci, brat Jan, Aniela i Maria zmarli z rodziny Dobke<\/p>\n<p>3.\u00a0\u00a0\u00a0\u00a0\u00a0 + Monika Hejducka &#8211; gregoria\u0144ska<\/td>\n<\/tr>\n<tr>\n<td width=\"85\"><strong>18:30<\/strong><\/td>\n<td width=\"562\">1.\u00a0\u00a0\u00a0\u00a0\u00a0 Dzi\u0119kczynno-b\u0142agalna w 18 rocz. urodzin Emilii z pro\u015bb\u0105 o Bo\u017ce b\u0142ogos\u0142awie\u0144stwo i opiek\u0119 Matki Bo\u017cej na dalsze lata<\/p>\n<p>2.\u00a0\u00a0\u00a0\u00a0\u00a0 + Jerzy Biernat w 19 rocz. \u015bmierci<\/p>\n<p>3.\u00a0\u00a0\u00a0\u00a0\u00a0 + Miros\u0142aw Turlik w 13 rocz. \u015bmierci oraz Januariusz Turlik<\/td>\n<\/tr>\n<tr>\n<td colspan=\"2\" width=\"647\"><strong>12\/11\/2022 Sobota<\/strong><\/td>\n<\/tr>\n<tr>\n<td width=\"85\"><strong>08:00<\/strong><\/td>\n<td width=\"562\">1.\u00a0\u00a0\u00a0\u00a0\u00a0 Dzi\u0119kczynno-b\u0142agalna R\u00f3\u017c R\u00f3\u017ca\u0144cowych Rodzic\u00f3w, z pro\u015bb\u0105 za dzieci i rodzic\u00f3w oraz o \u017cycie wieczne dla zmar\u0142ych<\/p>\n<p>2.\u00a0\u00a0\u00a0\u00a0\u00a0 + Witold Radziej w 2 rocz. \u015bmierci oraz rodzice z obojga stron<\/p>\n<p>3.\u00a0\u00a0\u00a0\u00a0\u00a0 + Czes\u0142aw Wolniak oraz zmarli z rodziny z obojga stron<\/p>\n<p>4.\u00a0\u00a0\u00a0\u00a0\u00a0 + Monika Hejducka &#8211; gregoria\u0144ska<\/td>\n<\/tr>\n<tr>\n<td width=\"85\"><strong>18:30<\/strong><\/td>\n<td width=\"562\">+ Rodzice Kazimiera i Marian, Leokadia i J\u00f3zef, m\u0105\u017c Hubert<\/td>\n<\/tr>\n<tr>\n<td colspan=\"2\" width=\"647\"><strong>13\/11\/2022 <\/strong><\/p>\n<p><strong>XXXIII Niedziela Zwyk\u0142a<\/strong><\/td>\n<\/tr>\n<tr>\n<td width=\"85\"><strong>08:00<\/strong><\/td>\n<td width=\"562\">1.\u00a0\u00a0\u00a0\u00a0\u00a0 + Marianna i J\u00f3zef Rajscy<\/p>\n<p>2.\u00a0\u00a0\u00a0\u00a0\u00a0 + Rodzice i rodze\u0144stwo z obojga stron, stryj Antoni, bratowa Halina, szwagier Bogdan<\/p>\n<p>3.\u00a0\u00a0\u00a0\u00a0\u00a0 + M\u0105\u017c Jan w 4 rocz. \u015bmierci, c\u00f3rka Ewa, rodzice z obojga stron, rodze\u0144stwo, szwagrowie, babcie i dziadkowie oraz wnuk Sebastian<\/td>\n<\/tr>\n<tr>\n<td width=\"85\"><strong>10:00<\/strong><\/td>\n<td width=\"562\">W intencji parafii<\/td>\n<\/tr>\n<tr>\n<td width=\"85\"><strong>11:30<\/strong><\/td>\n<td width=\"562\">+ Stefania Kl\u00f3skowska w 5 rocz. \u015bmierci oraz Robert Kl\u00f3skowski w 22 rocz. \u015bmierci<\/td>\n<\/tr>\n<tr>\n<td width=\"85\"><strong>13:00<\/strong><\/td>\n<td width=\"562\">1.\u00a0\u00a0\u00a0\u00a0\u00a0 W intencji nowoochrzczonych<\/p>\n<p>2.\u00a0\u00a0\u00a0\u00a0\u00a0 + Zygmunt, rodzice Salomea i Franciszek oraz rodze\u0144stwo<\/td>\n<\/tr>\n<tr>\n<td width=\"85\"><strong>18:30<\/strong><\/td>\n<td width=\"562\">+ Ryszard Zdradzi\u0144ski w 30 rocz. \u015bmierci<\/td>\n<\/tr>\n<tr>\n<td width=\"85\"><strong>17:00DK<\/strong><\/td>\n<td width=\"562\">+ Monika Hejducka &#8211; gregoria\u0144ska<\/td>\n<\/tr>\n<\/tbody>\n<\/table>\n","protected":false},"excerpt":{"rendered":"<p>07\/11\/2022 Poniedzia\u0142ek 08:00 1.\u00a0\u00a0\u00a0\u00a0\u00a0 + El\u017cbieta, Stanis\u0142aw, Leonard, Krystyna 2.\u00a0\u00a0\u00a0\u00a0\u00a0 + Jan, Tadeusz, Gertruda, Helena 3.\u00a0\u00a0\u00a0\u00a0\u00a0 + J\u00f3zef w 20 rocz. \u015bmierci, Helena, Anna, Grzegorz, Bogdan Kraft 18:30 1.\u00a0\u00a0\u00a0\u00a0\u00a0 Zbiorowa za zmar\u0142ych &#8211; wypominki od godz. 17:30 2.\u00a0\u00a0\u00a0\u00a0\u00a0 + Stanis\u0142aw S\u0142omski, jego rodzice i dziadkowie 3.\u00a0\u00a0\u00a0\u00a0\u00a0 + Zmarli z rodziny Brzezi\u0144skich, Belgrau i Rudackich 08\/11\/2022 [&hellip;]<\/p>\n","protected":false},"author":6,"featured_media":0,"comment_status":"closed","ping_status":"closed","sticky":false,"template":"","format":"standard","meta":{"footnotes":""},"categories":[10],"tags":[],"publishpress_future_action":{"enabled":false,"date":"1970-01-01 01:00:00","action":"","terms":[],"taxonomy":"","browser_timezone_offset":0},"_links":{"self":[{"href":"https:\/\/swmikolaj.org\/index.php\/wp-json\/wp\/v2\/posts\/37876"}],"collection":[{"href":"https:\/\/swmikolaj.org\/index.php\/wp-json\/wp\/v2\/posts"}],"about":[{"href":"https:\/\/swmikolaj.org\/index.php\/wp-json\/wp\/v2\/types\/post"}],"author":[{"embeddable":true,"href":"https:\/\/swmikolaj.org\/index.php\/wp-json\/wp\/v2\/users\/6"}],"replies":[{"embeddable":true,"href":"https:\/\/swmikolaj.org\/index.php\/wp-json\/wp\/v2\/comments?post=37876"}],"version-history":[{"count":1,"href":"https:\/\/swmikolaj.org\/index.php\/wp-json\/wp\/v2\/posts\/37876\/revisions"}],"predecessor-version":[{"id":37877,"href":"https:\/\/swmikolaj.org\/index.php\/wp-json\/wp\/v2\/posts\/37876\/revisions\/37877"}],"wp:attachment":[{"href":"https:\/\/swmikolaj.org\/index.php\/wp-json\/wp\/v2\/media?parent=37876"}],"wp:term":[{"taxonomy":"category","embeddable":true,"href":"https:\/\/swmikolaj.org\/index.php\/wp-json\/wp\/v2\/categories?post=37876"},{"taxonomy":"post_tag","embeddable":true,"href":"https:\/\/swmikolaj.org\/index.php\/wp-json\/wp\/v2\/tags?post=37876"}],"curies":[{"name":"wp","href":"https:\/\/api.w.org\/{rel}","templated":true}]}}