{"id":32776,"date":"2022-10-21T13:30:40","date_gmt":"2022-10-21T12:30:40","guid":{"rendered":"https:\/\/swmikolaj.org\/?p=32776"},"modified":"2022-10-22T21:10:32","modified_gmt":"2022-10-22T20:10:32","slug":"intencje-mszy-swietych-24-30-10-2022","status":"publish","type":"post","link":"https:\/\/swmikolaj.org\/index.php\/2022\/10\/21\/intencje-mszy-swietych-24-30-10-2022\/","title":{"rendered":"INTENCJE MSZY \u015aWI\u0118TYCH 24 &#8211; 30\/10\/2022"},"content":{"rendered":"<table width=\"647\">\n<tbody>\n<tr>\n<td colspan=\"2\" width=\"647\"><strong>24\/10\/2022 Poniedzia\u0142ek<\/strong><\/td>\n<\/tr>\n<tr>\n<td width=\"85\"><strong>08:00<\/strong><\/td>\n<td width=\"562\">1.\u00a0\u00a0\u00a0\u00a0\u00a0 + M\u0105\u017c Stanis\u0142aw K\u0142yci\u0144ski oraz rodzice z obojga stron<\/p>\n<p>2.\u00a0\u00a0\u00a0\u00a0\u00a0 + Leszek Wroc\u0142awski<\/p>\n<p>3.\u00a0\u00a0\u00a0\u00a0\u00a0 + Marian Majewski &#8211; gregoria\u0144ska<\/td>\n<\/tr>\n<tr>\n<td width=\"85\"><strong>18:30<\/strong><\/td>\n<td width=\"562\">1.\u00a0\u00a0\u00a0\u00a0\u00a0 + W\u0142adys\u0142aw Butowski oraz rodzice z obojga stron<\/p>\n<p>2.\u00a0\u00a0\u00a0\u00a0\u00a0 + Klemens Kosza\u0142ka w 33 rocz. \u015bmierci i Bo\u017cena Kosza\u0142ka w 3 rocz. \u015bmierci<\/p>\n<p>3.\u00a0\u00a0\u00a0\u00a0\u00a0 + Anastazja Tyszkiewicz w 2 rocz. \u015bmierci oraz Aleksander Tyszkiewicz<\/td>\n<\/tr>\n<tr>\n<td colspan=\"2\" width=\"647\"><strong>25\/10\/2022 Wtorek<\/strong><\/td>\n<\/tr>\n<tr>\n<td width=\"85\"><strong>08:00<\/strong><\/td>\n<td width=\"562\">1.\u00a0\u00a0\u00a0\u00a0\u00a0 B\u0142agalna o \u0142ask\u0119 zdrowia dla Martynki<\/p>\n<p>2.\u00a0\u00a0\u00a0\u00a0\u00a0 + Franciszek<\/p>\n<p>3.\u00a0\u00a0\u00a0\u00a0\u00a0 + Marian Majewski &#8211; gregoria\u0144ska<\/td>\n<\/tr>\n<tr>\n<td width=\"85\"><strong>18:30<\/strong><\/td>\n<td width=\"562\">1.\u00a0\u00a0\u00a0\u00a0\u00a0 + J\u00f3zef i Jadwiga Dulak, dziadkowie i rodzice chrzestni<\/p>\n<p>2.\u00a0\u00a0\u00a0\u00a0\u00a0 + Rodzice Maria i Jan Reda oraz Hildegarda, Jadwiga, Franciszek<\/td>\n<\/tr>\n<tr>\n<td colspan=\"2\" width=\"647\"><strong>26\/10\/2022 \u015aroda<\/strong><\/td>\n<\/tr>\n<tr>\n<td width=\"85\"><strong>08:00<\/strong><\/td>\n<td width=\"562\">1.\u00a0\u00a0\u00a0\u00a0\u00a0 Podzi\u0119kowanie za odebrane \u0142aski z pro\u015bb\u0105 o wstawiennictwo Matki Naj\u015bwi\u0119tszej w podj\u0119ciu trudnej decyzji<\/p>\n<p>2.\u00a0\u00a0\u00a0\u00a0\u00a0 + M\u0105\u017c Jan w 9 rocz. \u015bmierci, syn Marek rodzice z obojga stron brat Kazimierz ciocia Genia i zmarli w czy\u015b\u0107cu<\/p>\n<p>3.\u00a0\u00a0\u00a0\u00a0\u00a0 + Marian Majewski &#8211; gregoria\u0144ska<\/td>\n<\/tr>\n<tr>\n<td width=\"85\"><strong>18:30<\/strong><\/td>\n<td width=\"562\">1.\u00a0\u00a0\u00a0\u00a0\u00a0 + Wnuk Sebastian Sominka, c\u00f3rka Ewa, m\u0105\u017c Jan, rodzice i rodze\u0144stwo oraz zmarli w czy\u015b\u0107cu<\/p>\n<p>2.\u00a0\u00a0\u00a0\u00a0\u00a0 + Teresa, Stanis\u0142aw i Grzegorz Mierscy<\/p>\n<p>3.\u00a0\u00a0\u00a0\u00a0\u00a0 + Jerzy w 2 rocz. \u015bmierci oraz rodzice z obojga stron i rodze\u0144stwo<\/td>\n<\/tr>\n<tr>\n<td colspan=\"2\" width=\"647\"><strong>27\/10\/2022 Czwartek<\/strong><\/td>\n<\/tr>\n<tr>\n<td width=\"85\"><strong>08:00<\/strong><\/td>\n<td width=\"562\">1.\u00a0\u00a0\u00a0\u00a0\u00a0 B\u0142agalna o \u0142ask\u0119 zdrowia dla Martynki<\/p>\n<p>2.\u00a0\u00a0\u00a0\u00a0\u00a0 O zdrowie i Bo\u017ce b\u0142ogos\u0142awie\u0144stwo dla syna Janusza<\/p>\n<p>3.\u00a0\u00a0\u00a0\u00a0\u00a0 + Julian Pob\u0142ocki<\/p>\n<p>4.\u00a0\u00a0\u00a0\u00a0\u00a0 + Marian Majewski &#8211; gregoria\u0144ska<\/td>\n<\/tr>\n<tr>\n<td width=\"85\"><strong>18:30<\/strong><\/td>\n<td width=\"562\">1.\u00a0\u00a0\u00a0\u00a0\u00a0 O Bo\u017ce b\u0142ogos\u0142awie\u0144stw dla dzieci i ich rodzin<\/p>\n<p>2.\u00a0\u00a0\u00a0\u00a0\u00a0 + Hieronim Kulesza, Henryk Nowakowski, Helena Czerwi\u0144ska, Jadwiga Bobrowska, Jan Sie\u0144ko, Ewa Sawicka, Helena Szapiel, Jan Mroczkowski, Ulla Zamiela, Iwona Zglenicka, Zdzis\u0142aw Szopi\u0144ski, Bronis\u0142aw Warowy, Eugeniusz Niecikowski, Janina Pilacka<\/td>\n<\/tr>\n<tr>\n<td colspan=\"2\" width=\"647\"><strong>28\/10\/2022 Pi\u0105tek<\/strong><\/td>\n<\/tr>\n<tr>\n<td width=\"85\"><strong>08:00<\/strong><\/td>\n<td width=\"562\">1.\u00a0\u00a0\u00a0\u00a0\u00a0 + Rodzice Cecylia i Jan oraz m\u0105\u017c Zbigniew, rodze\u0144stwo Erwin i Helena<\/p>\n<p>2.\u00a0\u00a0\u00a0\u00a0\u00a0 + Rodzice Stefania i Stanis\u0142aw oraz m\u0105\u017c Tadeusz i szwagier Tadeusz<\/p>\n<p>3.\u00a0\u00a0\u00a0\u00a0\u00a0 + Marian Majewski &#8211; gregoria\u0144ska<\/td>\n<\/tr>\n<tr>\n<td width=\"85\"><strong>18:30<\/strong><\/td>\n<td width=\"562\">1.\u00a0\u00a0\u00a0\u00a0\u00a0 + Maksymilian, Feliks i Weronika Richert oraz Adam i Ludwika Czapla<\/p>\n<p>2.\u00a0\u00a0\u00a0\u00a0\u00a0 + Siostra Krystyna w 3 rocz. \u015bmierci<\/p>\n<p>3.\u00a0\u00a0\u00a0\u00a0\u00a0 + M\u0105\u017c Tadeusz Rusza\u0142a w 6 rocz. \u015bmierci oraz rodzice i bracia Stefan i Czes\u0142aw<\/td>\n<\/tr>\n<tr>\n<td colspan=\"2\" width=\"647\"><strong>29\/10\/2022 Sobota<\/strong><\/td>\n<\/tr>\n<tr>\n<td width=\"85\"><strong>08:00<\/strong><\/td>\n<td width=\"562\">1.\u00a0\u00a0\u00a0\u00a0\u00a0 Dzi\u0119kczynno-b\u0142agalna o dar zdrowia dla m\u0119\u017ca Stanis\u0142awa<\/p>\n<p>2.\u00a0\u00a0\u00a0\u00a0\u00a0 + Zofia R\u00f3\u017cek w 1 rocz. \u015bmierci<\/p>\n<p>3.\u00a0\u00a0\u00a0\u00a0\u00a0 + Janina Basiak w 6 rocz. \u015bmierci oraz Wojciech, Czes\u0142aw, Jan, Genowefa<\/p>\n<p>4.\u00a0\u00a0\u00a0\u00a0\u00a0 + Marian Majewski &#8211; gregoria\u0144ska<\/td>\n<\/tr>\n<tr>\n<td width=\"85\"><strong>18:30<\/strong><\/td>\n<td width=\"562\">+ M\u0105\u017c Piotr Plichta w 20 rocz. \u015bmierci oraz rodzice W\u0142adys\u0142aw i Maria Konkol, Klemens i El\u017cbieta Plichta<\/td>\n<\/tr>\n<tr>\n<td colspan=\"2\" width=\"647\"><strong>30\/10\/2022<\/strong><\/p>\n<p><strong>XXXI Niedziela Zwyk\u0142a<\/strong><\/td>\n<\/tr>\n<tr>\n<td width=\"85\"><strong>08:00<\/strong><\/td>\n<td width=\"562\">1.\u00a0\u00a0\u00a0\u00a0\u00a0 + Brat J\u00f3zef w 22 rocz. \u015bmierci oraz Lucyna, Boles\u0142aw i dziadkowie z obojga stron<\/p>\n<p>2.\u00a0\u00a0\u00a0\u00a0\u00a0 + Anna, Bazyli, Zofia, Feliks, Bronis\u0142aw, Stanis\u0142aw, Henryk, Dawid, Jerzy oraz rodzice z obojga stron<\/p>\n<p>3. Dzi\u0119kczynno-b\u0142agalna w rocznic\u0119 konsekracji Anety<\/td>\n<\/tr>\n<tr>\n<td width=\"85\"><strong>10:00<\/strong><\/td>\n<td width=\"562\">W intencji parafii<\/td>\n<\/tr>\n<tr>\n<td width=\"85\"><strong>11:30<\/strong><\/td>\n<td width=\"562\">+ Anna i Leon Arczy\u0144scy oraz rodzice z obojga stron<\/td>\n<\/tr>\n<tr>\n<td width=\"85\"><strong>13:00<\/strong><\/td>\n<td width=\"562\">1.\u00a0\u00a0\u00a0\u00a0\u00a0 + Jan i Irena Ronewicz<\/p>\n<p>2.\u00a0\u00a0\u00a0\u00a0\u00a0 + Zygmunt, rodzice Salomea i Franciszek oraz rodze\u0144stwo<\/td>\n<\/tr>\n<tr>\n<td width=\"85\"><strong>18:30<\/strong><\/td>\n<td width=\"562\">+ Leokadia i Wac\u0142aw Szczepkowscy<\/td>\n<\/tr>\n<tr>\n<td width=\"85\"><strong>17:00DK<\/strong><\/td>\n<td width=\"562\">+ Marian Majewski &#8211; gregoria\u0144ska<\/td>\n<\/tr>\n<\/tbody>\n<\/table>\n","protected":false},"excerpt":{"rendered":"<p>24\/10\/2022 Poniedzia\u0142ek 08:00 1.\u00a0\u00a0\u00a0\u00a0\u00a0 + M\u0105\u017c Stanis\u0142aw K\u0142yci\u0144ski oraz rodzice z obojga stron 2.\u00a0\u00a0\u00a0\u00a0\u00a0 + Leszek Wroc\u0142awski 3.\u00a0\u00a0\u00a0\u00a0\u00a0 + Marian Majewski &#8211; gregoria\u0144ska 18:30 1.\u00a0\u00a0\u00a0\u00a0\u00a0 + W\u0142adys\u0142aw Butowski oraz rodzice z obojga stron 2.\u00a0\u00a0\u00a0\u00a0\u00a0 + Klemens Kosza\u0142ka w 33 rocz. \u015bmierci i Bo\u017cena Kosza\u0142ka w 3 rocz. \u015bmierci 3.\u00a0\u00a0\u00a0\u00a0\u00a0 + Anastazja Tyszkiewicz w 2 rocz. [&hellip;]<\/p>\n","protected":false},"author":6,"featured_media":0,"comment_status":"closed","ping_status":"closed","sticky":false,"template":"","format":"standard","meta":{"footnotes":""},"categories":[10],"tags":[],"publishpress_future_action":{"enabled":false,"date":"1970-01-01 01:00:00","action":"","terms":[],"taxonomy":"","browser_timezone_offset":0},"_links":{"self":[{"href":"https:\/\/swmikolaj.org\/index.php\/wp-json\/wp\/v2\/posts\/32776"}],"collection":[{"href":"https:\/\/swmikolaj.org\/index.php\/wp-json\/wp\/v2\/posts"}],"about":[{"href":"https:\/\/swmikolaj.org\/index.php\/wp-json\/wp\/v2\/types\/post"}],"author":[{"embeddable":true,"href":"https:\/\/swmikolaj.org\/index.php\/wp-json\/wp\/v2\/users\/6"}],"replies":[{"embeddable":true,"href":"https:\/\/swmikolaj.org\/index.php\/wp-json\/wp\/v2\/comments?post=32776"}],"version-history":[{"count":2,"href":"https:\/\/swmikolaj.org\/index.php\/wp-json\/wp\/v2\/posts\/32776\/revisions"}],"predecessor-version":[{"id":32921,"href":"https:\/\/swmikolaj.org\/index.php\/wp-json\/wp\/v2\/posts\/32776\/revisions\/32921"}],"wp:attachment":[{"href":"https:\/\/swmikolaj.org\/index.php\/wp-json\/wp\/v2\/media?parent=32776"}],"wp:term":[{"taxonomy":"category","embeddable":true,"href":"https:\/\/swmikolaj.org\/index.php\/wp-json\/wp\/v2\/categories?post=32776"},{"taxonomy":"post_tag","embeddable":true,"href":"https:\/\/swmikolaj.org\/index.php\/wp-json\/wp\/v2\/tags?post=32776"}],"curies":[{"name":"wp","href":"https:\/\/api.w.org\/{rel}","templated":true}]}}