{"id":23376,"date":"2022-08-12T10:50:44","date_gmt":"2022-08-12T09:50:44","guid":{"rendered":"https:\/\/swmikolaj.org\/?p=23376"},"modified":"2022-08-12T10:50:45","modified_gmt":"2022-08-12T09:50:45","slug":"ogloszenia-duszpasterskie-14-08-2022-r","status":"publish","type":"post","link":"https:\/\/swmikolaj.org\/index.php\/2022\/08\/12\/ogloszenia-duszpasterskie-14-08-2022-r\/","title":{"rendered":"Og\u0142oszenia Duszpasterskie, 14.08.2022 r."},"content":{"rendered":"\n<ol>\n<li style=\"text-align: justify;\">Uroczysto\u015b\u0107 Wniebowzi\u0119cia Naj\u015bwi\u0119tszej Marii Panny prze\u017cywa\u0107 b\u0119dziemy w poniedzia\u0142ek, 15 sierpnia. Msze \u015bwi\u0119te wed\u0142ug porz\u0105dku niedzielnego. Na zako\u0144czenie ka\u017cdej Eucharystii b\u0119dziemy b\u0142ogos\u0142awi\u0107 kwiaty, owoce i zio\u0142a.<\/li>\n<li style=\"text-align: justify;\">Biuro parafialne do 26 sierpnia b\u0119dzie czynne w trybie wakacyjnym, tzn. w: poniedzia\u0142ek, wtorek, czwartek i pi\u0105tek od 9:15 do 10:15. W tym czasie prosimy nie za\u0142atwia\u0107 spraw organizacyjnych zwi\u0105zanych z cmentarzem parafialnym&#8230;<\/li>\n<\/ol>\n\n\n\n\n<p style=\"text-align: justify;\">3. Zach\u0119camy do przychodzenia do Spowiedzi przed Msz\u0105 \u015bwi\u0119t\u0105 <br \/>i unikania spowiadania si\u0119 podczas Eucharystii.<\/p>\n<p style=\"text-align: justify;\">4. Diecezjalne Duszpasterstwo Trze\u017awo\u015bci i Os\u00f3b Uzale\u017cnionych zaprasza na XXXI Pielgrzymk\u0119 Trze\u017awo\u015bciow\u0105 z Oliwy do Matemblewa. Wymarsz w poniedzia\u0142ek, 15 sierpnia o godz. 14:00 sprzed oliwskiej katedry.<\/p>\n<p style=\"text-align: justify;\">5. Pragniemy zaprosi\u0107 do akcji \u201eTornister pe\u0142en u\u015bmiech\u00f3w\u201d, w ramach kt\u00f3rej wsparcie otrzymuj\u0105 potrzebuj\u0105ce rodziny z Polski i Ukrainy. Celem akcji jest rozprowadzenie pustych plecak\u00f3w parafianom, a ci zwr\u00f3c\u0105 je zape\u0142nione \u201ewyprawk\u0105 szkoln\u0105\u201d. W ten spos\u00f3b nasz Parafialny Zesp\u00f3\u0142 Caritas przed rozpocz\u0119ciem roku szkolnego b\u0119dzie m\u00f3g\u0142 wspom\u00f3c najbardziej potrzebuj\u0105ce rodziny w naszej parafii. Ju\u017c dzisiaj mo\u017cna w\u0142\u0105czy\u0107 si\u0119 do tej akcji zabieraj\u0105c plecak z zakrystii.<\/p>\n<p style=\"text-align: justify;\"><br \/>6. Stowarzyszenie Wsp\u00f3lnota Nowego Przymierza Dzieje II zaprasza na rekolekcje weekendowe 2, 3 i 4 wrze\u015bnia w budynku starej plebanii, zatytu\u0142owane \u201e\u017bycie w Duchu \u015bw.\u201d. Op\u0142ata 40 z\u0142, szczeg\u00f3\u0142y na plakacie.<\/p>\n<p style=\"text-align: justify;\">7. Serdecznie dzi\u0119kujemy za wspieranie finansowe bie\u017c\u0105cych prac w parafii i za dzisiejsz\u0105 kolekt\u0119 remontowo-inwestycyjn\u0105.<\/p>\n<p style=\"text-align: center;\"><strong>W minionych dniach zmarli:<\/strong><br \/>+ Longina Zdrojewska, lat 86<br \/>+ Leszek Wroc\u0142awski, lat 84<br \/>+ Romuald Szulc, lat 75<br \/>+ Kazimierz Kroplewski, lat 73<br \/>+ Eugeniusz Piotrowicz, lat 87<\/p>\n\n","protected":false},"excerpt":{"rendered":"<p>Uroczysto\u015b\u0107 Wniebowzi\u0119cia Naj\u015bwi\u0119tszej Marii Panny prze\u017cywa\u0107 b\u0119dziemy w poniedzia\u0142ek, 15 sierpnia. Msze \u015bwi\u0119te wed\u0142ug porz\u0105dku niedzielnego. Na zako\u0144czenie ka\u017cdej Eucharystii b\u0119dziemy b\u0142ogos\u0142awi\u0107 kwiaty, owoce i zio\u0142a. Biuro parafialne do 26 sierpnia b\u0119dzie czynne w trybie wakacyjnym, tzn. w: poniedzia\u0142ek, wtorek, czwartek i pi\u0105tek od 9:15 do 10:15. W tym czasie prosimy nie za\u0142atwia\u0107 spraw organizacyjnych [&hellip;]<\/p>\n","protected":false},"author":6,"featured_media":0,"comment_status":"closed","ping_status":"closed","sticky":false,"template":"","format":"standard","meta":{"footnotes":""},"categories":[8,12],"tags":[],"publishpress_future_action":{"enabled":false,"date":"1970-01-01 01:00:00","action":"","terms":[],"taxonomy":"","browser_timezone_offset":0},"_links":{"self":[{"href":"https:\/\/swmikolaj.org\/index.php\/wp-json\/wp\/v2\/posts\/23376"}],"collection":[{"href":"https:\/\/swmikolaj.org\/index.php\/wp-json\/wp\/v2\/posts"}],"about":[{"href":"https:\/\/swmikolaj.org\/index.php\/wp-json\/wp\/v2\/types\/post"}],"author":[{"embeddable":true,"href":"https:\/\/swmikolaj.org\/index.php\/wp-json\/wp\/v2\/users\/6"}],"replies":[{"embeddable":true,"href":"https:\/\/swmikolaj.org\/index.php\/wp-json\/wp\/v2\/comments?post=23376"}],"version-history":[{"count":1,"href":"https:\/\/swmikolaj.org\/index.php\/wp-json\/wp\/v2\/posts\/23376\/revisions"}],"predecessor-version":[{"id":23377,"href":"https:\/\/swmikolaj.org\/index.php\/wp-json\/wp\/v2\/posts\/23376\/revisions\/23377"}],"wp:attachment":[{"href":"https:\/\/swmikolaj.org\/index.php\/wp-json\/wp\/v2\/media?parent=23376"}],"wp:term":[{"taxonomy":"category","embeddable":true,"href":"https:\/\/swmikolaj.org\/index.php\/wp-json\/wp\/v2\/categories?post=23376"},{"taxonomy":"post_tag","embeddable":true,"href":"https:\/\/swmikolaj.org\/index.php\/wp-json\/wp\/v2\/tags?post=23376"}],"curies":[{"name":"wp","href":"https:\/\/api.w.org\/{rel}","templated":true}]}}