{"id":23299,"date":"2022-07-29T09:42:44","date_gmt":"2022-07-29T08:42:44","guid":{"rendered":"https:\/\/swmikolaj.org\/?p=23299"},"modified":"2022-07-29T09:42:44","modified_gmt":"2022-07-29T08:42:44","slug":"intencje-mszy-swietych-25-31-07-2022","status":"publish","type":"post","link":"https:\/\/swmikolaj.org\/index.php\/2022\/07\/29\/intencje-mszy-swietych-25-31-07-2022\/","title":{"rendered":"INTENCJE MSZY \u015aWI\u0118TYCH 25 &#8211; 31\/07\/2022"},"content":{"rendered":"<table width=\"647\">\n<tbody>\n<tr>\n<td colspan=\"2\" width=\"647\"><strong>25\/07\/2022 Poniedzia\u0142ek<\/strong><\/td>\n<\/tr>\n<tr>\n<td width=\"85\"><strong>08:00<\/strong><\/td>\n<td width=\"562\">1.\u00a0\u00a0\u00a0\u00a0\u00a0 B\u0142agalna o \u0142ask\u0119 zdrowia dla Martynki<\/p>\n<p>2.\u00a0\u00a0\u00a0\u00a0\u00a0 + Stanis\u0142aw Wo\u015b<\/td>\n<\/tr>\n<tr>\n<td width=\"85\"><strong>18:30<\/strong><\/td>\n<td width=\"562\">1.\u00a0\u00a0\u00a0\u00a0\u00a0 + Ryszard Gronalewski w 1 rocz. \u015bmierci<\/p>\n<p>2.\u00a0\u00a0\u00a0\u00a0\u00a0 + Zenon Blencki + gregoria\u0144ska<\/td>\n<\/tr>\n<tr>\n<td colspan=\"2\" width=\"647\"><strong>26\/07\/2022 Wtorek<\/strong><\/td>\n<\/tr>\n<tr>\n<td width=\"85\"><strong>08:00<\/strong><\/td>\n<td width=\"562\">1.\u00a0\u00a0\u00a0\u00a0\u00a0 Z podzi\u0119kowaniem za otrzymane \u0142aski z pro\u015bb\u0105 o Bo\u017ce b\u0142ogos\u0142awie\u0144stwo i opiek\u0119 Matki Bo\u017cej dla rodziny Gajd\u00f3w<\/p>\n<p>2.\u00a0\u00a0\u00a0\u00a0\u00a0 + Irena Sosidko &#8211; intencja od VI R\u00f3\u017cy \u017bywego R\u00f3\u017ca\u0144ca<\/td>\n<\/tr>\n<tr>\n<td width=\"85\"><strong>18:30<\/strong><\/td>\n<td width=\"562\">1.\u00a0\u00a0\u00a0\u00a0\u00a0 + Antoni i Marta Rekowscy, rodzice z obojga stron, Apolonia, J\u00f3zef, Kazimierz, Jadwiga i zmarli w czy\u015b\u0107cu<\/p>\n<p>2.\u00a0\u00a0\u00a0\u00a0\u00a0 + Zenon Blencki + gregoria\u0144ska<\/td>\n<\/tr>\n<tr>\n<td colspan=\"2\" width=\"647\"><strong>27\/07\/2022 \u015aroda<\/strong><\/td>\n<\/tr>\n<tr>\n<td width=\"85\"><strong>08:00<\/strong><\/td>\n<td width=\"562\">1.\u00a0\u00a0\u00a0\u00a0\u00a0 B\u0142agalna o \u0142ask\u0119 zdrowia dla Martynki<\/p>\n<p>2.\u00a0\u00a0\u00a0\u00a0\u00a0 + Zenon Blencki + gregoria\u0144ska<\/td>\n<\/tr>\n<tr>\n<td width=\"85\"><strong>12:00<\/strong><\/td>\n<td width=\"562\">Pogrzeb: \u015bp. Leszek \u017buchowski, lat 73<\/td>\n<\/tr>\n<tr>\n<td width=\"85\"><strong>18:30<\/strong><\/td>\n<td width=\"562\">1.\u00a0\u00a0\u00a0\u00a0\u00a0 + Stanis\u0142awa<\/p>\n<p>2.\u00a0\u00a0\u00a0\u00a0\u00a0 + Bronis\u0142aw Kila w 6 rocz. \u015bmierci oraz Bernadeta Kila<\/td>\n<\/tr>\n<tr>\n<td colspan=\"2\" width=\"647\"><strong>28\/07\/2022 Czwartek<\/strong><\/td>\n<\/tr>\n<tr>\n<td width=\"85\"><strong>08:00<\/strong><\/td>\n<td width=\"562\">1.\u00a0\u00a0\u00a0\u00a0\u00a0 + M\u0105\u017c Tadeusz Nakonieczny oraz rodzice z obojga stron<\/p>\n<p>2.\u00a0\u00a0\u00a0\u00a0\u00a0 + Zenon Blencki + gregoria\u0144ska<\/td>\n<\/tr>\n<tr>\n<td width=\"85\"><strong>18:30<\/strong><\/td>\n<td width=\"562\">1.\u00a0\u00a0\u00a0\u00a0\u00a0 + Bogumi\u0142a Leman, Krystyna Semak, Antoni Gozdowski, Helena Elgert, Irena Sosidko, Konstanty Siekierski, Jolanta Kowalczuk, Jadwiga Witulska, Antoni Mazur, Joanna Kr\u0119pa, Piotr Majewski, Jaros\u0142aw Ziarkowski, Henryk Magryta, Zbigniew Plichta, Genowefa Lamk, Tadeusz Pikulski<\/p>\n<p>2.\u00a0\u00a0\u00a0\u00a0\u00a0 + Ewa Wenta w 8 rocz. \u015bmierci oraz zmarli z rodziny<\/td>\n<\/tr>\n<tr>\n<td colspan=\"2\" width=\"647\"><strong>29\/07\/2022 Pi\u0105tek<\/strong><\/td>\n<\/tr>\n<tr>\n<td width=\"85\"><strong>08:00<\/strong><\/td>\n<td width=\"562\">1.\u00a0\u00a0\u00a0\u00a0\u00a0 B\u0142agalna o \u0142ask\u0119 zdrowia dla Martynki<\/p>\n<p>2.\u00a0\u00a0\u00a0\u00a0\u00a0 + C\u00f3rka Teresa oraz Jolanta, El\u017cbieta, m\u0105\u017c Kazimierz, wnuk Krzysztof, siostry Leokadia i Klara, siostrze\u0144cy Jaros\u0142aw i Roman, rodzice z obojga stron<\/td>\n<\/tr>\n<tr>\n<td width=\"85\"><strong>11:00<\/strong><\/td>\n<td width=\"562\">Pogrzeb: \u015bp. Teodora Narojczyk, lat 85<\/td>\n<\/tr>\n<tr>\n<td width=\"85\"><strong>18:30<\/strong><\/td>\n<td width=\"562\">1.\u00a0\u00a0\u00a0\u00a0\u00a0 + Zmarli z rodziny Lewandowskich i Kurpiel\u00f3w<\/p>\n<p>2.\u00a0\u00a0\u00a0\u00a0\u00a0 + Zenon Blencki + gregoria\u0144ska<\/td>\n<\/tr>\n<tr>\n<td colspan=\"2\" width=\"647\"><strong>30\/07\/2022 Sobota<\/strong><\/td>\n<\/tr>\n<tr>\n<td width=\"85\"><strong>08:00<\/strong><\/td>\n<td width=\"562\">1.\u00a0\u00a0\u00a0\u00a0\u00a0 + Danuta Jasi\u0144ska w 1 rocz. \u015bmierci<\/p>\n<p>2.\u00a0\u00a0\u00a0\u00a0\u00a0 + Zenon Blencki + gregoria\u0144ska<\/td>\n<\/tr>\n<tr>\n<td width=\"85\"><strong>12:30<\/strong><\/td>\n<td width=\"562\">Pogrzeb: \u015bp. Daniela Matkowska, lat 80<\/td>\n<\/tr>\n<tr>\n<td width=\"85\"><strong>16:00<\/strong><\/td>\n<td width=\"562\">\u015alub: Anna i Mateusz<\/td>\n<\/tr>\n<tr>\n<td width=\"85\"><strong>18:30<\/strong><\/td>\n<td width=\"562\">+ Tadeusz \u015awi\u0105tkowski oraz zmarli z rodziny<\/td>\n<\/tr>\n<tr>\n<td width=\"85\"><strong>19:30DK<\/strong><\/td>\n<td width=\"562\">Liturgia niedzielna wsp\u00f3lnot neokatechumenalnych<\/p>\n<p>+ Aleksander Kozaczuk w 2 rocz. \u015bmierci<\/td>\n<\/tr>\n<tr>\n<td colspan=\"2\" width=\"647\"><strong>31\/07\/2022<\/strong><\/p>\n<p><strong>XVIII Niedziela Zwyk\u0142a<\/strong><\/td>\n<\/tr>\n<tr>\n<td width=\"85\"><strong>08:00<\/strong><\/td>\n<td width=\"562\">1.\u00a0\u00a0\u00a0\u00a0\u00a0 + Kazimierz Snopkowski<\/p>\n<p>2.\u00a0\u00a0\u00a0\u00a0\u00a0 + Helena i Gerard Pawelczyk<\/td>\n<\/tr>\n<tr>\n<td width=\"85\"><strong>10:00<\/strong><\/td>\n<td width=\"562\">W intencji parafii<\/td>\n<\/tr>\n<tr>\n<td width=\"85\"><strong>11:30<\/strong><\/td>\n<td width=\"562\">+ Helena Matusze\u0144ska w 4 rocz. \u015bmierci oraz zmarli z rodzin Matusze\u0144skich i Ros\u0142anek<\/td>\n<\/tr>\n<tr>\n<td width=\"85\"><strong>13:00<\/strong><\/td>\n<td width=\"562\">+ Zenon Blencki + gregoria\u0144ska<\/td>\n<\/tr>\n<tr>\n<td width=\"85\"><strong>18:30<\/strong><\/td>\n<td width=\"562\">+ Zenobia Dulak w rocznic\u0119 \u015bmierci oraz rodzice Maria i Stanis\u0142aw Musia\u0142, Jadwiga i J\u00f3zef Dulak<\/td>\n<\/tr>\n<\/tbody>\n<\/table>\n","protected":false},"excerpt":{"rendered":"<p>25\/07\/2022 Poniedzia\u0142ek 08:00 1.\u00a0\u00a0\u00a0\u00a0\u00a0 B\u0142agalna o \u0142ask\u0119 zdrowia dla Martynki 2.\u00a0\u00a0\u00a0\u00a0\u00a0 + Stanis\u0142aw Wo\u015b 18:30 1.\u00a0\u00a0\u00a0\u00a0\u00a0 + Ryszard Gronalewski w 1 rocz. \u015bmierci 2.\u00a0\u00a0\u00a0\u00a0\u00a0 + Zenon Blencki + gregoria\u0144ska 26\/07\/2022 Wtorek 08:00 1.\u00a0\u00a0\u00a0\u00a0\u00a0 Z podzi\u0119kowaniem za otrzymane \u0142aski z pro\u015bb\u0105 o Bo\u017ce b\u0142ogos\u0142awie\u0144stwo i opiek\u0119 Matki Bo\u017cej dla rodziny Gajd\u00f3w 2.\u00a0\u00a0\u00a0\u00a0\u00a0 + Irena Sosidko &#8211; [&hellip;]<\/p>\n","protected":false},"author":6,"featured_media":0,"comment_status":"closed","ping_status":"closed","sticky":false,"template":"","format":"standard","meta":{"footnotes":""},"categories":[10],"tags":[],"publishpress_future_action":{"enabled":false,"date":"1970-01-01 01:00:00","action":"","terms":[],"taxonomy":"","browser_timezone_offset":0},"_links":{"self":[{"href":"https:\/\/swmikolaj.org\/index.php\/wp-json\/wp\/v2\/posts\/23299"}],"collection":[{"href":"https:\/\/swmikolaj.org\/index.php\/wp-json\/wp\/v2\/posts"}],"about":[{"href":"https:\/\/swmikolaj.org\/index.php\/wp-json\/wp\/v2\/types\/post"}],"author":[{"embeddable":true,"href":"https:\/\/swmikolaj.org\/index.php\/wp-json\/wp\/v2\/users\/6"}],"replies":[{"embeddable":true,"href":"https:\/\/swmikolaj.org\/index.php\/wp-json\/wp\/v2\/comments?post=23299"}],"version-history":[{"count":1,"href":"https:\/\/swmikolaj.org\/index.php\/wp-json\/wp\/v2\/posts\/23299\/revisions"}],"predecessor-version":[{"id":23300,"href":"https:\/\/swmikolaj.org\/index.php\/wp-json\/wp\/v2\/posts\/23299\/revisions\/23300"}],"wp:attachment":[{"href":"https:\/\/swmikolaj.org\/index.php\/wp-json\/wp\/v2\/media?parent=23299"}],"wp:term":[{"taxonomy":"category","embeddable":true,"href":"https:\/\/swmikolaj.org\/index.php\/wp-json\/wp\/v2\/categories?post=23299"},{"taxonomy":"post_tag","embeddable":true,"href":"https:\/\/swmikolaj.org\/index.php\/wp-json\/wp\/v2\/tags?post=23299"}],"curies":[{"name":"wp","href":"https:\/\/api.w.org\/{rel}","templated":true}]}}