{"id":168408,"date":"2026-09-04T16:20:18","date_gmt":"2026-09-04T15:20:18","guid":{"rendered":"https:\/\/swmikolaj.org\/?p=168408"},"modified":"2026-09-04T16:20:18","modified_gmt":"2026-09-04T15:20:18","slug":"intencje-mszy-swietych-07-13-09-2026","status":"publish","type":"post","link":"https:\/\/swmikolaj.org\/index.php\/2026\/09\/04\/intencje-mszy-swietych-07-13-09-2026\/","title":{"rendered":"INTENCJE MSZY \u015aWI\u0118TYCH 07 &#8211; 13\/09\/2026"},"content":{"rendered":"<table width=\"647\">\n<tbody>\n<tr>\n<td colspan=\"2\" width=\"647\"><strong>07\/09\/2026 Poniedzia\u0142ek<\/strong><\/td>\n<\/tr>\n<tr>\n<td width=\"85\"><strong>08:00<\/strong><\/td>\n<td width=\"562\">1.\u00a0\u00a0\u00a0\u00a0 + Krzysztof Lesner oraz zmarli z rodziny<\/p>\n<p>2.\u00a0\u00a0\u00a0\u00a0 + Alojzy w 26 rocz. \u015bmierci<\/td>\n<\/tr>\n<tr>\n<td width=\"85\"><strong>18:30<\/strong><\/td>\n<td width=\"562\">1.\u00a0\u00a0\u00a0\u00a0 W intencji wsp\u00f3lnoty SYCHAR o dary Ducha \u015awi\u0119tego dla ma\u0142\u017conk\u00f3w i opiek\u0119 Naj\u015bwi\u0119tszej Maryi Panny i \u015bw. Miko\u0142aja<\/p>\n<p>2.\u00a0\u00a0\u00a0\u00a0 + Jerzy Zakrzewski w 20 rocz. \u015bmierci i rodzice z obojga stron<\/td>\n<\/tr>\n<tr>\n<td colspan=\"2\" width=\"647\"><strong>08\/09\/2026 Wtorek<\/strong><\/td>\n<\/tr>\n<tr>\n<td width=\"85\"><strong>08:00<\/strong><\/td>\n<td width=\"562\">1.\u00a0\u00a0\u00a0\u00a0 + Zmarli z rodziny Kosewskich<\/p>\n<p>2.\u00a0\u00a0\u00a0\u00a0 + Renata, Jan, Honorata i Tadeusz oraz zmarli z rodziny<\/td>\n<\/tr>\n<tr>\n<td width=\"85\"><strong>18:30<\/strong><\/td>\n<td width=\"562\">1.\u00a0\u00a0\u00a0\u00a0 Dzi\u0119kczynno-b\u0142agalna w 40 rocz. urodzin \u0141ukasza z pro\u015bb\u0105 o potrzebne \u0142aski dla Jubilata i jego rodziny<\/p>\n<p>2.\u00a0\u00a0\u00a0\u00a0 + Jerzy Guczek w 5 rocz. \u015bmierci oraz rodzice z obojga stron<\/td>\n<\/tr>\n<tr>\n<td width=\"85\"><strong>19:15DK<\/strong><\/td>\n<td width=\"562\">Szko\u0142a Ewangelizacji Magnificat<\/td>\n<\/tr>\n<tr>\n<td colspan=\"2\" width=\"647\"><strong>09\/09\/2026 \u015aroda<\/strong><\/td>\n<\/tr>\n<tr>\n<td width=\"85\"><strong>08:00<\/strong><\/td>\n<td width=\"562\">1.\u00a0\u00a0\u00a0\u00a0 + Ciocie, wujkowie, krewni i zmarli w czy\u015b\u0107cu<\/p>\n<p>2.\u00a0\u00a0\u00a0\u00a0 + Teresa Domaga\u0142a &#8211; intencja od s\u0105siad\u00f3w<\/td>\n<\/tr>\n<tr>\n<td width=\"85\"><strong>18:30<\/strong><\/td>\n<td width=\"562\">1.\u00a0\u00a0\u00a0\u00a0 Dzi\u0119kczynno-b\u0142agalna w rocz. urodzin Janusza z pro\u015bb\u0105 o Bo\u017ce prowadzenie i opiek\u0119 Matki Bo\u017cej<\/p>\n<p>2.\u00a0\u00a0\u00a0\u00a0 + Anna, Franciszek, Agnieszka, Kazimierz i Pawe\u0142<\/td>\n<\/tr>\n<tr>\n<td colspan=\"2\" width=\"647\"><strong>10\/09\/2026 Czwartek<\/strong><\/td>\n<\/tr>\n<tr>\n<td width=\"85\"><strong>08:00<\/strong><\/td>\n<td width=\"562\">1.\u00a0\u00a0\u00a0\u00a0 + Zmarli z rodziny Kosewskich<\/p>\n<p>2.\u00a0\u00a0\u00a0\u00a0 + M\u0105\u017c J\u00f3zef Trzebiatowski w 20 rocz. \u015bmierci oraz rodzice z obojga stron<\/td>\n<\/tr>\n<tr>\n<td width=\"85\"><strong>18:30<\/strong><\/td>\n<td width=\"562\">1.\u00a0\u00a0\u00a0\u00a0 Dzi\u0119kczynno-b\u0142agalna o Bo\u017ce b\u0142ogos\u0142awie\u0144stwo i opiek\u0119 Matki Bo\u017cej dla Miko\u0142aja<\/p>\n<p>2.\u00a0\u00a0\u00a0\u00a0 + M\u0105\u017c J\u00f3zef Zielman oraz rodzice z obojga stron<\/td>\n<\/tr>\n<tr>\n<td colspan=\"2\" width=\"647\"><strong>11\/09\/2026 Pi\u0105tek<\/strong><\/td>\n<\/tr>\n<tr>\n<td width=\"85\"><strong>08:00<\/strong><\/td>\n<td width=\"562\">1.\u00a0\u00a0\u00a0\u00a0 + Stanis\u0142aw w 40 rocz. \u015bmierci i Bernadeta oraz zmarli z rodzin Cygert i Szyca<\/p>\n<p>2.\u00a0\u00a0\u00a0\u00a0 + Ryszard w 30 rocz. \u015bmierci oraz rodzice z obojga stron<\/td>\n<\/tr>\n<tr>\n<td width=\"85\"><strong>18:30<\/strong><\/td>\n<td width=\"562\">1.\u00a0\u00a0\u00a0\u00a0 Dzi\u0119kczynno-b\u0142agalna w rocz. urodzin Waldemara z pro\u015bb\u0105 o Bo\u017ce b\u0142ogos\u0142awie\u0144stwo, dary Ducha \u015awi\u0119tego i opiek\u0119 Matki Naj\u015bwi\u0119tszej<\/p>\n<p>2.\u00a0\u00a0\u00a0\u00a0 + Waleria w 14 rocz. \u015bmierci oraz zmarli z rodziny Kosyn<\/td>\n<\/tr>\n<tr>\n<td colspan=\"2\" width=\"647\"><strong>12\/09\/2026 Sobota<\/strong><\/td>\n<\/tr>\n<tr>\n<td width=\"85\"><strong>08:00<\/strong><\/td>\n<td width=\"562\">1.\u00a0\u00a0\u00a0\u00a0 Dzi\u0119kczynno-b\u0142agalna R\u00f3\u017c R\u00f3\u017ca\u0144cowych Rodzic\u00f3w, z pro\u015bb\u0105 za dzieci i rodzic\u00f3w oraz o \u017cycie wieczne dla zmar\u0142ych<\/p>\n<p>2.\u00a0\u00a0\u00a0\u00a0 + Eugenia Antoniuk i Ewa Hajdarowicz w rocz. \u015bmierci<\/p>\n<p>3.\u00a0\u00a0\u00a0\u00a0 + Rodzice Joanna i Pawe\u0142 K\u0119pka oraz zmarli z rodziny<\/td>\n<\/tr>\n<tr>\n<td width=\"85\"><strong>14:00<\/strong><\/td>\n<td width=\"562\">\u015alub: Joanna i Sebastian<\/td>\n<\/tr>\n<tr>\n<td width=\"85\"><strong>16:00<\/strong><\/td>\n<td width=\"562\">\u015alub: Paulina i Maciej<\/td>\n<\/tr>\n<tr>\n<td width=\"85\"><strong>18:30<\/strong><\/td>\n<td width=\"562\">+ Irena i Mieczys\u0142aw Grygiel, rodzice i rodze\u0144stwo z obojga stron oraz Anna, Miros\u0142awa (ona), Edmund, Jana i Stanis\u0142aw<\/td>\n<\/tr>\n<tr>\n<td colspan=\"2\" width=\"647\"><strong>13\/09\/2026 <\/strong><\/p>\n<p><strong>XXIV Niedziela Zwyk\u0142a<\/strong><\/td>\n<\/tr>\n<tr>\n<td width=\"85\"><strong>08:00<\/strong><\/td>\n<td width=\"562\">1.\u00a0\u00a0\u00a0\u00a0 Dzi\u0119kczynno-b\u0142agalna w intencji Zuzi w 10 rocz. urodzin z pro\u015bb\u0105 o Bo\u017ce b\u0142ogos\u0142awie\u0144stwo i dar zdrowia, tak\u017ce dla Ma\u0107ka<\/p>\n<p>2.\u00a0\u00a0\u00a0\u00a0 + Teresa Go\u0142u\u0144ska w 2 rocz. \u015bmierci oraz rodzice Zofia i Antoni<\/td>\n<\/tr>\n<tr>\n<td width=\"85\"><strong>10:00<\/strong><\/td>\n<td width=\"562\">W intencji parafii<\/td>\n<\/tr>\n<tr>\n<td width=\"85\"><strong>11:30<\/strong><\/td>\n<td width=\"562\">+ Jan Wolda\u0144ski oraz rodzice i rodze\u0144stwo z obojga stron<\/td>\n<\/tr>\n<tr>\n<td width=\"85\"><strong>13:00<\/strong><\/td>\n<td width=\"562\">W intencji nowoochrzczonych<\/td>\n<\/tr>\n<tr>\n<td width=\"85\"><strong>18:30<\/strong><\/td>\n<td width=\"562\">+ Eugeniusz Weso\u0142owski w 18 rocz. \u015bmierci<\/td>\n<\/tr>\n<tr>\n<td width=\"85\"><strong>20:00DK<\/strong><\/td>\n<td width=\"562\">+ Tata Edward Nerkowski<\/td>\n<\/tr>\n<\/tbody>\n<\/table>\n","protected":false},"excerpt":{"rendered":"<p>07\/09\/2026 Poniedzia\u0142ek 08:00 1.\u00a0\u00a0\u00a0\u00a0 + Krzysztof Lesner oraz zmarli z rodziny 2.\u00a0\u00a0\u00a0\u00a0 + Alojzy w 26 rocz. \u015bmierci 18:30 1.\u00a0\u00a0\u00a0\u00a0 W intencji wsp\u00f3lnoty SYCHAR o dary Ducha \u015awi\u0119tego dla ma\u0142\u017conk\u00f3w i opiek\u0119 Naj\u015bwi\u0119tszej Maryi Panny i \u015bw. Miko\u0142aja 2.\u00a0\u00a0\u00a0\u00a0 + Jerzy Zakrzewski w 20 rocz. \u015bmierci i rodzice z obojga stron 08\/09\/2026 Wtorek 08:00 1.\u00a0\u00a0\u00a0\u00a0 [&hellip;]<\/p>\n","protected":false},"author":6,"featured_media":0,"comment_status":"closed","ping_status":"closed","sticky":false,"template":"","format":"standard","meta":{"footnotes":""},"categories":[10],"tags":[],"publishpress_future_action":{"enabled":false,"date":"1970-01-01 01:00:00","action":"","terms":[],"taxonomy":"","browser_timezone_offset":0},"_links":{"self":[{"href":"https:\/\/swmikolaj.org\/index.php\/wp-json\/wp\/v2\/posts\/168408"}],"collection":[{"href":"https:\/\/swmikolaj.org\/index.php\/wp-json\/wp\/v2\/posts"}],"about":[{"href":"https:\/\/swmikolaj.org\/index.php\/wp-json\/wp\/v2\/types\/post"}],"author":[{"embeddable":true,"href":"https:\/\/swmikolaj.org\/index.php\/wp-json\/wp\/v2\/users\/6"}],"replies":[{"embeddable":true,"href":"https:\/\/swmikolaj.org\/index.php\/wp-json\/wp\/v2\/comments?post=168408"}],"version-history":[{"count":1,"href":"https:\/\/swmikolaj.org\/index.php\/wp-json\/wp\/v2\/posts\/168408\/revisions"}],"predecessor-version":[{"id":168409,"href":"https:\/\/swmikolaj.org\/index.php\/wp-json\/wp\/v2\/posts\/168408\/revisions\/168409"}],"wp:attachment":[{"href":"https:\/\/swmikolaj.org\/index.php\/wp-json\/wp\/v2\/media?parent=168408"}],"wp:term":[{"taxonomy":"category","embeddable":true,"href":"https:\/\/swmikolaj.org\/index.php\/wp-json\/wp\/v2\/categories?post=168408"},{"taxonomy":"post_tag","embeddable":true,"href":"https:\/\/swmikolaj.org\/index.php\/wp-json\/wp\/v2\/tags?post=168408"}],"curies":[{"name":"wp","href":"https:\/\/api.w.org\/{rel}","templated":true}]}}