{"id":168403,"date":"2026-09-04T16:18:33","date_gmt":"2026-09-04T15:18:33","guid":{"rendered":"https:\/\/swmikolaj.org\/?p=168403"},"modified":"2026-09-04T16:32:42","modified_gmt":"2026-09-04T15:32:42","slug":"ogloszenia-duszpasterskie-i-biuletyn-parafialny-06-09-2026r","status":"publish","type":"post","link":"https:\/\/swmikolaj.org\/index.php\/2026\/09\/04\/ogloszenia-duszpasterskie-i-biuletyn-parafialny-06-09-2026r\/","title":{"rendered":"Og\u0142oszenia Duszpasterskie i Biuletyn Parafialny, 06.09.2026r."},"content":{"rendered":"\n<figure class=\"wp-block-image size-large\"><img decoding=\"async\" loading=\"lazy\" width=\"1024\" height=\"576\" src=\"https:\/\/swmikolaj.org\/wp-content\/uploads\/2026\/09\/2026.09.06-1024x576.png\" alt=\"\" class=\"wp-image-168404\" srcset=\"https:\/\/swmikolaj.org\/wp-content\/uploads\/2026\/09\/2026.09.06-1024x576.png 1024w, https:\/\/swmikolaj.org\/wp-content\/uploads\/2026\/09\/2026.09.06-300x169.png 300w, https:\/\/swmikolaj.org\/wp-content\/uploads\/2026\/09\/2026.09.06-768x432.png 768w, https:\/\/swmikolaj.org\/wp-content\/uploads\/2026\/09\/2026.09.06-676x380.png 676w, https:\/\/swmikolaj.org\/wp-content\/uploads\/2026\/09\/2026.09.06.png 1280w\" sizes=\"(max-width: 1024px) 100vw, 1024px\" \/><\/figure>\n\n\n\n<!--more-->\n\n\n<p style=\"text-align: justify;\"><span style=\"font-size: 18pt;\"><strong>1.<\/strong><\/span> \u015awi\u0119to Narodzenia Naj\u015bwi\u0119tszej Maryi Panny obchodzi\u0107 b\u0119dziemy we wtorek, 8 wrze\u015bnia. Zapraszamy na Eucharystie o 8:00, 18:30 i 19:15 w dolnym ko\u015bciele.<\/p>\n<p style=\"text-align: justify;\"><span style=\"font-size: 18pt;\"><strong>2.<\/strong><\/span> <strong>Uwaga bierzmowani.<\/strong> M\u0142odzie\u017c, kt\u00f3ra 29. wrze\u015bnia br. o 18.30 ma przyj\u0105\u0107 sakrament bierzmowania rozpoczyna swoj\u0105 nowenn\u0119 przygotowuj\u0105c\u0105 bezpo\u015brednio do tej uroczysto\u015bci w najbli\u017csz\u0105 sobot\u0119, 12 wrze\u015bnia dniem skupienia, kt\u00f3ry rozpocznie si\u0119 o 10:00 a zako\u0144czy o 18:00. Obecno\u015b\u0107 kandydat\u00f3w &#8211; zgodnie z ustaleniami z rodzicami &#8211; <strong>absolutnie obowi\u0105zkowa.<\/strong> Nast\u0119pnie od poniedzia\u0142ku, 14 wrze\u015bnia przez 7 dni b\u0119d\u0105 spotkania ju\u017c dla wszystkich kandydat\u00f3w \u0142\u0105cznie z postcresima codziennie o 19:15 w g\u00f3rnym ko\u015bciele. Spowied\u017a przed bierzmowaniem dla kandydat\u00f3w, ich rodzin i \u015bwiadk\u00f3w w poniedzia\u0142ek, 28 wrze\u015bnia od 17:00.<\/p>\n<p style=\"text-align: justify;\"><span style=\"font-size: 18pt;\"><strong>3.<\/strong><\/span> Przygotowania nowej grupy do Bierzmowania poprowadzi ks. Tomasz Makowski. M\u0142odzie\u017c z klas \u00f3smych i pierwszych klas szk\u00f3\u0142 \u015brednich, kt\u00f3ra chcia\u0142aby by\u0107 Bierzmowana we wrze\u015bniu 2027 roku prosimy o zapisywanie si\u0119 poprzez formularz zg\u0142oszeniowy dotycz\u0105cy Bierzmowania na stronie internetowej parafii.<\/p>\n<p style=\"text-align: justify;\"><span style=\"font-size: 18pt;\"><strong>4.<\/strong><\/span> Trwaj\u0105 zapisy dzieci do Pierwszej Komunii \u015awi\u0119tej. Formularz do zapis\u00f3w znajduje si\u0119 na stronie parafialnej. W tym roku przygotowania b\u0119dzie prowadzi\u0142 ks. Zbigniew.<\/p>\n<p style=\"text-align: justify;\"><span style=\"font-size: 18pt;\"><strong>5.<\/strong><\/span> Spotkanie zelator\u00f3w R\u00f3\u017c R\u00f3\u017ca\u0144cowych odb\u0119dzie si\u0119 w poniedzia\u0142ek o godz. 17:00 w kawiarence w domu parafialnym.<\/p>\n<p style=\"text-align: justify;\"><span style=\"font-size: 18pt;\"><strong>6.<\/strong><\/span> Ma\u0142\u017conk\u00f3w w kryzysie, czy to indywidulanie czy w parach, zapraszamy na spotkanie Wsp\u00f3lnoty Trudnych Ma\u0142\u017ce\u0144stw Sychar w poniedzia\u0142ek, 7 wrze\u015bnia. W planie: Msza \u015bwi\u0119ta w ko\u015bciele o 18:30, a nast\u0119pnie spotkanie w starej plebanii.<\/p>\n<p><span style=\"font-size: 18pt;\"><strong>7.<\/strong><\/span> Szko\u0142a Ewangelizacji Magnificat zaprasza na Eucharysti\u0119 we wtorek, 8 wrze\u015bnia o 19:15 do dolnego ko\u015bcio\u0142a.<\/p>\n<p><span style=\"font-size: 18pt;\"><strong>8.<\/strong><\/span> Senior\u00f3w zapraszamy na spotkanie Klubu Seniora w \u015brod\u0119, 9 wrze\u015bnia na 9:00 do domu parafialnego.<\/p>\n<p><span style=\"font-size: 18pt;\"><strong>9.<\/strong><\/span> Ks. Tomasz zaprasza na spotkanie Kr\u0119gu Biblijnego w czwartek o 19:30 do kawiarenki. Tematem b\u0119dzie &#8222;Kt\u00f3rym odpu\u015bcicie grzechy &#8211; tajemnica Bo\u017cego mi\u0142osierdzia&#8221;.<\/p>\n<p style=\"text-align: justify;\"><span style=\"font-size: 18pt;\"><strong>10.<\/strong><\/span> Spotkanie R\u00f3\u017c R\u00f3\u017ca\u0144cowych Rodzic\u00f3w modl\u0105cych si\u0119 za dzieci odb\u0119dzie si\u0119 w sobot\u0119 podczas Mszy \u015awi\u0119tej o godz. 8:00.<\/p>\n<p style=\"text-align: justify;\"><span style=\"font-size: 18pt;\"><strong>11.<\/strong><\/span> Stowarzyszenie \u015aw. Miko\u0142aja zaprasza: <br \/><span style=\"font-size: 18pt;\"><strong>a.<\/strong><\/span> m\u0142odzie\u017c na zaj\u0119cia w grupie terapeutycznej. Spotkania odbywa\u0107 si\u0119 b\u0119d\u0105, w \u015brody w godzinach od 18 do 20 od 14 wrze\u015bnia do sierpnia 2027, w naszym domu parafialnym. Poprowadz\u0105 je dwie psychoterapeutki. Oraz do plac\u00f3wki Wsparcia dziennego na zaj\u0119cia z elementami socjoterapii dzieci w weku 7-18 lat. Szczeg\u00f3\u0142owe informacje na plakatach w gablotach i na stronie internetowej oraz pod nr tel. 730 157 571.<br \/><span style=\"font-size: 18pt;\"><strong>b.<\/strong><\/span> dzieci i m\u0142odzie\u017c w wieku od 7 do 18 lat do uczestnictwa w zaj\u0119ciach z elementami socjoterapii prowadzonych przez Plac\u00f3wk\u0119 Wsparcia Dziennego. Szczeg\u00f3\u0142owe pytania i zapisy pod nr tel. 506-231-741<\/p>\n<p style=\"text-align: justify;\"><span style=\"font-size: 18pt;\"><strong>12.<\/strong><\/span> Kurs Alpha rozpocznie si\u0119 w naszej parafii 5 pa\u017adziernika. B\u0119dzie to cykl 11 spotka\u0144, na kt\u00f3re sk\u0142ada si\u0119 smaczna kolacja, dobry film i inspiruj\u0105ca rozmowa. Informacje o zapisach na plakatach.<\/p>\n<p style=\"text-align: justify;\"><span style=\"font-size: 18pt;\"><strong>13.<\/strong><\/span> Klub Seniora organizuje ciekawy i wypoczynkowy wyjazd w Bieszczady w dniach 4-10 pa\u017adziernika. Zapisy r\u00f3wnie\u017c dla os\u00f3b nie z naszej parafii pod numerem telefonu 794 151 724.<\/p>\n<p style=\"text-align: justify;\"><span style=\"font-size: 18pt;\"><strong>14.<\/strong><\/span> Zapraszamy ch\u0142opc\u00f3w oraz dziewcz\u0119ta do do\u0142\u0105czenia do S\u0142u\u017cby Liturgicznej. Zainteresowanych prosimy o kontakt z ks. Oskarem.<\/p>\n<p style=\"text-align: justify;\"><span style=\"font-size: 18pt;\"><strong>15.<\/strong><\/span> Nie b\u0119dziemy w tym roku organizowa\u0107 pielgrzymki do Swarzewa ze wzgl\u0119du na niewielk\u0105 liczb\u0119 ch\u0119tnych, a w zwi\u0105zku z tym wysokie koszty wynajmu autokaru.<\/p>\n<p style=\"text-align: justify;\"><span style=\"font-size: 18pt;\"><strong>16.<\/strong><\/span> Rada dzielnicy Chylonia zaprasza na mi\u0119dzypokoleniow\u0105 pota\u0144c\u00f3wk\u0119 z okazji 100-lecia Gdyni. Dzi\u015b, 6 wrze\u015bnia od godz. 16:00 do Parku Kilo\u0144skiego. Szczeg\u00f3\u0142y na plakatach.<\/p>\n<p style=\"text-align: justify;\"><span style=\"font-size: 18pt;\"><strong>17.<\/strong><\/span> Kwesta na Zup\u0119 Chylo\u0144sk\u0105 odb\u0119dzie si\u0119 dzisiaj po ka\u017cdej Mszy \u015awi\u0119tej. Kolekta remontowo-inwestycyjna przeznaczona na bie\u017c\u0105ce remonty w domu parafialnym i ko\u015bciele b\u0119dzie za tydzie\u0144.<\/p>\n<p style=\"text-align: justify;\"><span style=\"font-size: 18pt;\"><strong>18.<\/strong><\/span> Zapraszamy na spotkania \u201eprzy kawie\u201d w naszym domu parafialnym po niedzielnej Mszy \u015awi\u0119tej o 10:00 i 11:30.<\/p>\n<p style=\"text-align: center;\">W minionych dniach zmar\u0142a:<\/p>\n<p style=\"text-align: center;\">+ Urszula Kieli\u0144ska, lat 82.<\/p>\n\n\n<div class=\"wp-block-file\"><object class=\"wp-block-file__embed\" data=\"https:\/\/swmikolaj.org\/wp-content\/uploads\/2026\/09\/Biuletyn-Parafialny-2026-09-06-1.pdf\" type=\"application\/pdf\" style=\"width:100%;height:600px\" aria-label=\"Osadzone z Biuletyn-Parafialny-2026-09-06-1.\"><\/object><a id=\"wp-block-file--media-7c879886-6464-48aa-bd92-0223184b385c\" href=\"https:\/\/swmikolaj.org\/wp-content\/uploads\/2026\/09\/Biuletyn-Parafialny-2026-09-06-1.pdf\">Biuletyn-Parafialny-2026-09-06-1<\/a><a href=\"https:\/\/swmikolaj.org\/wp-content\/uploads\/2026\/09\/Biuletyn-Parafialny-2026-09-06-1.pdf\" class=\"wp-block-file__button wp-element-button\" download aria-describedby=\"wp-block-file--media-7c879886-6464-48aa-bd92-0223184b385c\">Pobierz<\/a><\/div>\n","protected":false},"excerpt":{"rendered":"","protected":false},"author":6,"featured_media":0,"comment_status":"closed","ping_status":"closed","sticky":false,"template":"","format":"standard","meta":{"footnotes":""},"categories":[8,12],"tags":[],"publishpress_future_action":{"enabled":false,"date":"1970-01-01 01:00:00","action":"","terms":[],"taxonomy":"","browser_timezone_offset":0},"_links":{"self":[{"href":"https:\/\/swmikolaj.org\/index.php\/wp-json\/wp\/v2\/posts\/168403"}],"collection":[{"href":"https:\/\/swmikolaj.org\/index.php\/wp-json\/wp\/v2\/posts"}],"about":[{"href":"https:\/\/swmikolaj.org\/index.php\/wp-json\/wp\/v2\/types\/post"}],"author":[{"embeddable":true,"href":"https:\/\/swmikolaj.org\/index.php\/wp-json\/wp\/v2\/users\/6"}],"replies":[{"embeddable":true,"href":"https:\/\/swmikolaj.org\/index.php\/wp-json\/wp\/v2\/comments?post=168403"}],"version-history":[{"count":5,"href":"https:\/\/swmikolaj.org\/index.php\/wp-json\/wp\/v2\/posts\/168403\/revisions"}],"predecessor-version":[{"id":168414,"href":"https:\/\/swmikolaj.org\/index.php\/wp-json\/wp\/v2\/posts\/168403\/revisions\/168414"}],"wp:attachment":[{"href":"https:\/\/swmikolaj.org\/index.php\/wp-json\/wp\/v2\/media?parent=168403"}],"wp:term":[{"taxonomy":"category","embeddable":true,"href":"https:\/\/swmikolaj.org\/index.php\/wp-json\/wp\/v2\/categories?post=168403"},{"taxonomy":"post_tag","embeddable":true,"href":"https:\/\/swmikolaj.org\/index.php\/wp-json\/wp\/v2\/tags?post=168403"}],"curies":[{"name":"wp","href":"https:\/\/api.w.org\/{rel}","templated":true}]}}