{"id":167587,"date":"2026-05-01T09:04:00","date_gmt":"2026-05-01T08:04:00","guid":{"rendered":"https:\/\/swmikolaj.org\/?p=167587"},"modified":"2026-04-30T16:11:08","modified_gmt":"2026-04-30T15:11:08","slug":"ogloszenia-duszpasterskie-i-biuletyn-parafialny-03-05-2026r","status":"publish","type":"post","link":"https:\/\/swmikolaj.org\/index.php\/2026\/05\/01\/ogloszenia-duszpasterskie-i-biuletyn-parafialny-03-05-2026r\/","title":{"rendered":"Og\u0142oszenia Duszpasterskie i Biuletyn Parafialny, 03.05.2026r."},"content":{"rendered":"\n<figure class=\"wp-block-image size-large\"><img decoding=\"async\" loading=\"lazy\" width=\"1024\" height=\"576\" src=\"https:\/\/swmikolaj.org\/wp-content\/uploads\/2026\/04\/03.05-1024x576.png\" alt=\"\" class=\"wp-image-167588\" srcset=\"https:\/\/swmikolaj.org\/wp-content\/uploads\/2026\/04\/03.05-1024x576.png 1024w, https:\/\/swmikolaj.org\/wp-content\/uploads\/2026\/04\/03.05-300x169.png 300w, https:\/\/swmikolaj.org\/wp-content\/uploads\/2026\/04\/03.05-768x432.png 768w, https:\/\/swmikolaj.org\/wp-content\/uploads\/2026\/04\/03.05-676x380.png 676w, https:\/\/swmikolaj.org\/wp-content\/uploads\/2026\/04\/03.05.png 1280w\" sizes=\"(max-width: 1024px) 100vw, 1024px\" \/><\/figure>\n\n\n\n<!--more-->\n\n\n<p style=\"text-align: justify;\"><span style=\"font-size: 18pt;\"><strong>1.<\/strong><\/span> Nabo\u017ce\u0144stwa Majowe sprasowujemy codziennie o 18:00.<\/p>\n<p style=\"text-align: justify;\"><span style=\"font-size: 18pt;\"><strong>2.<\/strong><\/span> Spotkanie dla rodzic\u00f3w dzieci pierwszokomunijnych z grupy ks. Oskara b\u0119dzie w niedziel\u0119, 10 maja po Mszy \u015awi\u0119tej o 11:30 w kawiarence.<\/p>\n<p style=\"text-align: justify;\"><span style=\"font-size: 18pt;\"><strong>3.<\/strong><\/span> Rocznica Pierwszej Komunii \u015awi\u0119tej dla dzieci z klas czwartych odb\u0119dzie si\u0119 w niedziel\u0119, 7 czerwca o 11:30.<\/p>\n<p style=\"text-align: justify;\"><span style=\"font-size: 18pt;\"><strong>4.<\/strong><\/span> Ma\u0142\u017conk\u00f3w w kryzysie, czy to indywidulanie czy w parach, zapraszamy na spotkanie Wsp\u00f3lnoty Trudnych Ma\u0142\u017ce\u0144stw Sychar w poniedzia\u0142ek, 4 maja. W planie: Msza \u015bwi\u0119ta w ko\u015bciele o 18:30, a nast\u0119pnie spotkanie w starej plebanii.<\/p>\n<p style=\"text-align: justify;\"><span style=\"font-size: 18pt;\"><strong>5.<\/strong><\/span> Szko\u0142a Ewangelizacji Magnificat zaprasza na Eucharysti\u0119 we wtorek, 5 maja o 19:15 w dolnym ko\u015bciele.<\/p>\n<p style=\"text-align: justify;\"><span style=\"font-size: 18pt;\"><strong>6.<\/strong><\/span> Spotkanie Klubu Seniora odb\u0119dzie si\u0119 we \u015brod\u0119 o 9:00 w kawiarence.<\/p>\n<p style=\"text-align: justify;\"><span style=\"font-size: 18pt;\"><strong>7.<\/strong><\/span> Spotkanie R\u00f3\u017c R\u00f3\u017ca\u0144cowych Rodzic\u00f3w modl\u0105cych si\u0119 za dzieci odb\u0119dzie si\u0119 w sobot\u0119 podczas Mszy \u015awi\u0119tej o godz. 8:00.<\/p>\n<p style=\"text-align: justify;\"><span style=\"font-size: 18pt;\"><strong>8.<\/strong><\/span> Spotkanie Czcicieli Mi\u0142osierdzia Bo\u017cego w sobot\u0119, 9 maja o 15:30 w kawiarence w domu parafialnym.<\/p>\n<p style=\"text-align: justify;\"><span style=\"font-size: 18pt;\"><strong>9.<\/strong><\/span> Cz\u0142onk\u00f3w R\u00f3\u017c \u017bywego R\u00f3\u017ca\u0144ca zapraszamy na Archidiecezjalny Kongres, kt\u00f3ry odb\u0119dzie si\u0119 w sobot\u0119 9 maja w Sanktuarium NMP Wspomo\u017cenia Wiernych w Rumi. Rozpocz\u0119cie uroczysto\u015bci o godz. 09:30, przewidywane zako\u0144czenie ok. godz. 14:00. Dojazd we w\u0142asnym zakresie. Najkorzystniej autobusem linii R z przystanku \u201eMaksyka\u0144ska\u201d.<\/p>\n<p style=\"text-align: justify;\"><span style=\"font-size: 18pt;\"><strong>10.<\/strong><\/span> Arcybiskup Metropolita Gda\u0144ski Tadeusz Wojda SAC zaprasza na odpust diecezjalny w niedziel\u0119, 10 maja na Wzg\u00f3rze \u015awi\u0119tego Wojciecha w Gda\u0144sku. Uroczystej Mszy \u015awi\u0119tej o godz. 12:00 przewodniczy\u0107 b\u0119dzie nuncjusz apostolski, abp Antonio Guido Filipazzi.<\/p>\n<p style=\"text-align: justify;\"><span style=\"font-size: 18pt;\"><strong>11.<\/strong><\/span> Dzisiaj odbywa si\u0119 kwesta na Zup\u0119 Chylo\u0144sk\u0105 po ka\u017cdej Mszy \u015awi\u0119tej.<\/p>\n<p style=\"text-align: justify;\"><span style=\"font-size: 18pt;\"><strong>12.<\/strong><\/span> Zapraszamy do kawiarenki dzisiaj po Mszy \u015awi\u0119tej o 10:00 i 11:30.<\/p>\n<p style=\"text-align: center;\">W minionych dniach zmarli:<br \/>+ Edeltruda Teresa Szachta, lat 86; <br \/>+ Irena Kuligowska, lat 90; <br \/>+ Maria Hebel, lat 83; <br \/>+ Stanis\u0142aw Suszek, lat 80.<\/p>\n\n\n<div class=\"wp-block-file\"><object class=\"wp-block-file__embed\" data=\"https:\/\/swmikolaj.org\/wp-content\/uploads\/2026\/04\/Biuletyn-Parafialny-2026-05-03.pdf\" type=\"application\/pdf\" style=\"width:100%;height:600px\" aria-label=\"Osadzone z Biuletyn-Parafialny-2026-05-03.\"><\/object><a id=\"wp-block-file--media-ececf35b-691c-4147-a2ef-20090e979842\" href=\"https:\/\/swmikolaj.org\/wp-content\/uploads\/2026\/04\/Biuletyn-Parafialny-2026-05-03.pdf\">Biuletyn-Parafialny-2026-05-03<\/a><a href=\"https:\/\/swmikolaj.org\/wp-content\/uploads\/2026\/04\/Biuletyn-Parafialny-2026-05-03.pdf\" class=\"wp-block-file__button wp-element-button\" download aria-describedby=\"wp-block-file--media-ececf35b-691c-4147-a2ef-20090e979842\">Pobierz<\/a><\/div>\n","protected":false},"excerpt":{"rendered":"","protected":false},"author":6,"featured_media":0,"comment_status":"closed","ping_status":"closed","sticky":false,"template":"","format":"standard","meta":{"footnotes":""},"categories":[8,12],"tags":[],"publishpress_future_action":{"enabled":false,"date":"1970-01-01 01:00:00","action":"","terms":[],"taxonomy":"","browser_timezone_offset":0},"_links":{"self":[{"href":"https:\/\/swmikolaj.org\/index.php\/wp-json\/wp\/v2\/posts\/167587"}],"collection":[{"href":"https:\/\/swmikolaj.org\/index.php\/wp-json\/wp\/v2\/posts"}],"about":[{"href":"https:\/\/swmikolaj.org\/index.php\/wp-json\/wp\/v2\/types\/post"}],"author":[{"embeddable":true,"href":"https:\/\/swmikolaj.org\/index.php\/wp-json\/wp\/v2\/users\/6"}],"replies":[{"embeddable":true,"href":"https:\/\/swmikolaj.org\/index.php\/wp-json\/wp\/v2\/comments?post=167587"}],"version-history":[{"count":1,"href":"https:\/\/swmikolaj.org\/index.php\/wp-json\/wp\/v2\/posts\/167587\/revisions"}],"predecessor-version":[{"id":167590,"href":"https:\/\/swmikolaj.org\/index.php\/wp-json\/wp\/v2\/posts\/167587\/revisions\/167590"}],"wp:attachment":[{"href":"https:\/\/swmikolaj.org\/index.php\/wp-json\/wp\/v2\/media?parent=167587"}],"wp:term":[{"taxonomy":"category","embeddable":true,"href":"https:\/\/swmikolaj.org\/index.php\/wp-json\/wp\/v2\/categories?post=167587"},{"taxonomy":"post_tag","embeddable":true,"href":"https:\/\/swmikolaj.org\/index.php\/wp-json\/wp\/v2\/tags?post=167587"}],"curies":[{"name":"wp","href":"https:\/\/api.w.org\/{rel}","templated":true}]}}