{"id":167585,"date":"2026-04-30T15:29:33","date_gmt":"2026-04-30T14:29:33","guid":{"rendered":"https:\/\/swmikolaj.org\/?p=167585"},"modified":"2026-04-30T15:29:33","modified_gmt":"2026-04-30T14:29:33","slug":"intencje-mszy-swietych-04-10-05-2026","status":"publish","type":"post","link":"https:\/\/swmikolaj.org\/index.php\/2026\/04\/30\/intencje-mszy-swietych-04-10-05-2026\/","title":{"rendered":"INTENCJE MSZY \u015aWI\u0118TYCH 04 &#8211; 10\/05\/2026"},"content":{"rendered":"<table width=\"647\">\n<tbody>\n<tr>\n<td colspan=\"2\" width=\"647\"><strong>04\/05\/2026 Poniedzia\u0142ek<\/strong><\/td>\n<\/tr>\n<tr>\n<td width=\"85\"><strong>08:00<\/strong><\/td>\n<td width=\"562\">1.\u00a0\u00a0\u00a0\u00a0 + Bo\u017cena w 5 rocz. \u015bmierci, Sylwester, Zofia i Antoni oraz zmarli z rodziny Dachnowskich i Zaj\u0105c\u00f3w<\/p>\n<p>2.\u00a0\u00a0\u00a0\u00a0 + Agnieszka Niemczyk &#8211; gregoria\u0144ska<\/td>\n<\/tr>\n<tr>\n<td width=\"85\"><strong>18:30<\/strong><\/td>\n<td width=\"562\">1.\u00a0\u00a0\u00a0\u00a0 W intencji wsp\u00f3lnoty SYCHAR o dary Ducha \u015awi\u0119tego dla ma\u0142\u017conk\u00f3w i opiek\u0119 Naj\u015bwi\u0119tszej Maryi Panny i \u015bw. Miko\u0142aja<\/p>\n<p>2.\u00a0\u00a0\u00a0\u00a0 Dzi\u0119kczynno-b\u0142agalna w 40 rocz. urodzin S\u0142awomira\u00a0 z pro\u015bb\u0105 o potrzebne \u0142aski dla jubilata i jego rodziny<\/td>\n<\/tr>\n<tr>\n<td colspan=\"2\" width=\"647\"><strong>05\/05\/2026 Wtorek<\/strong><\/td>\n<\/tr>\n<tr>\n<td width=\"85\"><strong>08:00<\/strong><\/td>\n<td width=\"562\">1.\u00a0\u00a0\u00a0\u00a0 + Bogumi\u0142, Zuzanna i Franciszek Chmieleccy<\/p>\n<p>2.\u00a0\u00a0\u00a0\u00a0 + Adela i Piotr Wawrysiuk<\/td>\n<\/tr>\n<tr>\n<td width=\"85\"><strong>10:00<\/strong><\/td>\n<td width=\"562\">Pogrzeb: \u015bp. Stanis\u0142aw Suszek, lat 80<\/td>\n<\/tr>\n<tr>\n<td width=\"85\"><strong>18:30<\/strong><\/td>\n<td width=\"562\">+ Agnieszka Niemczyk &#8211; gregoria\u0144ska<\/td>\n<\/tr>\n<tr>\n<td width=\"85\"><strong>19:15DK<\/strong><\/td>\n<td width=\"562\">Szko\u0142a Ewangelizacji Magnificat<\/td>\n<\/tr>\n<tr>\n<td colspan=\"2\" width=\"647\"><strong>06\/05\/2026 \u015aroda<\/strong><\/td>\n<\/tr>\n<tr>\n<td width=\"85\"><strong>08:00<\/strong><\/td>\n<td width=\"562\">1.\u00a0\u00a0\u00a0\u00a0 + Helena Pietrzak w 20 rocz. \u015bmierci i za zmar\u0142ych z rodziny Pietrzak\u00f3w i Kar\u0142owskich<\/p>\n<p>2.\u00a0\u00a0\u00a0\u00a0 + Krzysztof Antoniuk w 10 rocz. \u015bmierci<\/td>\n<\/tr>\n<tr>\n<td width=\"85\"><strong>18:30<\/strong><\/td>\n<td width=\"562\">1.\u00a0\u00a0\u00a0\u00a0 + Marta i Otton<\/p>\n<p>2.\u00a0\u00a0\u00a0\u00a0 + Agnieszka Niemczyk &#8211; gregoria\u0144ska<\/td>\n<\/tr>\n<tr>\n<td colspan=\"2\" width=\"647\"><strong>07\/05\/2026 Czwartek<\/strong><\/td>\n<\/tr>\n<tr>\n<td width=\"85\"><strong>08:00<\/strong><\/td>\n<td width=\"562\">1.\u00a0\u00a0\u00a0\u00a0 Dzi\u0119kczynna za otrzymane \u0142aski dla ca\u0142ej rodziny<\/p>\n<p>2.\u00a0\u00a0\u00a0\u00a0 + Agnieszka Niemczyk &#8211; gregoria\u0144ska<\/td>\n<\/tr>\n<tr>\n<td width=\"85\"><strong>18:30<\/strong><\/td>\n<td width=\"562\">1.\u00a0\u00a0\u00a0\u00a0 + Tata Adam w 3 rocz. \u015bmierci<\/p>\n<p>2.\u00a0\u00a0\u00a0\u00a0 + W\u0142adys\u0142aw w 29 rocz. \u015bmierci oraz zmarli z rodziny Bach<\/td>\n<\/tr>\n<tr>\n<td colspan=\"2\" width=\"647\"><strong>08\/05\/2026 Pi\u0105tek<\/strong><\/td>\n<\/tr>\n<tr>\n<td width=\"85\"><strong>08:00<\/strong><\/td>\n<td width=\"562\">1.\u00a0\u00a0\u00a0\u00a0 + Stanis\u0142aw Gli\u0144ski z okazji imienin<\/p>\n<p>2.\u00a0\u00a0\u00a0\u00a0 + Agnieszka Niemczyk &#8211; gregoria\u0144ska<\/td>\n<\/tr>\n<tr>\n<td width=\"85\"><strong>18:30<\/strong><\/td>\n<td width=\"562\">1.\u00a0\u00a0\u00a0\u00a0 + Dziadek Marian oraz zmarli z rodzin Szyd\u0142owskich i Woli\u0144skich<\/p>\n<p>2.\u00a0\u00a0\u00a0\u00a0 + Antoni Brzostowski w 4 rocz. \u015bmierci oraz rodzice i rodze\u0144stwo z obojga stron<\/td>\n<\/tr>\n<tr>\n<td colspan=\"2\" width=\"647\"><strong>09\/05\/2026 Sobota<\/strong><\/td>\n<\/tr>\n<tr>\n<td width=\"85\"><strong>08:00<\/strong><\/td>\n<td width=\"562\">1.\u00a0\u00a0\u00a0\u00a0 Dzi\u0119kczynno-b\u0142agalna R\u00f3\u017c R\u00f3\u017ca\u0144cowych Rodzic\u00f3w, z pro\u015bb\u0105 za dzieci i rodzic\u00f3w oraz o \u017cycie wieczne dla zmar\u0142ych<\/p>\n<p>2.\u00a0\u00a0\u00a0\u00a0 Dzi\u0119kczynno-b\u0142agalna za otrzymane \u0142aski prosz\u0105c o Bo\u017ce b\u0142ogos\u0142awie\u0144stwo, dary Ducha \u015awi\u0119tego, opiek\u0119 Matki Bo\u017cej i zdrowie dla ks. Witolda<\/p>\n<p>3.\u00a0\u00a0\u00a0\u00a0 + Ignacy i Joanna Hebel oraz zmarli z rodziny<\/p>\n<p>4.\u00a0\u00a0\u00a0\u00a0 + Agnieszka Niemczyk &#8211; gregoria\u0144ska<\/td>\n<\/tr>\n<tr>\n<td width=\"85\"><strong>18:30<\/strong><\/td>\n<td width=\"562\">+ Jolanta Saci\u0142owska oraz Albin i W\u0142adys\u0142awa<\/td>\n<\/tr>\n<tr>\n<td colspan=\"2\" width=\"647\"><strong>10\/05\/2026 <\/strong><\/p>\n<p><strong>VI Niedziela Wielkanocna<\/strong><\/td>\n<\/tr>\n<tr>\n<td width=\"85\"><strong>08:00<\/strong><\/td>\n<td width=\"562\">1.\u00a0\u00a0\u00a0\u00a0 + Anna i Kazimierz<\/p>\n<p>2.\u00a0\u00a0\u00a0\u00a0 + Agnieszka Niemczyk &#8211; gregoria\u0144ska<\/td>\n<\/tr>\n<tr>\n<td width=\"85\"><strong>10:00<\/strong><\/td>\n<td width=\"562\">W intencji parafii<\/td>\n<\/tr>\n<tr>\n<td width=\"85\"><strong>11:30<\/strong><\/td>\n<td width=\"562\">+ M\u0105\u017c Jan, Marianna i Wincenty oraz zmarli z rodzin Kili\u0144skich, Stenka oraz Przemys\u0142aw<\/td>\n<\/tr>\n<tr>\n<td width=\"85\"><strong>13:00<\/strong><\/td>\n<td width=\"562\">W intencji nowoochrzczonych<\/td>\n<\/tr>\n<tr>\n<td width=\"85\"><strong>18:30<\/strong><\/td>\n<td width=\"562\">+ Gerard Wejher w 9 rocz. \u015bmierci<\/td>\n<\/tr>\n<tr>\n<td width=\"85\"><strong>20:00DK<\/strong><\/td>\n<td width=\"562\">+ Henryk, Walentyna i Maksymilian Chyrek<\/td>\n<\/tr>\n<\/tbody>\n<\/table>\n","protected":false},"excerpt":{"rendered":"<p>04\/05\/2026 Poniedzia\u0142ek 08:00 1.\u00a0\u00a0\u00a0\u00a0 + Bo\u017cena w 5 rocz. \u015bmierci, Sylwester, Zofia i Antoni oraz zmarli z rodziny Dachnowskich i Zaj\u0105c\u00f3w 2.\u00a0\u00a0\u00a0\u00a0 + Agnieszka Niemczyk &#8211; gregoria\u0144ska 18:30 1.\u00a0\u00a0\u00a0\u00a0 W intencji wsp\u00f3lnoty SYCHAR o dary Ducha \u015awi\u0119tego dla ma\u0142\u017conk\u00f3w i opiek\u0119 Naj\u015bwi\u0119tszej Maryi Panny i \u015bw. Miko\u0142aja 2.\u00a0\u00a0\u00a0\u00a0 Dzi\u0119kczynno-b\u0142agalna w 40 rocz. urodzin S\u0142awomira\u00a0 z [&hellip;]<\/p>\n","protected":false},"author":6,"featured_media":0,"comment_status":"closed","ping_status":"closed","sticky":false,"template":"","format":"standard","meta":{"footnotes":""},"categories":[10],"tags":[],"publishpress_future_action":{"enabled":false,"date":"1970-01-01 01:00:00","action":"","terms":[],"taxonomy":"","browser_timezone_offset":0},"_links":{"self":[{"href":"https:\/\/swmikolaj.org\/index.php\/wp-json\/wp\/v2\/posts\/167585"}],"collection":[{"href":"https:\/\/swmikolaj.org\/index.php\/wp-json\/wp\/v2\/posts"}],"about":[{"href":"https:\/\/swmikolaj.org\/index.php\/wp-json\/wp\/v2\/types\/post"}],"author":[{"embeddable":true,"href":"https:\/\/swmikolaj.org\/index.php\/wp-json\/wp\/v2\/users\/6"}],"replies":[{"embeddable":true,"href":"https:\/\/swmikolaj.org\/index.php\/wp-json\/wp\/v2\/comments?post=167585"}],"version-history":[{"count":1,"href":"https:\/\/swmikolaj.org\/index.php\/wp-json\/wp\/v2\/posts\/167585\/revisions"}],"predecessor-version":[{"id":167586,"href":"https:\/\/swmikolaj.org\/index.php\/wp-json\/wp\/v2\/posts\/167585\/revisions\/167586"}],"wp:attachment":[{"href":"https:\/\/swmikolaj.org\/index.php\/wp-json\/wp\/v2\/media?parent=167585"}],"wp:term":[{"taxonomy":"category","embeddable":true,"href":"https:\/\/swmikolaj.org\/index.php\/wp-json\/wp\/v2\/categories?post=167585"},{"taxonomy":"post_tag","embeddable":true,"href":"https:\/\/swmikolaj.org\/index.php\/wp-json\/wp\/v2\/tags?post=167585"}],"curies":[{"name":"wp","href":"https:\/\/api.w.org\/{rel}","templated":true}]}}